{"id":206963,"date":"2025-06-26T23:21:10","date_gmt":"2025-06-26T23:21:10","guid":{"rendered":"https:\/\/www.europesays.com\/fr\/206963\/"},"modified":"2025-06-26T23:21:10","modified_gmt":"2025-06-26T23:21:10","slug":"pres-de-rennes-une-entreprise-dobjets-precieux-qui-prend-du-poids-3","status":"publish","type":"post","link":"https:\/\/www.europesays.com\/fr\/206963\/","title":{"rendered":"Pr\u00e8s de Rennes, une entreprise d\u2019objets pr\u00e9cieux qui prend du poids"},"content":{"rendered":"<p>Les bureaux et l\u2019atelier de la soci\u00e9t\u00e9 Mon Petit poids sont install\u00e9s discr\u00e8tement dans le centre de la commune.<\/p>\n<p>Depuis sa cr\u00e9ation en 2016, l\u2019entreprise a fait du chemin en d\u00e9clinant un poids de 4\u00a0grammes en collier, bracelet ou bouton de manchette, un poids comme celui qu\u2019on trouvait avec les anciennes balances sauf que celui-ci est plaqu\u00e9 or ou en or massif et toujours personnalis\u00e9.<\/p>\n<p>Avec un fondeur de cloches<\/p>\n<p>L\u2019id\u00e9e est n\u00e9e en 2014\u2026 Sarah Ligot qui travaille dans une agence de communication entend offrir \u00e0 sa ni\u00e8ce qui vient de na\u00eetre, un cadeau personnalis\u00e9 dont elle ne pourra jamais se s\u00e9parer. Elle imagine alors un poids en laiton qui p\u00e8serait son poids de naissance et serait personnalis\u00e9 avec son pr\u00e9nom et son poids. Elle en parle \u00e0 <a href=\"https:\/\/granville.maville.com\/actu\/actudet_-stephane-mouton-natif-de-villedieu-les-poeles-met-l-art-au-service-des-cloches_10-4196138_actu.Htm\" target=\"_self\" rel=\"nofollow noopener\">St\u00e9phane Mouton, un ami fondeur de cloches<\/a> \u00e0 Villedieu-les-Po\u00eales (50), qui l\u2019aide \u00e0 concr\u00e9tiser son projet.<\/p>\n<p>Le jour du bapt\u00eame de Lou, le cadeau fait son effet\u00a0: un poids de 3, 110\u00a0kg. \u00a0J\u2019ai senti beaucoup d\u2019\u00e9motion dans la famille. Je me suis dit que cette id\u00e9e pouvait peut-\u00eatre int\u00e9resser d\u2019autres personnes\u00a0\u00bb, explique Sarah Ligot qui cr\u00e9e deux ans plus tard son entreprise qui propose aujourd\u2019hui ce fameux poids personnalis\u00e9 au poids de l\u2019enfant qu\u2019elle nomme l\u2019objet pr\u00e9cieux. Il est fabriqu\u00e9 \u00e0 Vitr\u00e9 par une entreprise de m\u00e9canique de pr\u00e9cision, puis grav\u00e9 dans un atelier parisien qui travaille dans l\u2019univers du luxe.<\/p>\n<p>\u00a0Pour que mon id\u00e9e soit accessible pour un maximum de personnes, nous avons cr\u00e9\u00e9 Mon Petit poids, un poids de 4\u00a0grammes en plaqu\u00e9 or ou en or massif que nous personnalisons \u00e0 la demande. Ce bijou est fabriqu\u00e9 en Haute-Savoie et dans le Doubs et personnalis\u00e9 et finalis\u00e9 \u00e0 Bruz. Nous sommes \u00e9quip\u00e9s d\u2019une machine laser pour le graver.\u00a0<\/p>\n<p>Si la naissance est le c\u0153ur de cible de l\u2019entreprise, les bijoux sont \u00e9galement offerts pour les mariages, anniversaires ou autres occasions.<\/p>\n<p>\u00a0Chaque message \u00e0 graver raconte une histoire. Des histoires joyeuses, comme les coordonn\u00e9es GPS du lieu d\u2019une rencontre amoureuse ou des souvenirs douloureux. Il nous arrive par exemple de graver sur un bijou, un pr\u00e9nom, une date et une colombe. On comprend alors qu\u2019il s\u2019agit d\u2019un enfant d\u00e9c\u00e9d\u00e9 peu de temps apr\u00e8s sa naissance. Toute l\u2019\u00e9quipe est marqu\u00e9e par ces moments\u00a0\u00bb, confie la cr\u00e9atrice qui emploie cinq\u00a0personnes.<\/p>\n<p>Environ 10\u00a0000\u00a0commandes sont r\u00e9alis\u00e9es chaque ann\u00e9e via le site internet et dans un r\u00e9seau de revendeurs au niveau national comme <a href=\"https:\/\/rennes.maville.com\/actu\/actudet_-bruz.-koko-un-concept-store-a-l-affut-des-tendances-_7-6317327_actu.Htm\" target=\"_self\" rel=\"nofollow noopener\">Koko concept store \u00e0 Bruz<\/a>.<\/p>\n<p><strong>Contact\u00a0: <\/strong>monpetitpoids.fr<\/p>\n<p>\u00a0<\/p>\n","protected":false},"excerpt":{"rendered":"Les bureaux et l\u2019atelier de la soci\u00e9t\u00e9 Mon Petit poids sont install\u00e9s discr\u00e8tement dans le centre de la&hellip;\n","protected":false},"author":2,"featured_media":206842,"comment_status":"","ping_status":"","sticky":false,"template":"","format":"standard","meta":{"footnotes":""},"categories":[2821],"tags":[1111,11,829,257,1777,674,1011,27,12,1967,5401,34578,6020,3762,3086,584,25],"class_list":{"0":"post-206963","1":"post","2":"type-post","3":"status-publish","4":"format-standard","5":"has-post-thumbnail","7":"category-rennes","8":"tag-actu","9":"tag-actualites","10":"tag-bretagne","11":"tag-entreprise","12":"tag-eu","13":"tag-europe","14":"tag-fr","15":"tag-france","16":"tag-news","17":"tag-objets","18":"tag-poids","19":"tag-precieux","20":"tag-prend","21":"tag-pres","22":"tag-redon","23":"tag-rennes","24":"tag-republique-francaise"},"share_on_mastodon":{"url":"https:\/\/pubeurope.com\/@fr\/114752237320026915","error":""},"_links":{"self":[{"href":"https:\/\/www.europesays.com\/fr\/wp-json\/wp\/v2\/posts\/206963","targetHints":{"allow":["GET"]}}],"collection":[{"href":"https:\/\/www.europesays.com\/fr\/wp-json\/wp\/v2\/posts"}],"about":[{"href":"https:\/\/www.europesays.com\/fr\/wp-json\/wp\/v2\/types\/post"}],"author":[{"embeddable":true,"href":"https:\/\/www.europesays.com\/fr\/wp-json\/wp\/v2\/users\/2"}],"replies":[{"embeddable":true,"href":"https:\/\/www.europesays.com\/fr\/wp-json\/wp\/v2\/comments?post=206963"}],"version-history":[{"count":0,"href":"https:\/\/www.europesays.com\/fr\/wp-json\/wp\/v2\/posts\/206963\/revisions"}],"wp:featuredmedia":[{"embeddable":true,"href":"https:\/\/www.europesays.com\/fr\/wp-json\/wp\/v2\/media\/206842"}],"wp:attachment":[{"href":"https:\/\/www.europesays.com\/fr\/wp-json\/wp\/v2\/media?parent=206963"}],"wp:term":[{"taxonomy":"category","embeddable":true,"href":"https:\/\/www.europesays.com\/fr\/wp-json\/wp\/v2\/categories?post=206963"},{"taxonomy":"post_tag","embeddable":true,"href":"https:\/\/www.europesays.com\/fr\/wp-json\/wp\/v2\/tags?post=206963"}],"curies":[{"name":"wp","href":"https:\/\/api.w.org\/{rel}","templated":true}]}}