{"id":206966,"date":"2025-06-26T23:23:28","date_gmt":"2025-06-26T23:23:28","guid":{"rendered":"https:\/\/www.europesays.com\/fr\/206966\/"},"modified":"2025-06-26T23:23:28","modified_gmt":"2025-06-26T23:23:28","slug":"diplomatie-a-strasbourg-zelensky-a-defendu-des-liens-forts-avec-trump","status":"publish","type":"post","link":"https:\/\/www.europesays.com\/fr\/206966\/","title":{"rendered":"Diplomatie. \u00c0 Strasbourg, Zelensky a d\u00e9fendu \u00ab des liens forts avec Trump \u00bb"},"content":{"rendered":"<p>Avoir un pass\u00e9 d\u2019humoriste rend capable de produire prouesses dans des moments inattendus. Tard, <a href=\"https:\/\/www.lalsace.fr\/politique\/2025\/06\/25\/strasbourg-et-le-conseil-de-l-europe-se-preparent-a-accueillir-volodymyr-zelensky\" target=\"_blank\" rel=\"nofollow noopener\">tr\u00e8s tard, mercredi soir \u00e0 Strasbourg<\/a>, <a href=\"https:\/\/www.lalsace.fr\/p\/volodymyr-zelensky\" target=\"_blank\" rel=\"nofollow noopener\">Volodymyr Zelensky<\/a>, qui sortait d\u2019une succession de rendez-vous au <a href=\"https:\/\/www.lalsace.fr\/defense-guerre-conflit\/2025\/06\/25\/sommet-de-l-otan-a-la-haye-unite-affichee-hausse-des-depenses-militaires-quel-bilan\" target=\"_blank\" rel=\"nofollow noopener\">sommet de l\u2019Otan<\/a> (<a href=\"https:\/\/www.lalsace.fr\/defense-guerre-conflit\/2025\/06\/25\/treve-bonne-rencontre-ce-que-zelensky-et-trump-se-sont-dits-lors-de-leur-reunion-a-l-otan\" target=\"_blank\" rel=\"nofollow noopener\">y compris avec Donald Trump<\/a>) et dont on sait le quotidien \u00e9puisant depuis plus de trois ans, est parvenu \u00e0 \u00eatre celui qui fait rire et encourage son auditoire.<\/p>\n<p>Dans l\u2019h\u00e9micycle vibrant comme rarement du Conseil de l\u2019Europe, lors d\u2019une s\u00e9ance de questions-r\u00e9ponses tr\u00e8s enlev\u00e9e avec les parlementaires des 46 \u00c9tats membres, le pr\u00e9sident ukrainien a appel\u00e9 les Europ\u00e9ens \u00e0 se mobiliser pleinement. Pour soutenir l\u2019Ukraine alors que le conflit s\u2019intensifie encore, \u00e9videmment. Mais aussi et surtout pour se pr\u00e9server eux-m\u00eames : \u00ab Ne perdons pas notre unit\u00e9. Notre continent est celui de la v\u00e9ritable humanit\u00e9, de la v\u00e9ritable paix. Si Poutine r\u00e9ussit \u00e0 diviser l\u2019Europe alors il l\u2019occupera, il d\u00e9truira nos valeurs et nos pays. L\u2019Ukraine n\u2019est pas la seule en jeu. \u00bb<\/p>\n<p>  36 ans apr\u00e8s Gorbatchev, au m\u00eame endroit<\/p>\n<p>Dans ce m\u00eame h\u00e9micycle, en juillet 1989, celui qui deviendra le dernier dirigeant sovi\u00e9tique, Mikha\u00efl Gorbatchev, appelait l\u2019Ouest \u00e0 construire avec l\u2019Est une \u00ab maison commune europ\u00e9enne \u00bb. 36 ans apr\u00e8s ce discours symbole du d\u00e9but de la fin de la Guerre froide, <a href=\"https:\/\/www.lalsace.fr\/defense-guerre-conflit\/2025\/06\/25\/volodymyr-zelensky-a-strasbourg-pour-mener-la-guerre-legale\" target=\"_blank\" rel=\"nofollow noopener\">la visite de Zelensky \u00e0 Strasbourg pour cr\u00e9er un tribunal sp\u00e9cial<\/a> pour juger Poutine et ses adjoints est venue acter symboliquement la destruction de cette \u00ab maison \u00bb.<\/p>\n<p>Quelques heures apr\u00e8s sa rencontre avec <a href=\"https:\/\/www.lalsace.fr\/p\/donald-trump\" target=\"_blank\" rel=\"nofollow noopener\">Donald Trump<\/a>, Zelensky a toutefois pris soin d\u2019\u00e9viter que d\u2019autres fissures ne s\u2019aggravent : \u00ab Nous avons besoin d\u2019\u00e9tablir des liens forts avec Donald Trump. Il faut l\u2019unit\u00e9 de l\u2019Europe avec les \u00c9tats-Unis. \u00bb Mais ces derniers, en mars dernier, se sont retir\u00e9s du groupe d\u2019experts sur la cr\u00e9ation du tribunal sp\u00e9cial\u2026<\/p>\n","protected":false},"excerpt":{"rendered":"Avoir un pass\u00e9 d\u2019humoriste rend capable de produire prouesses dans des moments inattendus. Tard, tr\u00e8s tard, mercredi soir&hellip;\n","protected":false},"author":2,"featured_media":206967,"comment_status":"","ping_status":"","sticky":false,"template":"","format":"standard","meta":{"footnotes":""},"categories":[2820],"tags":[1111,11,2389,3206,1777,674,107,1011,27,775,12,316,25,640,220],"class_list":{"0":"post-206966","1":"post","2":"type-post","3":"status-publish","4":"format-standard","5":"has-post-thumbnail","7":"category-strasbourg","8":"tag-actu","9":"tag-actualites","10":"tag-alsace","11":"tag-defense-guerre-conflit","12":"tag-eu","13":"tag-europe","14":"tag-fil-info","15":"tag-fr","16":"tag-france","17":"tag-grand-est","18":"tag-news","19":"tag-politique","20":"tag-republique-francaise","21":"tag-strasbourg","22":"tag-ukraine"},"share_on_mastodon":{"url":"https:\/\/pubeurope.com\/@fr\/114752245414238750","error":""},"_links":{"self":[{"href":"https:\/\/www.europesays.com\/fr\/wp-json\/wp\/v2\/posts\/206966","targetHints":{"allow":["GET"]}}],"collection":[{"href":"https:\/\/www.europesays.com\/fr\/wp-json\/wp\/v2\/posts"}],"about":[{"href":"https:\/\/www.europesays.com\/fr\/wp-json\/wp\/v2\/types\/post"}],"author":[{"embeddable":true,"href":"https:\/\/www.europesays.com\/fr\/wp-json\/wp\/v2\/users\/2"}],"replies":[{"embeddable":true,"href":"https:\/\/www.europesays.com\/fr\/wp-json\/wp\/v2\/comments?post=206966"}],"version-history":[{"count":0,"href":"https:\/\/www.europesays.com\/fr\/wp-json\/wp\/v2\/posts\/206966\/revisions"}],"wp:featuredmedia":[{"embeddable":true,"href":"https:\/\/www.europesays.com\/fr\/wp-json\/wp\/v2\/media\/206967"}],"wp:attachment":[{"href":"https:\/\/www.europesays.com\/fr\/wp-json\/wp\/v2\/media?parent=206966"}],"wp:term":[{"taxonomy":"category","embeddable":true,"href":"https:\/\/www.europesays.com\/fr\/wp-json\/wp\/v2\/categories?post=206966"},{"taxonomy":"post_tag","embeddable":true,"href":"https:\/\/www.europesays.com\/fr\/wp-json\/wp\/v2\/tags?post=206966"}],"curies":[{"name":"wp","href":"https:\/\/api.w.org\/{rel}","templated":true}]}}