{"id":206973,"date":"2025-06-26T23:27:15","date_gmt":"2025-06-26T23:27:15","guid":{"rendered":"https:\/\/www.europesays.com\/fr\/206973\/"},"modified":"2025-06-26T23:27:15","modified_gmt":"2025-06-26T23:27:15","slug":"angers-nantes-opera-assure-la-saison-2025-26-2","status":"publish","type":"post","link":"https:\/\/www.europesays.com\/fr\/206973\/","title":{"rendered":"Angers Nantes Op\u00e9ra assure la saison 2025\/26"},"content":{"rendered":"<p>La prochaine saison de l\u2019Op\u00e9ra, la derni\u00e8re programm\u00e9e par Alain Surrans, se devait d\u2019\u00eatre exceptionnelle. Mais dans le contexte \u00e9conomique actuel\u00a0: suppression brutale des subventions de la r\u00e9gion, baisse de l\u2019aide du d\u00e9partement, inflation\u2026 on pouvait se demander si la maison lyrique allait pouvoir continuer \u00e0 assurer son r\u00f4le de service public.<\/p>\n<p>La programmation reste quant \u00e0 elle aussi prometteuse qu\u2019\u00e9clectique<\/p>\n<p>M\u00eame si ces turbulences financi\u00e8res auront un impact certain, entre suppressions de concerts, augmentations raisonn\u00e9es des places les plus ch\u00e8res et diminution du nombre de repr\u00e9sentation (60\u00a0levers de rideau contre 72\u00a0la saison derni\u00e8re), la programmation reste quant \u00e0 elle aussi prometteuse qu\u2019\u00e9clectique. <br \/>Op\u00e9ra s\u00e9ria, op\u00e9ra-comique voire m\u00eame vid\u00e9o op\u00e9ra\u2026 c\u2019est une fois de plus l\u2019art lyrique dans tous ses \u00e9tats, ou presque, que promet cette saison.<\/p>\n<p>Un bain de fra\u00eecheur avec Cendrillon<\/p>\n<p>C\u2019est \u00e0 l\u2019Espagne et \u00e0 sa magie que revient\u00a0l\u2019honneur d\u2019ouvrir la f\u00eate. L\u2019amour sorcier et La vie br\u00e8ve de Manuel de Falla emm\u00e8neront le spectateur, d\u00e8s novembre, loin des espagnolades d\u2019un Bizet ou d\u2019un Ravel. Flamencos des plus authentiques et passions incandescentes nourrissent\u00a0en effet ces deux \u0153uvres majeures du ma\u00eetre andalou.<\/p>\n<p>En novembre les gitans c\u00e9deront la place aux dieux de l\u2019Olympe. La Calisto, du v\u00e9nitien Francesco Cavalli, conte en effet les infortunes d\u2019une innocente nymphe aux prises avec un Jupiter aussi cruel que concupiscent. En janvier\u00a02026 on oubliera ces frasques divines pour se plonger dans un bain fra\u00eecheur avec le Cendrillon de Pauline Viardot. <br \/>Un op\u00e9ra de salon exaltant avec d\u00e9licatesse toute la fantaisie de Perrault. Apr\u00e8s un Lucia di Lammermoor annonc\u00e9 comme aussi sombre que baroque, le mois de mai proposera un autre \u00e9v\u00e9nement\u00a0: la cr\u00e9ation de Solaris. Un vid\u00e9o op\u00e9ra s\u2019inspirant du classique de la science-fiction de Stanislaw Lem. Othman Louati \u00e0 la partition, l\u2019artiste num\u00e9rique Jacques Perconte aux images\u2026<\/p>\n<p>La saison se terminera cependant sur un \u00e9clat de rire avec le tr\u00e8s irr\u00e9v\u00e9rencieux et m\u00e9connu Robinson Cruso\u00e9 d\u2019Offenbach, avant le passage des cl\u00e9s d\u2019Angers Nantes Op\u00e9ra d\u2019Alain Surrans \u00e0 Alexandra Lacroix.<\/p>\n<p>Angers Nantes Op\u00e9ra\u00a0: saison 25\/26. R\u00e9servations ouvertes. Billetterie accessible sur angers-nantes-opera.com, au guichet ou par t\u00e9l\u00e9phone au 0240697718<\/p>\n<p>\u00a0<\/p>\n","protected":false},"excerpt":{"rendered":"La prochaine saison de l\u2019Op\u00e9ra, la derni\u00e8re programm\u00e9e par Alain Surrans, se devait d\u2019\u00eatre exceptionnelle. Mais dans le&hellip;\n","protected":false},"author":2,"featured_media":206853,"comment_status":"","ping_status":"","sticky":false,"template":"","format":"standard","meta":{"footnotes":""},"categories":[2818],"tags":[17,3269,1111,11,1438,3529,1777,674,1011,27,766,12,7165,2636,25,3272,3242],"class_list":{"0":"post-206973","1":"post","2":"type-post","3":"status-publish","4":"format-standard","5":"has-post-thumbnail","7":"category-nantes","8":"tag-17","9":"tag-3269","10":"tag-actu","11":"tag-actualites","12":"tag-angers","13":"tag-assure","14":"tag-eu","15":"tag-europe","16":"tag-fr","17":"tag-france","18":"tag-nantes","19":"tag-news","20":"tag-opera","21":"tag-pays-de-la-loire","22":"tag-republique-francaise","23":"tag-saint-nazaire","24":"tag-saison"},"share_on_mastodon":{"url":"https:\/\/pubeurope.com\/@fr\/114752260921681564","error":""},"_links":{"self":[{"href":"https:\/\/www.europesays.com\/fr\/wp-json\/wp\/v2\/posts\/206973","targetHints":{"allow":["GET"]}}],"collection":[{"href":"https:\/\/www.europesays.com\/fr\/wp-json\/wp\/v2\/posts"}],"about":[{"href":"https:\/\/www.europesays.com\/fr\/wp-json\/wp\/v2\/types\/post"}],"author":[{"embeddable":true,"href":"https:\/\/www.europesays.com\/fr\/wp-json\/wp\/v2\/users\/2"}],"replies":[{"embeddable":true,"href":"https:\/\/www.europesays.com\/fr\/wp-json\/wp\/v2\/comments?post=206973"}],"version-history":[{"count":0,"href":"https:\/\/www.europesays.com\/fr\/wp-json\/wp\/v2\/posts\/206973\/revisions"}],"wp:featuredmedia":[{"embeddable":true,"href":"https:\/\/www.europesays.com\/fr\/wp-json\/wp\/v2\/media\/206853"}],"wp:attachment":[{"href":"https:\/\/www.europesays.com\/fr\/wp-json\/wp\/v2\/media?parent=206973"}],"wp:term":[{"taxonomy":"category","embeddable":true,"href":"https:\/\/www.europesays.com\/fr\/wp-json\/wp\/v2\/categories?post=206973"},{"taxonomy":"post_tag","embeddable":true,"href":"https:\/\/www.europesays.com\/fr\/wp-json\/wp\/v2\/tags?post=206973"}],"curies":[{"name":"wp","href":"https:\/\/api.w.org\/{rel}","templated":true}]}}