{"id":206980,"date":"2025-06-26T23:31:11","date_gmt":"2025-06-26T23:31:11","guid":{"rendered":"https:\/\/www.europesays.com\/fr\/206980\/"},"modified":"2025-06-26T23:31:11","modified_gmt":"2025-06-26T23:31:11","slug":"previsions-du-vendredi-27-juin-2025-2","status":"publish","type":"post","link":"https:\/\/www.europesays.com\/fr\/206980\/","title":{"rendered":"pr\u00e9visions du vendredi 27 juin 2025"},"content":{"rendered":"<p>Un bel ensoleillement est attendu aujourd&rsquo;hui \u00e0 Toulouse. Les maximales iront jusqu&rsquo;\u00e0 32\u00b0C tandis que les minimales seront de 16\u00b0C. Un vent de nord-ouest soufflera l\u00e9g\u00e8rement. Les temp\u00e9ratures vont enregistrer une augmentation de plusieurs degr\u00e9s dans l&rsquo;apr\u00e8s-midi. Les valeurs \u00e9volueront entre 30 et 32\u2009\u00b0C. Les grosses chaleurs sont pr\u00e9sentes. Avec des valeurs \u00e9chelonn\u00e9es entre 25 et 31\u00b0C. Durant la nuit de vendredi \u00e0 samedi, le ciel sera d\u00e9pourvu de nuages.<\/p>\n<p>Demain, les Toulousains vont pouvoir profiter d&rsquo;un soleil radieux. Le temps va se r\u00e9chauffer avec une hausse de quelques degr\u00e9s. De tr\u00e8s fortes chaleurs (entre 19\u00b0C et 36\u00b0C) sont attendues. Les temp\u00e9ratures s&rsquo;\u00e9chelonneront entre 19 et 36\u00b0C. La ville va p\u00e2tir d&rsquo;importantes chaleurs avec des valeurs qui pourraient grimper \u00e0 33\u00b0C le matin. Une petite brise de nord-ouest soufflera. Une m\u00e9t\u00e9o plus chaude est pr\u00e9vue demain apr\u00e8s-midi puisque les temp\u00e9ratures vont conna\u00eetre une augmentation. Les valeurs maximums annonc\u00e9es sont \u00e9lev\u00e9es, avec 36\u00b0C. La ville va subir, demain soir, une vague de grosses chaleurs avec des valeurs qui rejoindront parfois les 34\u00b0C. Un vent de nord-ouest rafra\u00eechira l\u00e9g\u00e8rement l&rsquo;atmosph\u00e8re.<\/p>\n<p>Peu de changements au fil des jours. Le temps sera ensoleill\u00e9 avec des temp\u00e9ratures avoisinant 39\u00b0C.<\/p>\n<p>Il est indispensable de veiller \u00e0 s&rsquo;hydrater correctement en p\u00e9riode de fortes chaleurs. Prenez soin de proposer \u00e0 boire aux enfants en bas \u00e2ge et aux personnes \u00e2g\u00e9es. Un brumisateur sera aussi votre alli\u00e9 durant ces fortes chaleurs !<\/p>\n","protected":false},"excerpt":{"rendered":"Un bel ensoleillement est attendu aujourd&rsquo;hui \u00e0 Toulouse. Les maximales iront jusqu&rsquo;\u00e0 32\u00b0C tandis que les minimales seront&hellip;\n","protected":false},"author":2,"featured_media":206981,"comment_status":"","ping_status":"","sticky":false,"template":"","format":"standard","meta":{"footnotes":""},"categories":[2816],"tags":[1111,11,1777,674,1011,27,2722,2721,12,2680,2119,25,2312],"class_list":{"0":"post-206980","1":"post","2":"type-post","3":"status-publish","4":"format-standard","5":"has-post-thumbnail","7":"category-toulouse","8":"tag-actu","9":"tag-actualites","10":"tag-eu","11":"tag-europe","12":"tag-fr","13":"tag-france","14":"tag-haute-garonne","15":"tag-midi-pyrenees","16":"tag-news","17":"tag-occitanie","18":"tag-previsions-meteo","19":"tag-republique-francaise","20":"tag-toulouse"},"share_on_mastodon":{"url":"https:\/\/pubeurope.com\/@fr\/114752276608922385","error":""},"_links":{"self":[{"href":"https:\/\/www.europesays.com\/fr\/wp-json\/wp\/v2\/posts\/206980","targetHints":{"allow":["GET"]}}],"collection":[{"href":"https:\/\/www.europesays.com\/fr\/wp-json\/wp\/v2\/posts"}],"about":[{"href":"https:\/\/www.europesays.com\/fr\/wp-json\/wp\/v2\/types\/post"}],"author":[{"embeddable":true,"href":"https:\/\/www.europesays.com\/fr\/wp-json\/wp\/v2\/users\/2"}],"replies":[{"embeddable":true,"href":"https:\/\/www.europesays.com\/fr\/wp-json\/wp\/v2\/comments?post=206980"}],"version-history":[{"count":0,"href":"https:\/\/www.europesays.com\/fr\/wp-json\/wp\/v2\/posts\/206980\/revisions"}],"wp:featuredmedia":[{"embeddable":true,"href":"https:\/\/www.europesays.com\/fr\/wp-json\/wp\/v2\/media\/206981"}],"wp:attachment":[{"href":"https:\/\/www.europesays.com\/fr\/wp-json\/wp\/v2\/media?parent=206980"}],"wp:term":[{"taxonomy":"category","embeddable":true,"href":"https:\/\/www.europesays.com\/fr\/wp-json\/wp\/v2\/categories?post=206980"},{"taxonomy":"post_tag","embeddable":true,"href":"https:\/\/www.europesays.com\/fr\/wp-json\/wp\/v2\/tags?post=206980"}],"curies":[{"name":"wp","href":"https:\/\/api.w.org\/{rel}","templated":true}]}}