{"id":206982,"date":"2025-06-26T23:32:19","date_gmt":"2025-06-26T23:32:19","guid":{"rendered":"https:\/\/www.europesays.com\/fr\/206982\/"},"modified":"2025-06-26T23:32:19","modified_gmt":"2025-06-26T23:32:19","slug":"un-homme-de-35-ans-en-trottinette-meurt-percute-par-un-train","status":"publish","type":"post","link":"https:\/\/www.europesays.com\/fr\/206982\/","title":{"rendered":"un homme de 35 ans en trottinette meurt percut\u00e9 par un train"},"content":{"rendered":"<p class=\"fig-paragraph\">Un conducteur de trottinette \u00e2g\u00e9 de 35 ans est d\u00e9c\u00e9d\u00e9 jeudi apr\u00e8s avoir \u00e9t\u00e9 heurt\u00e9 par un train de voyageurs \u00e0\u00a0<a href=\"https:\/\/www.lefigaro.fr\/tag\/toulouse\" target=\"_blank\" rel=\"noopener\" data-gtm-custom-categorie=\"navigation\" data-gtm-custom-action=\"crossclick\" data-gtm-custom-label=\"Contextuel\" data-gtm-event=\"customEventSPE\">Toulouse<\/a>, ont indiqu\u00e9 les pompiers. L&rsquo;homme a \u00e9t\u00e9 heurt\u00e9 par un TER \u00e0 hauteur d&rsquo;un passage \u00e0 niveau au sud de la ville, selon les pompiers, qui ont \u00e9t\u00e9 mobilis\u00e9s \u00abpour une intervention impliquant une trottinette et un TER\u00bb, en d\u00e9but d&rsquo;apr\u00e8s-midi.<\/p>\n<p class=\"fig-paragraph\">\u00abLa conductrice du train a vu le pilote de la trottinette franchir le passage \u00e0 niveau, qui \u00e9tait ferm\u00e9, en chicane. Il a regard\u00e9 le train arriver, s\u2019est dit qu\u2019il avait le temps de passer et il a acc\u00e9l\u00e9r\u00e9\u00bb, a indiqu\u00e9 \u00e0 l\u2019AFP le porte-parole de la SNCF.<\/p>\n<p class=\"fig-paragraph\">Les 39 personnes qui se trouvaient \u00e0 bord du train ont eu pour consigne de sortir des rames pour se rendre au quai de gare le plus proche. Le trafic, qui a \u00e9t\u00e9 interrompu sur l&rsquo;axe entre Toulouse et\u00a0<a href=\"https:\/\/www.lefigaro.fr\/tag\/auch\" target=\"_blank\" rel=\"noopener\" data-gtm-custom-categorie=\"navigation\" data-gtm-custom-action=\"crossclick\" data-gtm-custom-label=\"Contextuel\" data-gtm-event=\"customEventSPE\">Auch<\/a>, reprend progressivement en fin de journ\u00e9e, a indiqu\u00e9 sur X liO Train SNCF Occitanie. Une enqu\u00eate de police est en cours, selon les pompiers.<\/p>\n","protected":false},"excerpt":{"rendered":"Un conducteur de trottinette \u00e2g\u00e9 de 35 ans est d\u00e9c\u00e9d\u00e9 jeudi apr\u00e8s avoir \u00e9t\u00e9 heurt\u00e9 par un train&hellip;\n","protected":false},"author":2,"featured_media":206983,"comment_status":"","ping_status":"","sticky":false,"template":"","format":"standard","meta":{"footnotes":""},"categories":[2816],"tags":[1111,47,11,1109,1112,1777,674,118,1108,107,1106,1107,1011,27,1110,1114,14,12,1113,2680,316,25,2312,926,7103],"class_list":{"0":"post-206982","1":"post","2":"type-post","3":"status-publish","4":"format-standard","5":"has-post-thumbnail","7":"category-toulouse","8":"tag-actu","9":"tag-actualite","10":"tag-actualites","11":"tag-breves","12":"tag-depeches","13":"tag-eu","14":"tag-europe","15":"tag-faits-divers","16":"tag-fil","17":"tag-fil-info","18":"tag-flash","19":"tag-flash-actu","20":"tag-fr","21":"tag-france","22":"tag-informations","23":"tag-infos","24":"tag-international","25":"tag-news","26":"tag-nouvelles","27":"tag-occitanie","28":"tag-politique","29":"tag-republique-francaise","30":"tag-toulouse","31":"tag-train","32":"tag-trottinettes-electriques"},"share_on_mastodon":{"url":"https:\/\/pubeurope.com\/@fr\/114752280535477113","error":""},"_links":{"self":[{"href":"https:\/\/www.europesays.com\/fr\/wp-json\/wp\/v2\/posts\/206982","targetHints":{"allow":["GET"]}}],"collection":[{"href":"https:\/\/www.europesays.com\/fr\/wp-json\/wp\/v2\/posts"}],"about":[{"href":"https:\/\/www.europesays.com\/fr\/wp-json\/wp\/v2\/types\/post"}],"author":[{"embeddable":true,"href":"https:\/\/www.europesays.com\/fr\/wp-json\/wp\/v2\/users\/2"}],"replies":[{"embeddable":true,"href":"https:\/\/www.europesays.com\/fr\/wp-json\/wp\/v2\/comments?post=206982"}],"version-history":[{"count":0,"href":"https:\/\/www.europesays.com\/fr\/wp-json\/wp\/v2\/posts\/206982\/revisions"}],"wp:featuredmedia":[{"embeddable":true,"href":"https:\/\/www.europesays.com\/fr\/wp-json\/wp\/v2\/media\/206983"}],"wp:attachment":[{"href":"https:\/\/www.europesays.com\/fr\/wp-json\/wp\/v2\/media?parent=206982"}],"wp:term":[{"taxonomy":"category","embeddable":true,"href":"https:\/\/www.europesays.com\/fr\/wp-json\/wp\/v2\/categories?post=206982"},{"taxonomy":"post_tag","embeddable":true,"href":"https:\/\/www.europesays.com\/fr\/wp-json\/wp\/v2\/tags?post=206982"}],"curies":[{"name":"wp","href":"https:\/\/api.w.org\/{rel}","templated":true}]}}