{"id":206984,"date":"2025-06-26T23:33:10","date_gmt":"2025-06-26T23:33:10","guid":{"rendered":"https:\/\/www.europesays.com\/fr\/206984\/"},"modified":"2025-06-26T23:33:10","modified_gmt":"2025-06-26T23:33:10","slug":"previsions-du-vendredi-27-juin-2025-3","status":"publish","type":"post","link":"https:\/\/www.europesays.com\/fr\/206984\/","title":{"rendered":"pr\u00e9visions du vendredi 27 juin 2025"},"content":{"rendered":"<p>Le soleil se fera d\u00e9sirer aujourd&rsquo;hui sur Lille, o\u00f9 de petits nuages sont bien install\u00e9s. Les valeurs s&rsquo;\u00e9chelonneront entre 14 et 26\u00b0C. Le matin, le soleil sera cach\u00e9 derri\u00e8re de petits nuages. Les temp\u00e9ratures seront de 20\u00b0C. Un vent de sud-ouest soufflera l\u00e9g\u00e8rement, avec 14 km\/h. L&rsquo;apr\u00e8s-midi va rester couvert \u00e0 cause de l\u00e9gers nuages qui perdurent dans le ciel. En revanche, les temp\u00e9ratures vont enregistrer une hausse de plusieurs degr\u00e9s. Les valeurs s&rsquo;\u00e9chelonneront de 25 \u00e0 26\u00b0C. Un vent d&rsquo;ouest soufflera \u00e0 21 km\/h. Il fera environ 22\u00b0C, le soir. On s&rsquo;attend \u00e0 une nuit claire entre vendredi et samedi.<\/p>\n<p>Un beau soleil est pr\u00e9vu demain \u00e0 Lille. C&rsquo;est une hausse de quelques degr\u00e9s que vont conna\u00eetre les temp\u00e9ratures. Ces valeurs afficheront entre 16 et 29\u00b0C. Un vent d&rsquo;ouest rafra\u00eechira l\u00e9g\u00e8rement l&rsquo;atmosph\u00e8re. Dans la matin\u00e9e, les temp\u00e9ratures seront de 24\u00b0C. Une m\u00e9t\u00e9o plus chaude est attendue demain apr\u00e8s-midi \u00e9tant donn\u00e9 que les temp\u00e9ratures vont enregistrer une l\u00e9g\u00e8re augmentation. Les valeurs seront comprises entre 28\u00b0C et 29\u00b0C.<\/p>\n<p>Les jours passent et ne changent pas. Il fera 35\u00b0C en moyenne pour des journ\u00e9es avec une m\u00e9t\u00e9o ensoleill\u00e9e.<\/p>\n<p><\/p>\n","protected":false},"excerpt":{"rendered":"Le soleil se fera d\u00e9sirer aujourd&rsquo;hui sur Lille, o\u00f9 de petits nuages sont bien install\u00e9s. Les valeurs s&rsquo;\u00e9chelonneront&hellip;\n","protected":false},"author":2,"featured_media":206985,"comment_status":"","ping_status":"","sticky":false,"template":"","format":"standard","meta":{"footnotes":""},"categories":[2815],"tags":[1111,11,1777,674,1011,27,811,1307,12,1308,1309,2119,25],"class_list":{"0":"post-206984","1":"post","2":"type-post","3":"status-publish","4":"format-standard","5":"has-post-thumbnail","7":"category-lille","8":"tag-actu","9":"tag-actualites","10":"tag-eu","11":"tag-europe","12":"tag-fr","13":"tag-france","14":"tag-hauts-de-france","15":"tag-lille","16":"tag-news","17":"tag-nord","18":"tag-nord-pas-de-calais","19":"tag-previsions-meteo","20":"tag-republique-francaise"},"share_on_mastodon":{"url":"https:\/\/pubeurope.com\/@fr\/114752284626310750","error":""},"_links":{"self":[{"href":"https:\/\/www.europesays.com\/fr\/wp-json\/wp\/v2\/posts\/206984","targetHints":{"allow":["GET"]}}],"collection":[{"href":"https:\/\/www.europesays.com\/fr\/wp-json\/wp\/v2\/posts"}],"about":[{"href":"https:\/\/www.europesays.com\/fr\/wp-json\/wp\/v2\/types\/post"}],"author":[{"embeddable":true,"href":"https:\/\/www.europesays.com\/fr\/wp-json\/wp\/v2\/users\/2"}],"replies":[{"embeddable":true,"href":"https:\/\/www.europesays.com\/fr\/wp-json\/wp\/v2\/comments?post=206984"}],"version-history":[{"count":0,"href":"https:\/\/www.europesays.com\/fr\/wp-json\/wp\/v2\/posts\/206984\/revisions"}],"wp:featuredmedia":[{"embeddable":true,"href":"https:\/\/www.europesays.com\/fr\/wp-json\/wp\/v2\/media\/206985"}],"wp:attachment":[{"href":"https:\/\/www.europesays.com\/fr\/wp-json\/wp\/v2\/media?parent=206984"}],"wp:term":[{"taxonomy":"category","embeddable":true,"href":"https:\/\/www.europesays.com\/fr\/wp-json\/wp\/v2\/categories?post=206984"},{"taxonomy":"post_tag","embeddable":true,"href":"https:\/\/www.europesays.com\/fr\/wp-json\/wp\/v2\/tags?post=206984"}],"curies":[{"name":"wp","href":"https:\/\/api.w.org\/{rel}","templated":true}]}}