{"id":206996,"date":"2025-06-26T23:40:18","date_gmt":"2025-06-26T23:40:18","guid":{"rendered":"https:\/\/www.europesays.com\/fr\/206996\/"},"modified":"2025-06-26T23:40:18","modified_gmt":"2025-06-26T23:40:18","slug":"le-renouveau-campanile-saccelere-en-ile-de-france","status":"publish","type":"post","link":"https:\/\/www.europesays.com\/fr\/206996\/","title":{"rendered":"Le renouveau Campanile s\u2019acc\u00e9l\u00e8re en \u00cele-de-France"},"content":{"rendered":"<p>Campanile s\u2019engage dans une vaste r\u00e9novation de son parc \u00e0 travers toute la France et notamment en r\u00e9gion parisienne, avec pour ambition d\u2019offrir une exp\u00e9rience client enrichie, plus lisible et adapt\u00e9e aux nouveaux usages. Chambres, fa\u00e7ades, parties communes, ext\u00e9rieurs, tous les espaces b\u00e9n\u00e9ficient d\u2019une transformation. Une douzaine d\u2019h\u00f4tels en filiale ayant d\u00e9j\u00e0 achev\u00e9 leur r\u00e9novation en \u00cele-de-France, cette dynamique se poursuit : d\u2019ici fin 2025, plus de 20 \u00e9tablissements franciliens auront ainsi \u00e9t\u00e9 r\u00e9nov\u00e9s ou revaloris\u00e9s, port\u00e9s par deux nouveaux univers d\u2019exp\u00e9rience : Campanile PRIME et Campanile NATURE.<\/p>\n<p><img loading=\"lazy\" decoding=\"async\" class=\"size-medium wp-image-85452\" src=\"https:\/\/www.europesays.com\/fr\/wp-content\/uploads\/2025\/06\/unnamed-56-300x122.png\" alt=\"Le renouveau Campanile s\u2019acc\u00e9l\u00e8re en \u00cele-de-France\" width=\"300\" height=\"122\"  \/>Le renouveau Campanile s\u2019acc\u00e9l\u00e8re en \u00cele-de-France<\/p>\n<p>Ce projet ambitieux s\u2019inscrit dans une volont\u00e9 claire : moderniser l\u2019offre h\u00f4teli\u00e8re, en tenant compte de la diversit\u00e9 des implantations, des profils de voyageurs, et des exigences en mati\u00e8re de design, de restauration mais aussi d\u2019un confort sup\u00e9rieur. Matelas plus \u00e9pais et moelleux, oreillers premium, couette 100% coton, douche relaxante et linge de bain \u00e0 la texture enveloppante\u2026<\/p>\n<p>Les premiers retours clients t\u00e9moignent d\u2019ailleurs de la r\u00e9sonance positive de cette transformation, \u00e0 l\u2019image des h\u00f4tels\u00a0<strong>Campanile PRIME \u2013 Paris La Villette<\/strong>\u00a0et\u00a0<strong>Campanile NATURE \u2013 Villennes-sur-Seine<\/strong>\u00a0dont les scores de satisfaction client s\u2019\u00e9l\u00e8vent respectivement \u00e0 hauteur de 4,27\/5 et 4,07\/5 depuis leur r\u00e9novation. Dans la continuit\u00e9 de ce plan de modernisation, la marque Campanile pr\u00e9voit ainsi la revalorisation\u00a0<strong>de pr\u00e8s de 90 \u00e9tablissements en filiale en France d\u2019ici 2028.<\/strong>\u00a0Cette dynamique suscite \u00e9galement un r\u00e9el engouement au sein du r\u00e9seau d\u2019investisseurs franchis\u00e9s du Groupe\u00a0:\u00a0<strong>15 \u00e9tablissements<\/strong>\u00a0Campanile en franchise ont d\u00e9j\u00e0 b\u00e9n\u00e9fici\u00e9 de r\u00e9novations et\u00a0<strong>29 suppl\u00e9mentaires<\/strong>\u00a0pr\u00e9voient d\u2019adopter les labels PRIME et NATURE cette ann\u00e9e.<\/p>\n<p><img loading=\"lazy\" decoding=\"async\" class=\"size-medium wp-image-85453\" src=\"https:\/\/www.europesays.com\/fr\/wp-content\/uploads\/2025\/06\/unnamed-57-300x95.png\" alt=\"Le renouveau Campanile s\u2019acc\u00e9l\u00e8re en \u00cele-de-France\" width=\"300\" height=\"95\"  \/>Le renouveau Campanile s\u2019acc\u00e9l\u00e8re en \u00cele-de-France<br \/>\nCampanile PRIME : modernit\u00e9, confort et vie citadine<\/p>\n<p>Pens\u00e9s pour les voyageurs en qu\u00eate d\u2019exp\u00e9riences citadines, les h\u00f4tels Campanile PRIME sont situ\u00e9s principalement en zones urbaines ou en p\u00e9riph\u00e9rie proche.\u00a0Leur design contemporain et cosy, associ\u00e9 \u00e0 des espaces communs pens\u00e9s pour la convivialit\u00e9, cr\u00e9e une atmosph\u00e8re chaleureuse \u00e0 laquelle s\u2019ajoutent de nouveaux \u00e9quipements modernes tels que des salles de fitness enti\u00e8rement \u00e9quip\u00e9es ou des kits Fitness disponibles en chambres comprenant halt\u00e8res, \u00e9lastiques, tapis de sol et acc\u00e8s \u00e0 l\u2019application Decathlon Coach.<\/p>\n<p>Les h\u00f4tels Campanile PRIME\u00a0r\u00e9nov\u00e9s :<\/p>\n<ul>\n<li>Campanile PRIME \u2013 Paris La Villette, 75019 \u2013 208 chambres<\/li>\n<li>Campanile PRIME \u2013 Paris Ouest Boulogne, 92100 \u2013 55 chambres<\/li>\n<li>Campanile PRIME \u2013 Marne la Vall\u00e9e Torcy, 77200 \u2013 164 chambres<\/li>\n<li>Campanile PRIME \u2013 Paris Ouest Porte de Champerret Levallois, 92300 \u2013 58 chambres<\/li>\n<li>Campanile PRIME \u2013 Paris 15 Tour Eiffel, 75015 \u2013 72 chambres<\/li>\n<li>Campanile PRIME \u2013 Rungis Orly, 94550 \u2013 84 chambres<\/li>\n<\/ul>\n<p>Les h\u00f4tels Campanile PRIME prochainement r\u00e9nov\u00e9s\u00a0:<\/p>\n<ul>\n<li>Campanile PRIME \u2013 Paris Sud Porte d\u2019Italie, 94270 \u2013 155 chambres<\/li>\n<li>Campanile PRIME \u2013 Paris Sud Porte d\u2019Orl\u00e9ans Arcueil, 94110 \u2013 85 chambres<\/li>\n<li>Campanile PRIME \u2013 Nanterre, 92000 \u2013 83 chambres<\/li>\n<li>Campanile PRIME \u2013 Paris Ouest Pont de Suresnes, 92150 \u2013 143 chambres<\/li>\n<li>Campanile PRIME \u2013 H\u00f4tel &amp; R\u00e9sidence Le Blanc-Mesnil, 93150 \u2013 243 chambres<\/li>\n<li>Campanile PRIME \u2013 Paris Est Pantin, 93500 \u2013 130 chambres<\/li>\n<li>Campanile PRIME \u2013 Argenteuil, 95100 \u2013 104 chambres<\/li>\n<\/ul>\n<p>Campanile PRIME \u2013 Marne la Vall\u00e9e Bussy-Saint-Georges, 77600 \u2013 97 chambres<\/p>\n<p>Campanile NATURE : le charme authentique et la d\u00e9connexion au vert<\/p>\n<p>Les h\u00f4tels Campanile NATURE rendent hommage \u00e0 l\u2019histoire de la marque, avec leurs b\u00e2timents de type \u00ab\u00a0motel \u00e0 coursives ext\u00e9rieures\u00a0\u00bb, d\u00e9sormais r\u00e9enchant\u00e9s gr\u00e2ce \u00e0 des am\u00e9nagements paysagers favorisant la d\u00e9tente et les activit\u00e9s en plein air. M\u00f6lkky, p\u00e9tanque, transats, aire de fitness pour les sportifs\u2026 Le choix d\u2019activit\u00e9s en plein air est vaste au sein des jardins ou terrasses v\u00e9g\u00e9talis\u00e9es selon les h\u00f4tels. Le s\u00e9jour devient ainsi une parenth\u00e8se de calme et de simplicit\u00e9, alliant confort et s\u00e9r\u00e9nit\u00e9 dans un cadre verdoyant.<\/p>\n<p>Les h\u00f4tels Campanile NATURE\u00a0r\u00e9nov\u00e9s :<\/p>\n<ul>\n<li>Campanile NATURE \u2013 Marne La Vall\u00e9e Chelles, 77500 \u2013 54 chambres<\/li>\n<li>Campanile NATURE \u2013 Cergy Saint-Christophe, 95520 \u2013 49 chambres<\/li>\n<li>Campanile NATURE \u2013 Paris Ouest Gennevilliers Port, 92230 \u2013 51 chambres<\/li>\n<li>Campanile NATURE \u2013 Les Ulis, 91940 \u2013 53 chambres<\/li>\n<li>Campanile NATURE \u2013 Taverny, 95150 \u2013 77 chambres<\/li>\n<li>Campanile NATURE \u2013 Villennes-sur-Seine, 78670 \u2013 82 chambres<\/li>\n<li>Campanile NATURE \u2013 Sannois Ermont, 95110 \u2013 46 chambres<\/li>\n<\/ul>\n<p>Les h\u00f4tels Campanile NATURE prochainement r\u00e9nov\u00e9s\u00a0:<\/p>\n<ul>\n<li>Campanile NATURE \u2013 Meaux, 77100 \u2013 48 chambres<\/li>\n<li>Campanile NATURE \u2013 Cergy Pontoise, 95300 \u2013 91 chambres<\/li>\n<li>Campanile NATURE \u2013 \u00c9p\u00f4ne, 78680 \u2013 53 chambres<\/li>\n<\/ul>\n<p><img loading=\"lazy\" decoding=\"async\" class=\"size-medium wp-image-85454\" src=\"https:\/\/www.europesays.com\/fr\/wp-content\/uploads\/2025\/06\/unnamed-58-300x76.png\" alt=\"Le renouveau Campanile s\u2019acc\u00e9l\u00e8re en \u00cele-de-France\" width=\"300\" height=\"76\"  \/>Le renouveau Campanile s\u2019acc\u00e9l\u00e8re en \u00cele-de-France<br \/>\nUne exp\u00e9rience culinaire revisit\u00e9e au c\u0153ur de la transformation<\/p>\n<p><strong>\u00a0<\/strong>La transformation Campanile ne s\u2019arr\u00eate pas au design : elle passe aussi par l\u2019assiette. L\u2019offre de petit-d\u00e9jeuner a \u00e9t\u00e9 enti\u00e8rement repens\u00e9e pour s\u2019adapter aux diff\u00e9rents besoins des \u00e9tablissements, tout en respectant les engagements durables de la marque. Le petit-d\u00e9jeuner devient ainsi un moment de gourmandise unique, avec une brioche artisanale signature, fa\u00e7onn\u00e9e \u00e0 la main \u00e0 partir d\u2019ingr\u00e9dients fran\u00e7ais soigneusement s\u00e9lectionn\u00e9s.<\/p>\n<p><img loading=\"lazy\" decoding=\"async\" class=\"size-medium wp-image-85455\" src=\"https:\/\/www.europesays.com\/fr\/wp-content\/uploads\/2025\/06\/unnamed-59-300x100.png\" alt=\"Le renouveau Campanile s\u2019acc\u00e9l\u00e8re en \u00cele-de-France\" width=\"300\" height=\"100\"  \/>Le renouveau Campanile s\u2019acc\u00e9l\u00e8re en \u00cele-de-France<br \/>\nUn engagement durable au c\u0153ur de la strat\u00e9gie de marque<\/p>\n<p>Fid\u00e8le \u00e0 son ADN, la marque s\u2019engage \u00e9galement pour une h\u00f4tellerie plus responsable avec \u00e0 la mise en place des Hotel Sustainability Basics (HSB).\u00a0Ces fondamentaux de l\u2019h\u00f4tellerie en mati\u00e8re de d\u00e9veloppement durable s\u2019articulent autour de l\u2019Efficacit\u00e9, de la Plan\u00e8te et de l\u2019Humain.\u00a0Campanile r\u00e9affirme ainsi son ambition de r\u00e9duire son impact environnemental tout en garantissant des pratiques responsables \u00e0 chaque \u00e9tape de l\u2019exp\u00e9rience client.<\/p>\n<p>Texte et visuels par le service presse Campanile.<\/p>\n","protected":false},"excerpt":{"rendered":"Campanile s\u2019engage dans une vaste r\u00e9novation de son parc \u00e0 travers toute la France et notamment en r\u00e9gion&hellip;\n","protected":false},"author":2,"featured_media":206997,"comment_status":"","ping_status":"","sticky":false,"template":"","format":"standard","meta":{"footnotes":""},"categories":[1592],"tags":[1111,11,34594,1777,674,1011,27,22020,662,12,626,716,25],"class_list":{"0":"post-206996","1":"post","2":"type-post","3":"status-publish","4":"format-standard","5":"has-post-thumbnail","7":"category-ile-de-france","8":"tag-actu","9":"tag-actualites","10":"tag-campanile","11":"tag-eu","12":"tag-europe","13":"tag-fr","14":"tag-france","15":"tag-hotels","16":"tag-ile-de-france","17":"tag-news","18":"tag-paris","19":"tag-renovation","20":"tag-republique-francaise"},"share_on_mastodon":{"url":"https:\/\/pubeurope.com\/@fr\/114752312246778408","error":""},"_links":{"self":[{"href":"https:\/\/www.europesays.com\/fr\/wp-json\/wp\/v2\/posts\/206996","targetHints":{"allow":["GET"]}}],"collection":[{"href":"https:\/\/www.europesays.com\/fr\/wp-json\/wp\/v2\/posts"}],"about":[{"href":"https:\/\/www.europesays.com\/fr\/wp-json\/wp\/v2\/types\/post"}],"author":[{"embeddable":true,"href":"https:\/\/www.europesays.com\/fr\/wp-json\/wp\/v2\/users\/2"}],"replies":[{"embeddable":true,"href":"https:\/\/www.europesays.com\/fr\/wp-json\/wp\/v2\/comments?post=206996"}],"version-history":[{"count":0,"href":"https:\/\/www.europesays.com\/fr\/wp-json\/wp\/v2\/posts\/206996\/revisions"}],"wp:featuredmedia":[{"embeddable":true,"href":"https:\/\/www.europesays.com\/fr\/wp-json\/wp\/v2\/media\/206997"}],"wp:attachment":[{"href":"https:\/\/www.europesays.com\/fr\/wp-json\/wp\/v2\/media?parent=206996"}],"wp:term":[{"taxonomy":"category","embeddable":true,"href":"https:\/\/www.europesays.com\/fr\/wp-json\/wp\/v2\/categories?post=206996"},{"taxonomy":"post_tag","embeddable":true,"href":"https:\/\/www.europesays.com\/fr\/wp-json\/wp\/v2\/tags?post=206996"}],"curies":[{"name":"wp","href":"https:\/\/api.w.org\/{rel}","templated":true}]}}