{"id":207006,"date":"2025-06-26T23:45:11","date_gmt":"2025-06-26T23:45:11","guid":{"rendered":"https:\/\/www.europesays.com\/fr\/207006\/"},"modified":"2025-06-26T23:45:11","modified_gmt":"2025-06-26T23:45:11","slug":"sommet-europeen-les-vingt-sept-saccordent-sur-un-renouvellement-des-sanctions-contre-la-russie","status":"publish","type":"post","link":"https:\/\/www.europesays.com\/fr\/207006\/","title":{"rendered":"Sommet europ\u00e9en &#8211; Les Vingt-sept s&rsquo;accordent sur un renouvellement des sanctions contre la Russie"},"content":{"rendered":"<p class=\"ap-StoryElement ap-StoryElement--mb ap-StoryText\">Des craintes avaient \u00e9merg\u00e9 avant le sommet sur la capacit\u00e9 des chefs d&rsquo;\u00c9tat et de gouvernement europ\u00e9ens de renouveler les sanctions \u00e0 l&rsquo;unanimit\u00e9, et quant aux r\u00e9percussions importantes d&rsquo;un effondrement \u00ab\u00a0du jour au lendemain\u00a0\u00bb des 17 paquets de sanctions adopt\u00e9s jusqu&rsquo;ici. Ce scenario a finalement \u00e9t\u00e9 \u00e9vit\u00e9 et les sanctions ont \u00e9t\u00e9 prolong\u00e9es une fois encore.<\/p>\n<p class=\"ap-StoryElement ap-StoryElement--mb ap-StoryText\">La Commission pr\u00e9pare \u00e9galement un 18e paquet de sanctions, qui visent le secteur \u00e9nerg\u00e9tique et financier russe. Mais sur cette question, c&rsquo;est la Slovaquie qui a refus\u00e9 de donner son feu vert, sur fond de craintes pour son approvisionnement en gaz. Le pays demandera un report du vote vendredi, lors d&rsquo;une r\u00e9union des ambassadeurs des Vingt-sept, a d\u00e9clar\u00e9 son pr\u00e9sident Robert Fico en marge du sommet.<\/p>\n","protected":false},"excerpt":{"rendered":"Des craintes avaient \u00e9merg\u00e9 avant le sommet sur la capacit\u00e9 des chefs d&rsquo;\u00c9tat et de gouvernement europ\u00e9ens de&hellip;\n","protected":false},"author":2,"featured_media":2837,"comment_status":"","ping_status":"","sticky":false,"template":"","format":"standard","meta":{"footnotes":""},"categories":[1591],"tags":[11,9999,1887,12,1885,1886,132,1778],"class_list":{"0":"post-207006","1":"post","2":"type-post","3":"status-publish","4":"format-standard","5":"has-post-thumbnail","7":"category-russie","8":"tag-actualites","9":"tag-belgium","10":"tag-federation-de-russie","11":"tag-news","12":"tag-russia","13":"tag-russian-federation","14":"tag-russie","15":"tag-ue"},"share_on_mastodon":{"url":"https:\/\/pubeurope.com\/@fr\/114752331875105760","error":""},"_links":{"self":[{"href":"https:\/\/www.europesays.com\/fr\/wp-json\/wp\/v2\/posts\/207006","targetHints":{"allow":["GET"]}}],"collection":[{"href":"https:\/\/www.europesays.com\/fr\/wp-json\/wp\/v2\/posts"}],"about":[{"href":"https:\/\/www.europesays.com\/fr\/wp-json\/wp\/v2\/types\/post"}],"author":[{"embeddable":true,"href":"https:\/\/www.europesays.com\/fr\/wp-json\/wp\/v2\/users\/2"}],"replies":[{"embeddable":true,"href":"https:\/\/www.europesays.com\/fr\/wp-json\/wp\/v2\/comments?post=207006"}],"version-history":[{"count":0,"href":"https:\/\/www.europesays.com\/fr\/wp-json\/wp\/v2\/posts\/207006\/revisions"}],"wp:featuredmedia":[{"embeddable":true,"href":"https:\/\/www.europesays.com\/fr\/wp-json\/wp\/v2\/media\/2837"}],"wp:attachment":[{"href":"https:\/\/www.europesays.com\/fr\/wp-json\/wp\/v2\/media?parent=207006"}],"wp:term":[{"taxonomy":"category","embeddable":true,"href":"https:\/\/www.europesays.com\/fr\/wp-json\/wp\/v2\/categories?post=207006"},{"taxonomy":"post_tag","embeddable":true,"href":"https:\/\/www.europesays.com\/fr\/wp-json\/wp\/v2\/tags?post=207006"}],"curies":[{"name":"wp","href":"https:\/\/api.w.org\/{rel}","templated":true}]}}