{"id":207007,"date":"2025-06-26T23:46:12","date_gmt":"2025-06-26T23:46:12","guid":{"rendered":"https:\/\/www.europesays.com\/fr\/207007\/"},"modified":"2025-06-26T23:46:12","modified_gmt":"2025-06-26T23:46:12","slug":"ue-accord-des-27-pour-prolonger-les-sanctions-contre-la-russie","status":"publish","type":"post","link":"https:\/\/www.europesays.com\/fr\/207007\/","title":{"rendered":"UE\u00a0: accord des 27 pour prolonger les sanctions contre la Russie"},"content":{"rendered":"<p>Les dirigeants des 27 pays membres de l\u2019Union europ\u00e9enne, r\u00e9unis en sommet \u00e0 Bruxelles, ont donn\u00e9 leur accord pour prolonger leurs sanctions contre la Russie pour six mois suppl\u00e9mentaires, a-t-on appris de sources diplomatiques.<\/p>\n<p>L\u2019UE a d\u00e9j\u00e0 adopt\u00e9 17 \u00abpaquets\u00a0\u00bb de sanctions depuis l\u2019invasion russe de l\u2019Ukraine le 24 f\u00e9vrier 2022. Ces sanctions doivent \u00eatre renouvel\u00e9s \u00e0 l\u2019unanimit\u00e9 des 27 tous les six mois.<\/p>\n<p>Ces sanctions doivent \u00eare renouvel\u00e9es \u00e0 l\u2019unanimit\u00e9 des 27 tous les six mois, et la Hongrie, pays le plus proche de la Russie dans l\u2019UE, menace r\u00e9guli\u00e8rement de s\u2019y opposer.<\/p>\n<p>En janvier, le Premier ministre hongrois Viktor Orban a maintenu le suspense jusqu\u2019au bout, avant de donner son feu vert.<\/p>\n<p>La Slovaquie bloque un 18e paquet de sanctions<\/p>\n<p>Les dirigeants de l\u2019UE ont \u00e9galement discut\u00e9, ce jeudi, d\u2019un 18e paquet de sanctions, propos\u00e9 il y a deux semaines par la Commission europ\u00e9enne, mais aucune d\u00e9cision n\u2019a pu \u00eatre prise en raison, cette fois, d\u2019un veto de la Slovaquie.<\/p>\n<p>Le Premier ministre slovaque, Robert Fico, utilise ce v\u00e9to pour faire pression sur la Commission europ\u00e9enne afin qu\u2019elle lui garantisse son approvisionnement en gaz, au moment o\u00f9 l\u2019UE cherche \u00e0 interrompre totalement ses importations de gaz russe d\u2019ici \u00e0 2027.<\/p>\n<p>L\u2019UE cherche \u00e0 r\u00e9duire les revenus p\u00e9troliers de la Russie et a propos\u00e9 le 10 juin d\u2019abaisser de 60 \u00e0 45 dollars le plafond du prix de vente du baril de p\u00e9trole russe, dans le cadre de ce 18\u00e8me paquet de sanctions. <\/p>\n","protected":false},"excerpt":{"rendered":"Les dirigeants des 27 pays membres de l\u2019Union europ\u00e9enne, r\u00e9unis en sommet \u00e0 Bruxelles, ont donn\u00e9 leur accord&hellip;\n","protected":false},"author":2,"featured_media":207008,"comment_status":"","ping_status":"","sticky":false,"template":"","format":"standard","meta":{"footnotes":""},"categories":[1590],"tags":[11,765,1777,674,3535,131,2069,74,12,220],"class_list":{"0":"post-207007","1":"post","2":"type-post","3":"status-publish","4":"format-standard","5":"has-post-thumbnail","7":"category-ukraine","8":"tag-actualites","9":"tag-en-continu","10":"tag-eu","11":"tag-europe","12":"tag-geopolitique","13":"tag-guerre-en-ukraine","14":"tag-guerre-ukraine-russie","15":"tag-monde","16":"tag-news","17":"tag-ukraine"},"share_on_mastodon":{"url":"https:\/\/pubeurope.com\/@fr\/114752335874559462","error":""},"_links":{"self":[{"href":"https:\/\/www.europesays.com\/fr\/wp-json\/wp\/v2\/posts\/207007","targetHints":{"allow":["GET"]}}],"collection":[{"href":"https:\/\/www.europesays.com\/fr\/wp-json\/wp\/v2\/posts"}],"about":[{"href":"https:\/\/www.europesays.com\/fr\/wp-json\/wp\/v2\/types\/post"}],"author":[{"embeddable":true,"href":"https:\/\/www.europesays.com\/fr\/wp-json\/wp\/v2\/users\/2"}],"replies":[{"embeddable":true,"href":"https:\/\/www.europesays.com\/fr\/wp-json\/wp\/v2\/comments?post=207007"}],"version-history":[{"count":0,"href":"https:\/\/www.europesays.com\/fr\/wp-json\/wp\/v2\/posts\/207007\/revisions"}],"wp:featuredmedia":[{"embeddable":true,"href":"https:\/\/www.europesays.com\/fr\/wp-json\/wp\/v2\/media\/207008"}],"wp:attachment":[{"href":"https:\/\/www.europesays.com\/fr\/wp-json\/wp\/v2\/media?parent=207007"}],"wp:term":[{"taxonomy":"category","embeddable":true,"href":"https:\/\/www.europesays.com\/fr\/wp-json\/wp\/v2\/categories?post=207007"},{"taxonomy":"post_tag","embeddable":true,"href":"https:\/\/www.europesays.com\/fr\/wp-json\/wp\/v2\/tags?post=207007"}],"curies":[{"name":"wp","href":"https:\/\/api.w.org\/{rel}","templated":true}]}}