{"id":207009,"date":"2025-06-26T23:47:10","date_gmt":"2025-06-26T23:47:10","guid":{"rendered":"https:\/\/www.europesays.com\/fr\/207009\/"},"modified":"2025-06-26T23:47:10","modified_gmt":"2025-06-26T23:47:10","slug":"une-arrestation-musclee-dun-sans-papiers-mexicain-pres-de-los-angeles-relance-les-critiques-contre-ice","status":"publish","type":"post","link":"https:\/\/www.europesays.com\/fr\/207009\/","title":{"rendered":"Une arrestation muscl\u00e9e d\u2019un sans-papiers mexicain pr\u00e8s de Los Angeles relance les critiques contre ICE"},"content":{"rendered":"<p>Une <a href=\"https:\/\/x.com\/Bricktop_NAFO\/status\/1937042728019464671\" rel=\"nofollow\" target=\"_blank\" class=\"color-ultramarine c-link\">vid\u00e9o<\/a> montrant l\u2019arrestation violente d\u2019un jardinier mexicain par des agents f\u00e9d\u00e9raux fait pol\u00e9mique en <a href=\"https:\/\/www.20minutes.fr\/dossier\/californie\" class=\"color-ultramarine c-link\" target=\"_blank\" rel=\"noopener\">Californie<\/a>. L\u2019homme, sans-papiers, a \u00e9t\u00e9 interpell\u00e9 en pleine rue \u00e0 Santa Ana. Un de ses fils, ex-Marine \u00e2g\u00e9 de 25 ans, d\u00e9nonce un usage disproportionn\u00e9 de la force.<\/p>\n<p>La sc\u00e8ne, <a href=\"https:\/\/www.instagram.com\/reel\/DLLIdkuyexi\/?utm_source=ig_web_copy_link&amp;igsh=MzRlODBiNWFlZA%3D%3D\" rel=\"nofollow noopener\" target=\"_blank\" class=\"color-ultramarine c-link\">film\u00e9e et relay\u00e9e sur les r\u00e9seaux sociaux<\/a>, s\u2019est produite samedi matin dans la banlieue sud de Los Angeles. On y voit Narciso Barranco, 48 ans, courir avec une d\u00e9broussailleuse en main avant d\u2019\u00eatre ma\u00eetris\u00e9 au sol par plusieurs agents de la police de l\u2019immigration. Pour son fils, il s\u2019agit d\u2019un \u00ab\u00a0r\u00e9flexe naturel, car il avait \u00e9t\u00e9 asperg\u00e9 de quelque chose quelques secondes auparavant\u00a0\u00bb, argue-t-il, \u00ab\u00a0il ne l\u2019a jamais brandie directement vers un agent\u00a0\u00bb. Les images montrent les fonctionnaires lui assenant plusieurs coups au visage apr\u00e8s l\u2019avoir asperg\u00e9 de gaz lacrymog\u00e8ne.<\/p>\n<\/p>\n<p>Un comportement \u00ab\u00a0totalement excessif\u00a0\u00bb<\/p>\n<p>Selon son fils Alejandro, ancien militaire dans les Marines, le comportement des agents \u00e9tait \u00ab\u00a0totalement excessif\u00a0\u00bb. Contact\u00e9 par l\u2019AFP, il d\u00e9nonce une intervention men\u00e9e de mani\u00e8re \u00ab\u00a0tr\u00e8s peu professionnelle\u00a0\u00bb et indique que \u00ab\u00a0ce ne sont pas les normes du gouvernement am\u00e9ricain.\u00a0\u00bb<\/p>\n<p>Pendant l\u2019interpellation, un agent pointe son arme vers des t\u00e9moins qui les enjoignent d\u2019arr\u00eater. Pour Alejandro, cette posture, doigt sur la d\u00e9tente, rel\u00e8ve d\u2019un usage abusif de la menace l\u00e9tale. \u00ab\u00a0Le recours \u00e0 la force minimale n\u2019implique pas de plaquer un homme et de le frapper \u00e0 plusieurs reprises au cou et au visage\u00a0\u00bb, d\u00e9nonce-t-il.<\/p>\n<blockquote class=\"twitter-tweet\" align=\"center\" data-lang=\"fr_FR\">\n<p lang=\"en\" dir=\"ltr\">This is Narciso Barranco.<\/p>\n<p>He is the father of 3 boys. <\/p>\n<p>All of which served as United States Marines with 2 being current active Marines. <a href=\"https:\/\/t.co\/Y65HK7DR8p\">pic.twitter.com\/Y65HK7DR8p<\/a><\/p>\n<p>\u2014 Bricktop_NAFO (@Bricktop_NAFO) <a href=\"https:\/\/twitter.com\/Bricktop_NAFO\/status\/1937042728019464671?ref_src=twsrc%5Etfw\" target=\"_blank\" rel=\"noopener\">June 23, 2025<\/a><\/p><\/blockquote>\n<p class=\"mb-xxl@xs color-ultramarine font-weight-semi-bold@xs font-source-serif-pro heading-s@xs\">L\u2019acc\u00e8s \u00e0 ce contenu a \u00e9t\u00e9 bloqu\u00e9 afin de respecter votre choix de consentement<\/p>\n<p class=\"mb-m@xs text-l@xs\">En cliquant sur\u00ab J\u2019accepte \u00bb, vous acceptez le d\u00e9p\u00f4t de cookies par des services externes et aurez ainsi acc\u00e8s aux contenus de nos partenaires.<\/p>\n<p class=\"mb-xl@xs text-s@xs\">Plus d\u2019informations sur la page<a href=\"https:\/\/www.20minutes.fr\/gestion-cookies\" class=\"mx-xxs@xs color-ultramarine\" target=\"_blank\" rel=\"noopener\">Politique de gestion des cookies<\/a><\/p>\n<p>J\u2019accepteUn p\u00e8re de soldat, sans casier judiciaire<\/p>\n<p>Narciso Barranco, arriv\u00e9 ill\u00e9galement aux \u00c9tats-Unis dans les ann\u00e9es\u00a01990, est p\u00e8re de trois enfants ayant tous servi ou servant actuellement dans l\u2019arm\u00e9e am\u00e9ricaine. Il ne poss\u00e8de pas de casier judiciaire connu\u00a0: il n\u2019a pas vraiment le profil que le <a href=\"https:\/\/www.20minutes.fr\/dossier\/donald_trump\" class=\"color-ultramarine c-link\" target=\"_blank\" rel=\"noopener\">pr\u00e9sident am\u00e9ricain<\/a> assure viser.<\/p>\n<p>Le minist\u00e8re de la S\u00e9curit\u00e9 int\u00e9rieure justifie quant \u00e0 lui l\u2019intervention par le comportement du suspect qui \u00ab\u00a0aurait tent\u00e9 de fuir\u00a0\u00bb et dirig\u00e9 la d\u00e9broussailleuse \u00ab\u00a0vers le visage d\u2019un agent\u00a0\u00bb. L\u2019institution assure que les forces de l\u2019ordre ont fait usage de \u00ab\u00a0la force minimale n\u00e9cessaire\u00a0\u00bb.<\/p>\n<p><a href=\"https:\/\/www.20minutes.fr\/monde\/etats-unis\/\" class=\"c-link c-btn c-btn--primary\" target=\"_blank\" rel=\"noopener\">Notre dossier sur les \u00c9tats-Unis<\/a>\u00ab\u00a0Je pense que c\u2019est difficile pour eux\u00a0\u00bb<\/p>\n<p>D\u00e9tenu dans un centre de r\u00e9tention \u00e0 <a href=\"https:\/\/www.20minutes.fr\/dossier\/los_angeles\" class=\"color-ultramarine c-link\" target=\"_blank\" rel=\"noopener\">Los Angeles<\/a>, Narciso Barranco serait, selon son fils, enferm\u00e9 avec des dizaines d\u2019autres personnes dans une cellule exigu\u00eb avec peu de nourriture, un acc\u00e8s tr\u00e8s limit\u00e9 \u00e0 l\u2019eau et une seule toilette. Alejandro a pu rendre visite \u00e0 son p\u00e8re mardi. Il confie que celui-ci avait encore du sang sur sa chemise, \u00e9tait couvert d\u2019ecchymoses et n\u2019avait pas pu se laver.<\/p>\n<p>L\u2019ex-Marine s\u2019inqui\u00e8te aussi pour les soldats <a href=\"https:\/\/www.20minutes.fr\/monde\/etats-unis\/4159074-20250618-emeutes-los-angeles-cite-anges-leve-couvre-feu-tente-obtenir-depart-garde-nationale\" class=\"color-ultramarine c-link\" target=\"_blank\" rel=\"noopener\">actuellement mobilis\u00e9s dans la r\u00e9gion de Los Angeles<\/a>. \u00ab\u00a0Je crois que certains d\u2019entre eux souffrent\u00a0\u00bb, glisse-t-il. \u00ab\u00a0Certains de leurs proches sont peut-\u00eatre sans papiers et ils voient tout cela. Je pense que c\u2019est difficile pour eux.\u00a0\u00bb<\/p>\n<p><script async src=\"https:\/\/platform.twitter.com\/widgets.js\" charset=\"utf-8\"><\/script><script async src=\"\/\/www.instagram.com\/embed.js\"><\/script><\/p>\n","protected":false},"excerpt":{"rendered":"Une vid\u00e9o montrant l\u2019arrestation violente d\u2019un jardinier mexicain par des agents f\u00e9d\u00e9raux fait pol\u00e9mique en Californie. L\u2019homme, sans-papiers,&hellip;\n","protected":false},"author":2,"featured_media":207010,"comment_status":"","ping_status":"","sticky":false,"template":"","format":"standard","meta":{"footnotes":""},"categories":[1589],"tags":[47,11,2139,73,1866,1061,6734,6116,74,12,1864,1865,1863,308],"class_list":{"0":"post-207009","1":"post","2":"type-post","3":"status-publish","4":"format-standard","5":"has-post-thumbnail","7":"category-etats-unis","8":"tag-actualite","9":"tag-actualites","10":"tag-californie","11":"tag-etats-unis","12":"tag-etats-unis-damerique","13":"tag-immigration","14":"tag-immigration-clandestine","15":"tag-los-angeles","16":"tag-monde","17":"tag-news","18":"tag-united-states","19":"tag-united-states-of-america","20":"tag-us","21":"tag-usa"},"share_on_mastodon":{"url":"https:\/\/pubeurope.com\/@fr\/114752339544796669","error":""},"_links":{"self":[{"href":"https:\/\/www.europesays.com\/fr\/wp-json\/wp\/v2\/posts\/207009","targetHints":{"allow":["GET"]}}],"collection":[{"href":"https:\/\/www.europesays.com\/fr\/wp-json\/wp\/v2\/posts"}],"about":[{"href":"https:\/\/www.europesays.com\/fr\/wp-json\/wp\/v2\/types\/post"}],"author":[{"embeddable":true,"href":"https:\/\/www.europesays.com\/fr\/wp-json\/wp\/v2\/users\/2"}],"replies":[{"embeddable":true,"href":"https:\/\/www.europesays.com\/fr\/wp-json\/wp\/v2\/comments?post=207009"}],"version-history":[{"count":0,"href":"https:\/\/www.europesays.com\/fr\/wp-json\/wp\/v2\/posts\/207009\/revisions"}],"wp:featuredmedia":[{"embeddable":true,"href":"https:\/\/www.europesays.com\/fr\/wp-json\/wp\/v2\/media\/207010"}],"wp:attachment":[{"href":"https:\/\/www.europesays.com\/fr\/wp-json\/wp\/v2\/media?parent=207009"}],"wp:term":[{"taxonomy":"category","embeddable":true,"href":"https:\/\/www.europesays.com\/fr\/wp-json\/wp\/v2\/categories?post=207009"},{"taxonomy":"post_tag","embeddable":true,"href":"https:\/\/www.europesays.com\/fr\/wp-json\/wp\/v2\/tags?post=207009"}],"curies":[{"name":"wp","href":"https:\/\/api.w.org\/{rel}","templated":true}]}}