{"id":207011,"date":"2025-06-26T23:48:13","date_gmt":"2025-06-26T23:48:13","guid":{"rendered":"https:\/\/www.europesays.com\/fr\/207011\/"},"modified":"2025-06-26T23:48:13","modified_gmt":"2025-06-26T23:48:13","slug":"utiq-etend-ses-services-au-royaume-uni-avec-virgin-media-o2-et-vodafone","status":"publish","type":"post","link":"https:\/\/www.europesays.com\/fr\/207011\/","title":{"rendered":"Utiq \u00e9tend ses services au Royaume-Uni avec Virgin Media O2 et Vodafone"},"content":{"rendered":"<p><a target=\"_blank\" rel=\"noopener nofollow\" href=\"https:\/\/fr.themedialeader.com\/utiq-franchit-un-cap-en-europe-plus-de-55-millions-did-uniques-et-26-operateurs-partenaires\/\">Utiq<\/a> annonce le lancement de son service au Royaume-Uni. Cette expansion s\u2019appuie sur des partenariats avec deux op\u00e9rateurs t\u00e9l\u00e9coms locaux : Virgin Media O2 et Vodafone.<\/p>\n<p>D\u00e9j\u00e0 pr\u00e9sent en Allemagne, France, Espagne et Autriche, Utiq poursuit ainsi son d\u00e9veloppement avec une solution d\u2019identification fond\u00e9e sur des signaux authentiques et consentis par l\u2019utilisateur. Cette technologie permet aux marques et \u00e9diteurs d\u2019atteindre efficacement leur audience, m\u00eame sur des navigateurs peu permissifs comme Safari ou Firefox.<\/p>\n<p>Utiq collabore d\u00e9sormais avec 28 op\u00e9rateurs en Europe, dont Deutsche Telekom, Orange, Telef\u00f3nica et Vodafone Group. L\u2019entreprise pr\u00e9pare \u00e9galement l\u2019annonce de ses premiers partenariats \u00e9diteurs au Royaume-Uni.<\/p>\n","protected":false},"excerpt":{"rendered":"Utiq annonce le lancement de son service au Royaume-Uni. Cette expansion s\u2019appuie sur des partenariats avec deux op\u00e9rateurs&hellip;\n","protected":false},"author":2,"featured_media":207012,"comment_status":"","ping_status":"","sticky":false,"template":"","format":"standard","meta":{"footnotes":""},"categories":[1588],"tags":[11,16946,1777,674,12,473,1853,16033,1851,1850,1852],"class_list":{"0":"post-207011","1":"post","2":"type-post","3":"status-publish","4":"format-standard","5":"has-post-thumbnail","7":"category-royaume-uni","8":"tag-actualites","9":"tag-adtech","10":"tag-eu","11":"tag-europe","12":"tag-news","13":"tag-royaume-uni","14":"tag-royaume-uni-de-grande-bretagne-et-dirlande-du-nord","15":"tag-tech","16":"tag-uk","17":"tag-united-kingdom","18":"tag-united-kingdom-of-great-britain-and-northern-ireland"},"share_on_mastodon":{"url":"https:\/\/pubeurope.com\/@fr\/114752343508862742","error":""},"_links":{"self":[{"href":"https:\/\/www.europesays.com\/fr\/wp-json\/wp\/v2\/posts\/207011","targetHints":{"allow":["GET"]}}],"collection":[{"href":"https:\/\/www.europesays.com\/fr\/wp-json\/wp\/v2\/posts"}],"about":[{"href":"https:\/\/www.europesays.com\/fr\/wp-json\/wp\/v2\/types\/post"}],"author":[{"embeddable":true,"href":"https:\/\/www.europesays.com\/fr\/wp-json\/wp\/v2\/users\/2"}],"replies":[{"embeddable":true,"href":"https:\/\/www.europesays.com\/fr\/wp-json\/wp\/v2\/comments?post=207011"}],"version-history":[{"count":0,"href":"https:\/\/www.europesays.com\/fr\/wp-json\/wp\/v2\/posts\/207011\/revisions"}],"wp:featuredmedia":[{"embeddable":true,"href":"https:\/\/www.europesays.com\/fr\/wp-json\/wp\/v2\/media\/207012"}],"wp:attachment":[{"href":"https:\/\/www.europesays.com\/fr\/wp-json\/wp\/v2\/media?parent=207011"}],"wp:term":[{"taxonomy":"category","embeddable":true,"href":"https:\/\/www.europesays.com\/fr\/wp-json\/wp\/v2\/categories?post=207011"},{"taxonomy":"post_tag","embeddable":true,"href":"https:\/\/www.europesays.com\/fr\/wp-json\/wp\/v2\/tags?post=207011"}],"curies":[{"name":"wp","href":"https:\/\/api.w.org\/{rel}","templated":true}]}}