{"id":207013,"date":"2025-06-26T23:49:17","date_gmt":"2025-06-26T23:49:17","guid":{"rendered":"https:\/\/www.europesays.com\/fr\/207013\/"},"modified":"2025-06-26T23:49:17","modified_gmt":"2025-06-26T23:49:17","slug":"euro-feminin-2025-lallemagne-en-lice","status":"publish","type":"post","link":"https:\/\/www.europesays.com\/fr\/207013\/","title":{"rendered":"Euro f\u00e9minin 2025\u00a0: l\u2019Allemagne en lice"},"content":{"rendered":"<p>Publi\u00e926. juin 2025, 17:53<\/p>\n<p>Euro 2025: La pr\u00e9sentation de l&rsquo;\u00e9quipe d&rsquo;Allemagne<\/p>\n<p>En vue du Championnat d\u2019Europe, le Matin.ch vous propose de faire connaissance avec toutes les s\u00e9lections en lice. On continue avec les Allemandes.<\/p>\n<p><img decoding=\"async\" alt=\"Robin Carrel\" src=\"https:\/\/www.europesays.com\/fr\/wp-content\/uploads\/2025\/06\/1750981755_315_6195f75f-7d76-4089-b966-d055c0bb7929.jpeg\" class=\"sc-b1f21c84-1 juVSAe\"\/><img loading=\"lazy\" decoding=\"async\" src=\"https:\/\/www.europesays.com\/fr\/wp-content\/uploads\/2025\/06\/a73702a9-b205-4009-a083-615a53e1eade.jpeg\" alt=\"\" title=\"\"  width=\"1200\" height=\"791\"\/>IMAGO\/Claus Bergmann<\/p>\n<p>Les infos<strong\/><\/p>\n<p>Premier match officiel &#8211; 1982<\/p>\n<p>Titres &#8211; Champion du monde 2016, Champion d&rsquo;Europe 1989, 1991, 1995, 1997, 2001, 2005, 2009, 2013, Vice-champion d&rsquo;Europe 2022<\/p>\n<p>Licenci\u00e9es &#8211; Environ 1,1 million<\/p>\n<p>S\u00e9lectionneur &#8211; Christian W\u00fcck (All)<\/p>\n<p>Elles sont o\u00f9? FIVE Zurich &#8211; Sportzentrum Buchlern, Zurich<\/p>\n<p>La joueuse \u00e0 suivre<\/p>\n<p><img loading=\"lazy\" decoding=\"async\" src=\"https:\/\/www.europesays.com\/fr\/wp-content\/uploads\/2025\/06\/f189e987-1bd0-4357-999e-21c0152437e9.jpeg\" alt=\"\" title=\"\"  width=\"1200\" height=\"800\"\/>AFP<\/p>\n<p>Elle est le pass\u00e9, le pr\u00e9sent et le futur de la s\u00e9lection allemande. La milieue offensive ou attaquante compte d&rsquo;ores et d\u00e9j\u00e0 la bagatelle de 59 s\u00e9lections \u00e0 bient\u00f4t 23 ans seulement! La joueuse de Wolfsburg a commenc\u00e9 sous les drapeaux il y a quatre saisons d\u00e9j\u00e0. Elle a \u00e9t\u00e9 utilis\u00e9e lors de tous les matches de l&rsquo;Euro 2022, tout juste majeure. Jule Brand va franchir un grand pas dans sa carri\u00e8re et quitter l&rsquo;Allemagne et le VfL Wolfsburg, direction l&rsquo;OL Lyonnes, un des meilleurs clubs du monde.<\/p>\n<p>Quand on demande \u00e0 l&rsquo;IA de lui inventer un parcours<\/p>\n<p>L\u2019Allemagne entame l\u2019Euro 2025 en Suisse avec ambition, dans un groupe C relev\u00e9. Elle d\u00e9bute par une victoire 2\u20131 contre la Pologne \u00e0 Lucerne, gr\u00e2ce \u00e0 des buts d&rsquo;Alexandra Popp et de Lina Magull. \u00c0 Saint-Gall, les Allemandes s&rsquo;imposent 1\u20130 face au Danemark, assurant ainsi leur qualification pour les quarts de finale. Lors du dernier match de groupe \u00e0 Zurich, elles font match nul 1\u20131 contre la Su\u00e8de, terminant en t\u00eate du groupe.<\/p>\n<p>En quart de finale \u00e0 B\u00e2le, l\u2019Allemagne affronte l\u2019Italie et l&#8217;emporte 2\u20130, avec des r\u00e9alisations de Klara B\u00fchl et Sara D\u00e4britz. En demi-finale \u00e0 Berne, elle rencontre la Norv\u00e8ge et s&rsquo;impose 1\u20130 gr\u00e2ce \u00e0 un but en fin de match. La finale, disput\u00e9e \u00e0 B\u00e2le, oppose l\u2019Allemagne \u00e0 l\u2019Espagne. Dans un match intense, les Allemandes s&rsquo;inclinent 1\u20132 apr\u00e8s prolongation, terminant ainsi vice-championnes d&rsquo;Europe.<\/p>\n<p>La devise du pays appliqu\u00e9e au football<\/p>\n<p><img loading=\"lazy\" decoding=\"async\" src=\"https:\/\/www.europesays.com\/fr\/wp-content\/uploads\/2025\/06\/e99973d1-1b5a-490b-b73d-36474d418c00.jpeg\" alt=\"\" title=\"\"  width=\"1200\" height=\"800\"\/>IMAGO\/osnapix<\/p>\n<p><strong>Einigkeit und Recht und Freiheit (non officielle) &#8211; Unit\u00e9 et Droit et Libert\u00e9<\/strong><\/p>\n<p>L\u00e0 aussi, le \u00abmotto\u00bb des Allemandes colle bien \u00e0 ce que pourrait demander le s\u00e9lectionneur Christian W\u00fcck. Unit\u00e9 sur le terrain, droit en ne faisant pas trop de fautes et libert\u00e9 pour cr\u00e9er des choses devant, \u00e7a pourrait \u00eatre \u00e9crit sur un tableau dans le vestiaire de l\u2019Allemagne. Et puis bon, quand on est huit fois vainqueur de l\u2019\u00e9preuve, on est forc\u00e9ment pas loin d\u2019\u00eatre favorites. Sauf que l\u2019Allemagne a vu les autres pays europ\u00e9ens revenir voir m\u00eame la d\u00e9passer ces derni\u00e8res ann\u00e9es\u2026<\/p>\n","protected":false},"excerpt":{"rendered":"Publi\u00e926. juin 2025, 17:53 Euro 2025: La pr\u00e9sentation de l&rsquo;\u00e9quipe d&rsquo;Allemagne En vue du Championnat d\u2019Europe, le Matin.ch&hellip;\n","protected":false},"author":2,"featured_media":207014,"comment_status":"","ping_status":"","sticky":false,"template":"","format":"standard","meta":{"footnotes":""},"categories":[1587],"tags":[11,672,1804,1805,1803,1777,674,1801,12,1802],"class_list":{"0":"post-207013","1":"post","2":"type-post","3":"status-publish","4":"format-standard","5":"has-post-thumbnail","7":"category-allemagne","8":"tag-actualites","9":"tag-allemagne","10":"tag-bundesrepublik-deutschland","11":"tag-de","12":"tag-deutschland","13":"tag-eu","14":"tag-europe","15":"tag-germany","16":"tag-news","17":"tag-republique-federale-dallemagne"},"share_on_mastodon":{"url":"https:\/\/pubeurope.com\/@fr\/114752347616205178","error":""},"_links":{"self":[{"href":"https:\/\/www.europesays.com\/fr\/wp-json\/wp\/v2\/posts\/207013","targetHints":{"allow":["GET"]}}],"collection":[{"href":"https:\/\/www.europesays.com\/fr\/wp-json\/wp\/v2\/posts"}],"about":[{"href":"https:\/\/www.europesays.com\/fr\/wp-json\/wp\/v2\/types\/post"}],"author":[{"embeddable":true,"href":"https:\/\/www.europesays.com\/fr\/wp-json\/wp\/v2\/users\/2"}],"replies":[{"embeddable":true,"href":"https:\/\/www.europesays.com\/fr\/wp-json\/wp\/v2\/comments?post=207013"}],"version-history":[{"count":0,"href":"https:\/\/www.europesays.com\/fr\/wp-json\/wp\/v2\/posts\/207013\/revisions"}],"wp:featuredmedia":[{"embeddable":true,"href":"https:\/\/www.europesays.com\/fr\/wp-json\/wp\/v2\/media\/207014"}],"wp:attachment":[{"href":"https:\/\/www.europesays.com\/fr\/wp-json\/wp\/v2\/media?parent=207013"}],"wp:term":[{"taxonomy":"category","embeddable":true,"href":"https:\/\/www.europesays.com\/fr\/wp-json\/wp\/v2\/categories?post=207013"},{"taxonomy":"post_tag","embeddable":true,"href":"https:\/\/www.europesays.com\/fr\/wp-json\/wp\/v2\/tags?post=207013"}],"curies":[{"name":"wp","href":"https:\/\/api.w.org\/{rel}","templated":true}]}}