{"id":207023,"date":"2025-06-26T23:57:11","date_gmt":"2025-06-26T23:57:11","guid":{"rendered":"https:\/\/www.europesays.com\/fr\/207023\/"},"modified":"2025-06-26T23:57:11","modified_gmt":"2025-06-26T23:57:11","slug":"super-league-les-dragons-catalans-sinteressent-a-un-arriere-supersonique-rugby-a-xiii","status":"publish","type":"post","link":"https:\/\/www.europesays.com\/fr\/207023\/","title":{"rendered":"Super League &#8211; Les Dragons Catalans s&rsquo;int\u00e9ressent \u00e0 un arri\u00e8re supersonique &#8211; Rugby \u00e0 XIII"},"content":{"rendered":"<p style=\"text-align: justify;\"><strong>Apr\u00e8s avoir \u00e9t\u00e9 autoris\u00e9 \u00e0 discuter avec d\u2019autres clubs, les Dragons Catalans se sont renseign\u00e9s sur Tyrell Sloan.<\/strong><\/p>\n<p style=\"text-align: justify;\">Alors qu\u2019ils avaient d\u00e9j\u00e0 tent\u00e9 le coup de signer Charnze Nicoll-Klokstad, qui a prolong\u00e9 chez les New Zealand Warriors, le club catalan s\u2019int\u00e9resse \u00e0 un autre arri\u00e8re. Tyrell Sloan, jeune arri\u00e8re de 23 ans des St George Illawara Dragons, a \u00e9t\u00e9 inform\u00e9 que son avenir ne se fera plus au club. Il est donc devenu une cible pour les clubs de Super League.<\/p>\n<p style=\"text-align: justify;\">La saison derni\u00e8re, il \u00e9tait l\u2019arri\u00e8re titulaire des Dragons, et a fait une ann\u00e9e exceptionnelle avec 13 essais en 23 matchs, tout en d\u00e9livrant 10 passes d\u00e9cisives, et avoir cass\u00e9 la ligne d\u00e9fensive adverse 14 fois. Seulement, cette saison, le club a sign\u00e9 Clint Gutherson, un joueur avec beaucoup plus d\u2019exp\u00e9rience, ce qui l\u2019a fait d\u00e9placer de poste et \u00e9voluer sur l\u2019aile de St George. M\u00eame \u00e0 ce poste, il est productif, avec 9 essais en 11 matchs.<\/p>\n<p style=\"text-align: justify;\">Avec la fin de carri\u00e8re de Sam Tomkins qui approche, les Dragons Catalans aimeraient aller du c\u00f4t\u00e9 de chez Sloan.<\/p>\n<blockquote class=\"twitter-tweet\" data-width=\"500\" data-dnt=\"true\">\n<p lang=\"en\" dir=\"ltr\">Tyrell Sloan is the subject of a Super League offer after being told he can leave his NRL club.<a href=\"https:\/\/t.co\/OtmDG0DQFg\">https:\/\/t.co\/OtmDG0DQFg<\/a><\/p>\n<p>\u2014 All Out Rugby League (@AORugbyLeague) <a href=\"https:\/\/twitter.com\/AORugbyLeague\/status\/1938160079443784080?ref_src=twsrc%5Etfw\" target=\"_blank\" rel=\"noopener\">June 26, 2025<\/a><\/p>\n<\/blockquote>\n<p>        <script async src=\"https:\/\/platform.twitter.com\/widgets.js\" charset=\"utf-8\"><\/script><\/p>\n","protected":false},"excerpt":{"rendered":"Apr\u00e8s avoir \u00e9t\u00e9 autoris\u00e9 \u00e0 discuter avec d\u2019autres clubs, les Dragons Catalans se sont renseign\u00e9s sur Tyrell Sloan.&hellip;\n","protected":false},"author":2,"featured_media":207024,"comment_status":"","ping_status":"","sticky":false,"template":"","format":"standard","meta":{"footnotes":""},"categories":[1416],"tags":[3248,1011,27,479,2228,1468,2229,60,34595,4474,34596],"class_list":{"0":"post-207023","1":"post","2":"type-post","3":"status-publish","4":"format-standard","5":"has-post-thumbnail","7":"category-rugby","8":"tag-dragons-catalans","9":"tag-fr","10":"tag-france","11":"tag-rugby","12":"tag-rugby-a-xiii","13":"tag-rugby-football","14":"tag-rugby-league","15":"tag-sports","16":"tag-st-george-illawarra-dragons","17":"tag-super-league","18":"tag-tyrell-sloan"},"share_on_mastodon":{"url":"https:\/\/pubeurope.com\/@fr\/114752378853831949","error":""},"_links":{"self":[{"href":"https:\/\/www.europesays.com\/fr\/wp-json\/wp\/v2\/posts\/207023","targetHints":{"allow":["GET"]}}],"collection":[{"href":"https:\/\/www.europesays.com\/fr\/wp-json\/wp\/v2\/posts"}],"about":[{"href":"https:\/\/www.europesays.com\/fr\/wp-json\/wp\/v2\/types\/post"}],"author":[{"embeddable":true,"href":"https:\/\/www.europesays.com\/fr\/wp-json\/wp\/v2\/users\/2"}],"replies":[{"embeddable":true,"href":"https:\/\/www.europesays.com\/fr\/wp-json\/wp\/v2\/comments?post=207023"}],"version-history":[{"count":0,"href":"https:\/\/www.europesays.com\/fr\/wp-json\/wp\/v2\/posts\/207023\/revisions"}],"wp:featuredmedia":[{"embeddable":true,"href":"https:\/\/www.europesays.com\/fr\/wp-json\/wp\/v2\/media\/207024"}],"wp:attachment":[{"href":"https:\/\/www.europesays.com\/fr\/wp-json\/wp\/v2\/media?parent=207023"}],"wp:term":[{"taxonomy":"category","embeddable":true,"href":"https:\/\/www.europesays.com\/fr\/wp-json\/wp\/v2\/categories?post=207023"},{"taxonomy":"post_tag","embeddable":true,"href":"https:\/\/www.europesays.com\/fr\/wp-json\/wp\/v2\/tags?post=207023"}],"curies":[{"name":"wp","href":"https:\/\/api.w.org\/{rel}","templated":true}]}}