{"id":207027,"date":"2025-06-26T23:59:19","date_gmt":"2025-06-26T23:59:19","guid":{"rendered":"https:\/\/www.europesays.com\/fr\/207027\/"},"modified":"2025-06-26T23:59:19","modified_gmt":"2025-06-26T23:59:19","slug":"roanne-veut-retourner-a-paris","status":"publish","type":"post","link":"https:\/\/www.europesays.com\/fr\/207027\/","title":{"rendered":"Roanne veut retourner \u00e0 Paris"},"content":{"rendered":"<p>                            <img decoding=\"async\" class=\"img-fluid thumbnail__news\" src=\"https:\/\/www.europesays.com\/fr\/wp-content\/uploads\/2025\/06\/8a38c968-5059-4763-b7c7-f273c5034de5.jpg\" alt=\"Roanne veut retourner \u00e0 Paris\"\/><\/p>\n<p>Facebook Chroale Roanne Academy<\/p>\n<p>                                                        Vainqueur de la Coupe de France en 2023, la Chorale de Roanne r\u00eave de participer \u00e0 nouveau \u00e0 la grande f\u00eate du basket en avril prochain \u00e0 Paris. Pour y parvenir, les joueurs de La Loire devront d&rsquo;abord sortir victorieux d&rsquo;un ultime plateau pi\u00e9geux.<\/p>\n<p><strong>Programme des quarts et des demi-finales de la Coupe de France U18 masculins<br \/><\/strong><strong>Site 1 : Aix-les-Bains (73)<\/strong><br \/>Samedi 15 mars 2025<br \/>17h15 : Dijon (National) &#8211; Roanne (National)<br \/>20h00 : Lyon-Villeurbanne (National) &#8211; Antibes (National)<\/p>\n<p>Dimanche 16 mars 2025<br \/>Vainqueur match 1 &#8211; Vainqueur match 2<\/p>\n<p><strong>Site 2 : Bassens (33)<\/strong><br \/>Samedi 15 mars 2025<br \/>17h15 : Nanterre (National) &#8211; Le Mans (National)<br \/>20h00 : Gravelines (National) &#8211; Limoges (National)<\/p>\n<p>Dimanche 16 mars 2025<br \/>Vainqueur match 1 &#8211; Vainqueur match 2<\/p>\n","protected":false},"excerpt":{"rendered":"Facebook Chroale Roanne Academy Vainqueur de la Coupe de France en 2023, la Chorale de Roanne r\u00eave de&hellip;\n","protected":false},"author":2,"featured_media":207028,"comment_status":"","ping_status":"","sticky":false,"template":"","format":"standard","meta":{"footnotes":""},"categories":[1414],"tags":[1465,1464,1011,27,60],"class_list":{"0":"post-207027","1":"post","2":"type-post","3":"status-publish","4":"format-standard","5":"has-post-thumbnail","7":"category-basket","8":"tag-basket","9":"tag-basketball","10":"tag-fr","11":"tag-france","12":"tag-sports"},"share_on_mastodon":{"url":"https:\/\/pubeurope.com\/@fr\/114752386818960994","error":""},"_links":{"self":[{"href":"https:\/\/www.europesays.com\/fr\/wp-json\/wp\/v2\/posts\/207027","targetHints":{"allow":["GET"]}}],"collection":[{"href":"https:\/\/www.europesays.com\/fr\/wp-json\/wp\/v2\/posts"}],"about":[{"href":"https:\/\/www.europesays.com\/fr\/wp-json\/wp\/v2\/types\/post"}],"author":[{"embeddable":true,"href":"https:\/\/www.europesays.com\/fr\/wp-json\/wp\/v2\/users\/2"}],"replies":[{"embeddable":true,"href":"https:\/\/www.europesays.com\/fr\/wp-json\/wp\/v2\/comments?post=207027"}],"version-history":[{"count":0,"href":"https:\/\/www.europesays.com\/fr\/wp-json\/wp\/v2\/posts\/207027\/revisions"}],"wp:featuredmedia":[{"embeddable":true,"href":"https:\/\/www.europesays.com\/fr\/wp-json\/wp\/v2\/media\/207028"}],"wp:attachment":[{"href":"https:\/\/www.europesays.com\/fr\/wp-json\/wp\/v2\/media?parent=207027"}],"wp:term":[{"taxonomy":"category","embeddable":true,"href":"https:\/\/www.europesays.com\/fr\/wp-json\/wp\/v2\/categories?post=207027"},{"taxonomy":"post_tag","embeddable":true,"href":"https:\/\/www.europesays.com\/fr\/wp-json\/wp\/v2\/tags?post=207027"}],"curies":[{"name":"wp","href":"https:\/\/api.w.org\/{rel}","templated":true}]}}