{"id":207039,"date":"2025-06-27T00:05:07","date_gmt":"2025-06-27T00:05:07","guid":{"rendered":"https:\/\/www.europesays.com\/fr\/207039\/"},"modified":"2025-06-27T00:05:07","modified_gmt":"2025-06-27T00:05:07","slug":"environ-1-500-personnes-ont-assiste-au-vernissage-de-lexposition-cezanne-au-jas-de-bouffan-au-musee-granet-la-provence","status":"publish","type":"post","link":"https:\/\/www.europesays.com\/fr\/207039\/","title":{"rendered":"Environ 1 500 personnes ont assist\u00e9 au vernissage de l&#039;exposition &quot;Cezanne au Jas de Bouffan&quot; au mus\u00e9e Granet &#8211; La Provence"},"content":{"rendered":"<ol>\n<li><a href=\"https:\/\/news.google.com\/rss\/articles\/CBMi-AFBVV95cUxQbXNaX1Fhb2lsa2xKSGxYd2RVZ1JONDdDcE96XzdIbVlKTjdrZm0xMWZ0Nm1CTVdiUENDY3ZtTnFxVWpXcVhLWC0zZVd0Y1FPWGlRdnBjc1R4anQ5TmMxT0ZFWUZFVXQtUUZDaTR5cmRxR1pKbmtUSnByT3dUb0gtRmIzM05KLWkzeTZlSEhqOWFsQ1ZXRHdUOTNOdnpaNHNYM3h3a2dCZEwwUVgyaS1uRm1ISDU1Q3VfYlZqZ1BYcDBGV1NNSzFKYkRhUjVxb09RcnVINlVKLVUyc2d0YUNnUmNpeG9LZDBWUGxCd0xmbDI4RzY2d3FYVA?oc=5\" target=\"_blank\" rel=\"nofollow noopener\">Environ 1 500 personnes ont assist\u00e9 au vernissage de l&rsquo;exposition \u00ab\u00a0Cezanne au Jas de Bouffan\u00a0\u00bb au mus\u00e9e Granet<\/a>&nbsp;&nbsp;La Provence<\/li>\n<li><a href=\"https:\/\/news.google.com\/rss\/articles\/CBMi0AFBVV95cUxNMGFacHNLUlVZQkppNnZOUlAwRGstVTJxRC1ldmYtWFFJT1M5QXdnWnBJSFVqaTNpZWRhVlh5M0dxT3JMRXJXb3ZKUE5fV3BqYUpUWm5zdENFSVVoc3g4QnI1eHI2TnM2cFNwSWNqQk5WZEJMWUVlSndzWENiZTkxSmozNXQ1REhaTzY4UkxVYWlKM0txTEFxMjRwYlNJcHluQWtpa2tvNmM4NkNxVERJdVdqVkhseWo1SEd1SVNvU0NWa2JOXzB5TVlIVmJqY254?oc=5\" target=\"_blank\" rel=\"nofollow noopener\">Sur les traces de Cezanne \u00e0 Aix-en-Provence : les carri\u00e8res de Bib\u00e9mus<\/a>&nbsp;&nbsp;France Info<\/li>\n<li><a href=\"https:\/\/news.google.com\/rss\/articles\/CBMiugFBVV95cUxNVzl1VFNkNkFsR0tGUU5BU2x2S3FOTnl0cGR3MnZ2d1Q2UGNSQmJDZ3pzT1VVM0MwYlExTktHdUYyMEhuLW5ocERpWjJpdmJBdzdHWGI4ODFzeWEtWV9BNS1oUXAwQU1zZ0lTWTk0OHliczJzVXJNbVROUWFYOWU5cDBJWmJXYmp3d2p1c1JYRjZpOF9nWlNNWDV1ZjQ1cldVdTg3WUw0ZXpCUXc3VjdYN0pMSEFRTlBCZGc?oc=5\" target=\"_blank\" rel=\"nofollow noopener\">C\u00e9zanne et les secrets du Jas de Bouffan en replay<\/a>&nbsp;&nbsp;France TV<\/li>\n<li><a href=\"https:\/\/news.google.com\/rss\/articles\/CBMivAFBVV95cUxPeTJzSTdXWWpyRUo5UlllZjJpTzdack5YZzdGemF4TmxBMUhWUTlkZDVVWDJTUEVnNEpkZjlYck50YWUzWTVsV1pPaFdDUHQ4Rkx1SGhMQmQ4WWN3dzd2QzQ5cHBDNFJUQkFBOHZqaHJib0Uxdjc5U1N1RFNCeGQ0eVRMdmZOOUJCRmNJdkNrV3EwbTN1LWFFcmVrY1hJdDB5VTA5aW41clhFbElNUGt4eVE0R2RTZTRHS1JVSg?oc=5\" target=\"_blank\" rel=\"nofollow noopener\">Episode 8 &#8211; L&rsquo;\u00e9volution des Sainte-Victoire<\/a>&nbsp;&nbsp;Radio France<\/li>\n<li><a href=\"https:\/\/news.google.com\/rss\/articles\/CBMivgFBVV95cUxPSlRobmJrUGdWVEZUQThhX2pPSk1sS3prTzVNYlpJajJrQVVuc0tGV25fOEs4aUJ2M0d1bW5xRS1mNjZmcDhaSU9hZkFXc2F1SHA5dy1RYkpfQV9OcFlKUEs0aUV3UDFieGFSeFJSckpUTHdkTlp4VUhXYVlTWTh5aGZaQ0hlMEpVb0ZlYlZuVVJsRUVyZFZzNXNiN1dRU0c5VGJDSTdjcEJBZXZOck9aSFM2YkJka0FBSnZTUkpn?oc=5\" target=\"_blank\" rel=\"nofollow noopener\">VID\u00c9O &#8211; D\u00e9couvrez l&rsquo;exposition historique de Paul Cezanne qui s&rsquo;ouvre ce samedi \u00e0 Aix-en-Provence<\/a>&nbsp;&nbsp;francebleu.fr<\/li>\n<\/ol>\n","protected":false},"excerpt":{"rendered":"Environ 1 500 personnes ont assist\u00e9 au vernissage de l&rsquo;exposition \u00ab\u00a0Cezanne au Jas de Bouffan\u00a0\u00bb au mus\u00e9e Granet&nbsp;&nbsp;La&hellip;\n","protected":false},"author":2,"featured_media":1445,"comment_status":"","ping_status":"","sticky":false,"template":"","format":"standard","meta":{"footnotes":""},"categories":[1358],"tags":[1348,1384,1385,1386,58,59,1011,27],"class_list":{"0":"post-207039","1":"post","2":"type-post","3":"status-publish","4":"format-standard","5":"has-post-thumbnail","7":"category-arts-et-design","8":"tag-arts","9":"tag-arts-and-design","10":"tag-arts-et-design","11":"tag-design","12":"tag-divertissement","13":"tag-entertainment","14":"tag-fr","15":"tag-france"},"share_on_mastodon":{"url":"https:\/\/pubeurope.com\/@fr\/114752410344471982","error":""},"_links":{"self":[{"href":"https:\/\/www.europesays.com\/fr\/wp-json\/wp\/v2\/posts\/207039","targetHints":{"allow":["GET"]}}],"collection":[{"href":"https:\/\/www.europesays.com\/fr\/wp-json\/wp\/v2\/posts"}],"about":[{"href":"https:\/\/www.europesays.com\/fr\/wp-json\/wp\/v2\/types\/post"}],"author":[{"embeddable":true,"href":"https:\/\/www.europesays.com\/fr\/wp-json\/wp\/v2\/users\/2"}],"replies":[{"embeddable":true,"href":"https:\/\/www.europesays.com\/fr\/wp-json\/wp\/v2\/comments?post=207039"}],"version-history":[{"count":0,"href":"https:\/\/www.europesays.com\/fr\/wp-json\/wp\/v2\/posts\/207039\/revisions"}],"wp:featuredmedia":[{"embeddable":true,"href":"https:\/\/www.europesays.com\/fr\/wp-json\/wp\/v2\/media\/1445"}],"wp:attachment":[{"href":"https:\/\/www.europesays.com\/fr\/wp-json\/wp\/v2\/media?parent=207039"}],"wp:term":[{"taxonomy":"category","embeddable":true,"href":"https:\/\/www.europesays.com\/fr\/wp-json\/wp\/v2\/categories?post=207039"},{"taxonomy":"post_tag","embeddable":true,"href":"https:\/\/www.europesays.com\/fr\/wp-json\/wp\/v2\/tags?post=207039"}],"curies":[{"name":"wp","href":"https:\/\/api.w.org\/{rel}","templated":true}]}}