{"id":207044,"date":"2025-06-27T00:08:11","date_gmt":"2025-06-27T00:08:11","guid":{"rendered":"https:\/\/www.europesays.com\/fr\/207044\/"},"modified":"2025-06-27T00:08:11","modified_gmt":"2025-06-27T00:08:11","slug":"une-edition-reussie-sous-une-chaleur-record","status":"publish","type":"post","link":"https:\/\/www.europesays.com\/fr\/207044\/","title":{"rendered":"une \u00e9dition r\u00e9ussie sous une chaleur record"},"content":{"rendered":"<p><strong>NOUS Y \u00c9TIONS &#8211;<\/strong> Avec plus de femmes sur sc\u00e8ne et des artistes comme Linkin Park ou Muse, les 280\u00a0000 festivaliers ont vibr\u00e9 pendant quatre jours malgr\u00e9 la canicule.<\/p>\n<p class=\"fig-paragraph\">Le Hellfest 2025 s\u2019est tenu du 19 au 22 juin \u00e0 Clisson dans une ambiance survolt\u00e9e. Avec 280\u00a0000 festivaliers r\u00e9unis sur quatre jours \u2014 un nouveau record \u2014 le plus grand festival de musiques extr\u00eames de France a une nouvelle fois relev\u00e9 le d\u00e9fi, malgr\u00e9 une canicule \u00e9crasante (des pointes \u00e0 37\u202f\u00b0C) qui aurait pu doucher l\u2019enthousiasme du public. Gr\u00e2ce aux zones de rafra\u00eechissement, aux brumisateurs g\u00e9ants, aux points d\u2019eau gratuits, aux consignes de pr\u00e9vention HellCare et \u00e0 une augmentation des effectifs de s\u00e9curit\u00e9 sur les points strat\u00e9giques, l\u2019organisation a permis \u00e0 la f\u00eate de se d\u00e9rouler sans incident majeur.<\/p>\n<p class=\"fig-paragraph\">Sur le plan artistique, le cru 2025 a offert une affiche \u00e9clectique d\u2019une rare intensit\u00e9. Pendant ces quatre jours de concert, nous avons couvert 50 concerts, plus de 20 km parcourus par jour pour passer de sc\u00e8ne en sc\u00e8ne. Le Hellfest demande une vraie pr\u00e9paration physique si on veut tenir le choc. D\u00e8s le premier jour, le groupe australien <strong>Airbourn <\/strong>(grand habitu\u00e9 du Festival), a r\u00e9veill\u00e9 une foule assomm\u00e9e par la chaleur gr\u00e2ce \u00e0 une prestation furieuse et acrobatique, tandis que le final du dimanche a \u00e9t\u00e9 assur\u00e9 par un <strong>Korn, <\/strong>pionnier du nu m\u00e9tal<strong>,<\/strong> en pleine forme, livrant un show \u00e0 la hauteur de sa carri\u00e8re.<\/p>\n<p>    Falling In Reverse, emmen\u00e9 par Ronnie Radke, en pleine fusion avec le public lors du titre The Drug in Me Is You.<br \/>\n                Lo\u00efc Chaslin<\/p>\n<p>Les artistes f\u00e9minines \u00e0 l\u2019honneur et Muse, la l\u00e9gende<\/p>\n<p class=\"fig-paragraph\">Les artistes f\u00e9minines ont \u00e9t\u00e9 mises \u00e0 l\u2019honneur vendredi sur la sc\u00e8ne principale. La jeune formation <strong>Sun<\/strong> a ouvert les hostilit\u00e9s, suivie par la charismatique <strong>Charlotte Wessels<\/strong>, avant une prestation plus mitig\u00e9e d\u2019<strong>Amira Elfeky<\/strong>. La d\u00e9couverte du jour revient aux Mexicaines de <strong>The Warning<\/strong>, impressionnantes d\u2019\u00e9nergie et de justesse. \u00c0 l\u2019inverse, les Canadiens de <strong>Spiritbox <\/strong>et <strong>Courtney La plante<\/strong> ont malheureusement d\u00e9\u00e7u, incapable de reproduire la pr\u00e9cision de ses enregistrements en live.<\/p>\n<p class=\"fig-paragraph\">L\u2019organisation a soulign\u00e9 une hausse sensible des artistes f\u00e9minines sur la programmation (environ 25\u202f% de la line-up contre 18\u202f% l\u2019an dernier), une progression encourageante m\u00eame si le festival peut encore aller plus loin sur ce front.<\/p>\n<p class=\"fig-paragraph\">La soir\u00e9e de vendredi a \u00e9t\u00e9 couronn\u00e9e par la prestation de\u00a0<a href=\"http:\/\/www.lefigaro.fr\/musique\/des-fans-turcs-font-pression-sur-le-groupe-muse-pour-qu-ils-annulent-un-concert-a-istanbul-20250401\" data-fig-type=\"NewsFlash\" data-gtm-custom-categorie=\"navigation\" data-gtm-custom-action=\"crossclick\" data-gtm-custom-label=\"Contextuel\" data-gtm-event=\"customEventSPE\" data-fig-domain=\"LEFIGARO\" rel=\"nofollow noopener\" target=\"_blank\"><strong>Muse<\/strong>.<\/a>\u00a0Malgr\u00e9 un souci technique en d\u00e9but de set, le groupe a prouv\u00e9 qu\u2019il avait pleinement sa place au Hellfest gr\u00e2ce \u00e0 une performance a\u00e9rienne et puissante. On notera le clin d\u2019\u0153il du groupe \u00e0\u00a0<a href=\"http:\/\/www.lefigaro.fr\/musique\/gojira-nakamura-cerrone-piaf-sur-les-plateformes-et-les-reseaux-l-explosion-des-artistes-de-la-ceremonie-des-jo-20240731\" data-fig-type=\"NewsFlash\" data-gtm-custom-categorie=\"navigation\" data-gtm-custom-action=\"crossclick\" data-gtm-custom-label=\"Contextuel\" data-gtm-event=\"customEventSPE\" data-fig-domain=\"LEFIGARO\" rel=\"nofollow noopener\" target=\"_blank\"><strong>Gojira<\/strong><\/a> \u00a0(groupe fran\u00e7ais pr\u00e9sent lors de la c\u00e9r\u00e9monie d\u2019ouverture des JO de Paris 2024) en reprenant l\u2019intro de Stranded, grandement appr\u00e9ci\u00e9 par tous les festivaliers.<\/p>\n<p>    Malgr\u00e9 un souci technique avec sa guitare, Muse a livr\u00e9 une performance a\u00e9rienne et puissante.<br \/>\n                Lo\u00efc Chaslin<\/p>\n<p><strong>Le m\u00e9tal progressif et les guitares heroes au sommet<\/strong><\/p>\n<p class=\"fig-paragraph\">Le samedi a r\u00e9serv\u00e9 son lot de moments d\u2019exception. La journ\u00e9e commen\u00e7ait par la fran\u00e7aise <strong>Lucie Sue<\/strong> mettant en jambes un public assez pr\u00e9sent \u00e9tant donn\u00e9 l\u2019horaire. Le metal progressif est bien pr\u00e9sent en cette journ\u00e9e avec la pr\u00e9sence le groupe Urne mais surtout avec le groupe <strong>Leprous <\/strong>-port\u00e9 par la voix splendide d\u2019Einar Solberg- et Dream Theater dont la technicit\u00e9 musicale est reconnue dans le monde entier avec John Petrucci inspir\u00e9 \u00e0 la guitare, Mike Portnoy de retour \u00e0 la batterie plus \u00e9nergique que jamais. Les sets de <strong>Conan<\/strong> et d\u2019<strong>Agriculture<\/strong> ont marqu\u00e9 les esprits par leur intensit\u00e9, prouvant que la sc\u00e8ne du Doom et Blackgaze sont bien vivantes. On n\u2019oubliera pas la belle prestation des deux guitaristes de g\u00e9nies <strong>Steve Vai <\/strong>et <strong>Joe Satriani<\/strong>.<\/p>\n<p class=\"fig-paragraph\">La plus grosse d\u00e9ception viendra de l\u2019horrible prestation de <strong>Scorpions.<\/strong> Le groupe allemand s\u2019efforce d\u2019entretenir une flamme qui est malheureusement \u00e9teinte depuis quelques ann\u00e9es. Pour chasser cette d\u00e9ception rien de mieux que finir la soir\u00e9e avec le groupe am\u00e9ricain <strong>Turnstile<\/strong> qui pr\u00e9sentait son nouvel album sorti quelques jours plut\u00f4t. Depuis leur cr\u00e9ation en 2010, le groupe est pass\u00e9 du statut de trublion au statut de pilier du hardcore.<\/p>\n<p>    La canicule n\u2019a rien g\u00e2ch\u00e9 aux plaisirs des visiteurs et l\u2019organisation avait bien anticip\u00e9 les besoins de rafraichissements notamment gr\u00e2ce \u00e0 des arches.<br \/>\n                Lo\u00efc Chaslin<\/p>\n<p>Une cl\u00f4ture survolt\u00e9e<\/p>\n<p class=\"fig-paragraph\">Dimanche 22 juin fut la journ\u00e9e la plus dynamique du week-end. Gr\u00e2ce \u00e0 une petite accalmie sur le plan thermique, le public a retrouv\u00e9 des forces pour accueillir<strong> Novelist<\/strong>, jeune groupe fran\u00e7ais en pleine ascension, qui a confirm\u00e9 le talent entendu sur leur dernier album.<\/p>\n<p class=\"fig-paragraph\">La prestation de <strong>Motionless In White<\/strong>, boost\u00e9e par une pyrotechnie presque trop intense, a n\u00e9cessit\u00e9 une vigilance accrue dans les premiers rangs. \u00c0 noter aussi la surprise<strong> Cypress Hill<\/strong>, ic\u00f4nes du rap US, qui ont fait jumper le Hellfest sur des classiques tels qu\u2019Insane in the Brain, Superstar ou la mythique reprise de Jump Around d\u2019House of Pain. Enfin, le tr\u00e8s attendu set de <strong>Falling In Reverse<\/strong>, emmen\u00e9 par Ronnie Radke, a livr\u00e9 un post-hardcore ultra-\u00e9nergique.<\/p>\n<p class=\"fig-paragraph\">Le moment fort de ce Hellfest 2025 restera le grand retour de<a href=\"http:\/\/www.lefigaro.fr\/sports\/football\/ligue-des-champions\/ligue-des-champions-le-groupe-de-rock-linkin-park-ouvrira-le-bal-de-la-finale-a-munich-20250416\" data-fig-type=\"NewsFlash\" data-gtm-custom-categorie=\"navigation\" data-gtm-custom-action=\"crossclick\" data-gtm-custom-label=\"Contextuel\" data-gtm-event=\"customEventSPE\" data-fig-domain=\"LEFIGARO\" rel=\"nofollow noopener\" target=\"_blank\">\u00a0<strong>Linkin Park<\/strong><\/a>, emmen\u00e9 par leur nouvelle chanteuse Emily Armstrong. Malgr\u00e9 la pol\u00e9mique sur le nom du groupe, le public a r\u00e9serv\u00e9 un accueil triomphal \u00e0 la formation. Emily, malgr\u00e9 des probl\u00e8mes de sant\u00e9 pendant le show, a livr\u00e9 une prestation vocale \u00e0 la hauteur du regrett\u00e9 Chester Bennington, disparu en 2017. Une \u00e9dition pleine de sueur, de riffs et d\u2019\u00e9motions. Les billets pour la prochaine \u00e9dition seront mis en vente le 8 juillet 2026. Comme le dit le groupe Korn\u00a0: \u00ab Are You Ready\u00a0\u00bb\u00a0!<\/p>\n","protected":false},"excerpt":{"rendered":"NOUS Y \u00c9TIONS &#8211; Avec plus de femmes sur sc\u00e8ne et des artistes comme Linkin Park ou Muse,&hellip;\n","protected":false},"author":2,"featured_media":207045,"comment_status":"","ping_status":"","sticky":false,"template":"","format":"standard","meta":{"footnotes":""},"categories":[1355],"tags":[2937,2932,2935,1696,2934,58,2933,59,1011,27,16501,1361,873,2936,1698],"class_list":{"0":"post-207044","1":"post","2":"type-post","3":"status-publish","4":"format-standard","5":"has-post-thumbnail","7":"category-musique","8":"tag-artistes","9":"tag-cd","10":"tag-chansons","11":"tag-chanteur","12":"tag-chason","13":"tag-divertissement","14":"tag-dvd","15":"tag-entertainment","16":"tag-fr","17":"tag-france","18":"tag-hellfest","19":"tag-music","20":"tag-musique","21":"tag-musique-classique","22":"tag-musiques"},"share_on_mastodon":{"url":"https:\/\/pubeurope.com\/@fr\/114752422149356765","error":""},"_links":{"self":[{"href":"https:\/\/www.europesays.com\/fr\/wp-json\/wp\/v2\/posts\/207044","targetHints":{"allow":["GET"]}}],"collection":[{"href":"https:\/\/www.europesays.com\/fr\/wp-json\/wp\/v2\/posts"}],"about":[{"href":"https:\/\/www.europesays.com\/fr\/wp-json\/wp\/v2\/types\/post"}],"author":[{"embeddable":true,"href":"https:\/\/www.europesays.com\/fr\/wp-json\/wp\/v2\/users\/2"}],"replies":[{"embeddable":true,"href":"https:\/\/www.europesays.com\/fr\/wp-json\/wp\/v2\/comments?post=207044"}],"version-history":[{"count":0,"href":"https:\/\/www.europesays.com\/fr\/wp-json\/wp\/v2\/posts\/207044\/revisions"}],"wp:featuredmedia":[{"embeddable":true,"href":"https:\/\/www.europesays.com\/fr\/wp-json\/wp\/v2\/media\/207045"}],"wp:attachment":[{"href":"https:\/\/www.europesays.com\/fr\/wp-json\/wp\/v2\/media?parent=207044"}],"wp:term":[{"taxonomy":"category","embeddable":true,"href":"https:\/\/www.europesays.com\/fr\/wp-json\/wp\/v2\/categories?post=207044"},{"taxonomy":"post_tag","embeddable":true,"href":"https:\/\/www.europesays.com\/fr\/wp-json\/wp\/v2\/tags?post=207044"}],"curies":[{"name":"wp","href":"https:\/\/api.w.org\/{rel}","templated":true}]}}