{"id":207046,"date":"2025-06-27T00:09:14","date_gmt":"2025-06-27T00:09:14","guid":{"rendered":"https:\/\/www.europesays.com\/fr\/207046\/"},"modified":"2025-06-27T00:09:14","modified_gmt":"2025-06-27T00:09:14","slug":"les-dix-meilleurs-films-de-2025-jusquici-dapres-variety","status":"publish","type":"post","link":"https:\/\/www.europesays.com\/fr\/207046\/","title":{"rendered":"Les dix meilleurs films de 2025 jusqu\u2019ici, d&rsquo;apr\u00e8s \u00ab Variety \u00bb"},"content":{"rendered":"<p class=\"mb-4 text-lg md:leading-8 break-words\">Le premier semestre de\u00a02025\u00a0touche \u00e0 sa fin \u2013 tout comme le cycle des premiers grands films de l&rsquo;ann\u00e9e. D\u00e8s janvier, Le Point dressait la <a class=\"link \" href=\"https:\/\/www.lepoint.fr\/culture\/les-films-les-plus-attendus-de-2025--04-01-2025-2579178_3.php\" rel=\"nofollow noopener\" target=\"_blank\" data-ylk=\"slk:liste des longs-m\u00e9trages les plus attendus;elm:context_link;itc:0;sec:content-canvas\">liste des longs-m\u00e9trages les plus attendus<\/a>. Ce jeudi, c&rsquo;est Variety, m\u00e9dia culturel am\u00e9ricain de r\u00e9f\u00e9rence, qui publie son palmar\u00e8s des meilleures productions du premier semestre.<\/p>\n<p>A Normal Family, de Hur Jin-ho<\/p>\n<p class=\"mb-4 text-lg md:leading-8 break-words\">Les films &#8211;\u00a0et <a class=\"link \" href=\"https:\/\/www.lepoint.fr\/pop-culture\/que-vaut-la-tant-attendue-saison-2-de-squid-game-27-12-2024-2578779_2920.php\" rel=\"nofollow noopener\" target=\"_blank\" data-ylk=\"slk:s\u00e9ries;elm:context_link;itc:0;sec:content-canvas\">s\u00e9ries<\/a> &#8211;\u00a0sud-cor\u00e9ens ont d\u00e9finitivement la cote. Dans \u00ab\u00a0A Normal Family\u00a0\u00bb, \u00e9galement au classement de Variety, deux fr\u00e8res ais\u00e9s (le premier, un avocat mat\u00e9rialiste, et le second, un chirurgien id\u00e9aliste) ne se fr\u00e9quentent plus, se retrouvant uniquement chaque mois autour d&rsquo;un d\u00eener hupp\u00e9 \u00e0 S\u00e9oul\u2026 Jusqu&rsquo;\u00e0 ce que tout bascule, lorsque leurs enfants sont impliqu\u00e9s dans une violente agression film\u00e9e.<\/p>\n<p class=\"mb-4 text-lg md:leading-8 break-words\"><a class=\"link \" href=\"https:\/\/www.lepoint.fr\/pop-culture\/a-normal-family-le-meilleur-du-cinema-coreen-a-la-sauce-parasite-11-06-2025-2591808_2920.php\" rel=\"nofollow noopener\" target=\"_blank\" data-ylk=\"slk:Pous nous;elm:context_link;itc:0;sec:content-canvas\">Pous nous <\/a>, c&rsquo;est un grand oui\u00a0: \u00e0 la fois thriller psychologique, satire sociale, film \u00e0 suspense, portrait d&rsquo;une soci\u00e9t\u00e9, \u00ab\u00a0A Normal Family\u00a0\u00bb m\u00e9rite, d&rsquo;apr\u00e8s la r\u00e9daction, sa place au classement.<\/p>\n<p class=\"mb-4 text-lg md:leading-8 break-words\">\u00c0 LIRE AUSSI <strong class=\"strong\"><a href=\"https:\/\/www.lepoint.fr\/culture\/k-pop-cinema-series-webtoons-pourquoi-la-coree-nous-fascine-t-elle-autant-10-05-2023-2519585_3.php\" rel=\"nofollow noopener\" target=\"_blank\" data-ylk=\"slk:K-pop, cin\u00e9ma, s\u00e9ries, webtoons...\u00a0: pourquoi la Cor\u00e9e nous fascine-t-elle autant\u00a0?;elm:context_link;itc:0;sec:content-canvas\" class=\"link \">K-pop, cin\u00e9ma, s\u00e9ries, webtoons&#8230;\u00a0: pourquoi la Cor\u00e9e nous fascine-t-elle autant\u00a0?<\/a><\/strong><\/p>\n<p>The Alto Knights, avec Robert de Niro<\/p>\n<p class=\"mb-4 text-lg md:leading-8 break-words\">Variety voit en ce \u00ab\u00a0drame r\u00e9aliste et vivifiant d&rsquo;une violence complexe\u00a0\u00bb un film \u00ab\u00a0criminellement sous-estim\u00e9\u00a0\u00bb. Devant la cam\u00e9ra\u00a0: Robert de Niro, qui incarne non pas un mais deux gangsters de la mafia new-yorkaise jadis amis.<\/p>\n<p class=\"mb-4 text-lg md:leading-8 break-words\">Une mauvaise id\u00e9e pour notre\u00a0r\u00e9daction, qui a <a class=\"link \" href=\"https:\/\/www.lepoint.fr\/culture\/que-vaut-the-alto-knights-avec-robert-de-niro-dans-le-role-de-deux-gangsters-qui-se-dechirent-21-03-2025-2585343_3.php\" rel=\"nofollow noopener\" target=\"_blank\" data-ylk=\"slk:vu le film \u00e0 sa sortie;elm:context_link;itc:0;sec:content-canvas\">vu le film \u00e0 sa sortie<\/a>\u00a0: difficult\u00e9s \u00e0 faire la diff\u00e9rence entre les deux protagonistes Frank Costello, le mafie [&#8230;] <a href=\"https:\/\/www.lepoint.fr\/culture\/les-dix-meilleurs-films-de-2025-jusqu-ici-d-apres-variety-26-06-2025-2593049_3.php\" rel=\"nofollow noopener\" target=\"_blank\" data-ylk=\"slk:Lire la suite;elm:context_link;itc:0;sec:content-canvas\" class=\"link \">Lire la suite<\/a><\/p>\n","protected":false},"excerpt":{"rendered":"Le premier semestre de\u00a02025\u00a0touche \u00e0 sa fin \u2013 tout comme le cycle des premiers grands films de l&rsquo;ann\u00e9e.&hellip;\n","protected":false},"author":2,"featured_media":207047,"comment_status":"","ping_status":"","sticky":false,"template":"","format":"standard","meta":{"footnotes":""},"categories":[1354],"tags":[58,59,1346,1011,27,1739,1360,34600,17008,34601],"class_list":{"0":"post-207046","1":"post","2":"type-post","3":"status-publish","4":"format-standard","5":"has-post-thumbnail","7":"category-films","8":"tag-divertissement","9":"tag-entertainment","10":"tag-films","11":"tag-fr","12":"tag-france","13":"tag-le-point","14":"tag-movies","15":"tag-normal-family","16":"tag-robert-de-niro","17":"tag-variety"},"share_on_mastodon":{"url":"https:\/\/pubeurope.com\/@fr\/114752426052195581","error":""},"_links":{"self":[{"href":"https:\/\/www.europesays.com\/fr\/wp-json\/wp\/v2\/posts\/207046","targetHints":{"allow":["GET"]}}],"collection":[{"href":"https:\/\/www.europesays.com\/fr\/wp-json\/wp\/v2\/posts"}],"about":[{"href":"https:\/\/www.europesays.com\/fr\/wp-json\/wp\/v2\/types\/post"}],"author":[{"embeddable":true,"href":"https:\/\/www.europesays.com\/fr\/wp-json\/wp\/v2\/users\/2"}],"replies":[{"embeddable":true,"href":"https:\/\/www.europesays.com\/fr\/wp-json\/wp\/v2\/comments?post=207046"}],"version-history":[{"count":0,"href":"https:\/\/www.europesays.com\/fr\/wp-json\/wp\/v2\/posts\/207046\/revisions"}],"wp:featuredmedia":[{"embeddable":true,"href":"https:\/\/www.europesays.com\/fr\/wp-json\/wp\/v2\/media\/207047"}],"wp:attachment":[{"href":"https:\/\/www.europesays.com\/fr\/wp-json\/wp\/v2\/media?parent=207046"}],"wp:term":[{"taxonomy":"category","embeddable":true,"href":"https:\/\/www.europesays.com\/fr\/wp-json\/wp\/v2\/categories?post=207046"},{"taxonomy":"post_tag","embeddable":true,"href":"https:\/\/www.europesays.com\/fr\/wp-json\/wp\/v2\/tags?post=207046"}],"curies":[{"name":"wp","href":"https:\/\/api.w.org\/{rel}","templated":true}]}}