{"id":207052,"date":"2025-06-27T00:12:12","date_gmt":"2025-06-27T00:12:12","guid":{"rendered":"https:\/\/www.europesays.com\/fr\/207052\/"},"modified":"2025-06-27T00:12:12","modified_gmt":"2025-06-27T00:12:12","slug":"anna-wintour-figure-de-la-mode-incarnee-par-meryl-streep-sur-grand-ecran-quitte-vogue-us","status":"publish","type":"post","link":"https:\/\/www.europesays.com\/fr\/207052\/","title":{"rendered":"Anna Wintour, figure de la mode, incarn\u00e9e par Meryl Streep sur grand \u00e9cran, quitte Vogue US"},"content":{"rendered":"<p>        <img decoding=\"async\" loading=\"lazy\" src=\"https:\/\/www.europesays.com\/fr\/wp-content\/uploads\/2025\/06\/c3f5349_1685541817027-gettyimages-1442033419.jpg\"  width=\"728\" height=\"409\" alt=\".Anna Wintour figure de la mode, incarn\u00e9e par Meryl Streep sur grand \u00e9cran, quitte Vogue US.\"\/>  <\/p>\n<p>Lia Toby \/ Getty Images<\/p>\n<p>.Anna Wintour figure de la mode, incarn\u00e9e par Meryl Streep sur grand \u00e9cran, quitte Vogue US.<\/p>\n<p class=\"asset asset-text\">M\u00c9DIAS &#8211; Coup de tonnerre\u00a0! La r\u00e9dactrice en chef de l\u2019\u00e9dition am\u00e9ricaine de <a href=\"https:\/\/www.huffingtonpost.fr\/culture\/video\/au-vogue-world-aya-nakamura-a-brille-contrairement-a-la-mise-en-scene-speciale-jo_235910.html\" target=\"_blank\" rel=\"noopener\">Vogue<\/a>, <a href=\"https:\/\/www.huffingtonpost.fr\/culture\/article\/aux-jo-2024-anna-wintour-en-profite-pour-organiser-son-defile-annuel-vogue-world-a-paris_230411.html\" target=\"_blank\" rel=\"noopener\">Anna Wintour<\/a>, figure embl\u00e9matique de la mode ayant inspir\u00e9 le personnage phare du film Le diable s\u2019habille en Prada, a quitt\u00e9 ses fonctions apr\u00e8s environ 40\u00a0ans \u00e0 la direction du magazine, a indiqu\u00e9 ce jeudi 26\u00a0juin la presse am\u00e9ricaine.<\/p>\n<p class=\"asset asset-text\">\u00ab\u00a0Surprise\u00a0! Apr\u00e8s 37\u00a0ans, Anna Wintour\u00a0d\u00e9missionne de son poste de r\u00e9dactrice en chef de Vogue USA. Elle a annonc\u00e9 la nouvelle mercredi matin aux employ\u00e9s\u00a0\u00bb, souligne le Daily Front Row, publication sp\u00e9cialis\u00e9e dans la mode.<\/p>\n<p class=\"asset asset-text\">On ne sait pas encore quand elle quittera son poste de r\u00e9dactrice en chef, mais le m\u00e9dia WWD indique que la recherche de son rempla\u00e7ant ou de sa rempla\u00e7ante est d\u00e9j\u00e0 en cours, souligne <a href=\"https:\/\/www.huffpost.com\/entry\/anna-wintour-vogue-steps-down_n_685d816ae4b06b4a21497f6d?ncid=NEWSSTAND0001\" target=\"_blank\" rel=\"noopener\" title=\"Nouvelle fen\u00eatre\">Le HuffPost US<\/a>.<\/p>\n<p>    M\u00ealer les mondes de la mode et du showbizz    <\/p>\n<p class=\"asset asset-text\">La papesse de la mode toutefois directrice de la r\u00e9daction de Cond\u00e9 Nast et directrice \u00e9ditoriale mondiale de Vogue, pointe la presse am\u00e9ricaine. \u00c0 ce poste, Anna Wintour supervise \u00e9galement toutes les marques du groupe \u00e0 l\u2019\u00e9chelle mondiale, notamment Wired, Vanity Fair, GQ, AD, Cond\u00e9 Nast Traveler, Glamour, Bon App\u00e9tit, Tatler, World of Interiors, Allure et bien d\u2019autres, \u00e0 l\u2019exception du New Yorker.<\/p>\n<p class=\"asset asset-text\">Ag\u00e9e de 75 ans,  Anna Wintour avait fait son entr\u00e9e en 1988 \u00e0 la direction de l\u2019\u00e9dition am\u00e9ricaine de Vogue pour transformer cette publication et en faire l\u2019une des plus suivies et des plus influentes de la mode.<\/p>\n<p class=\"asset asset-text\">Dans son premier num\u00e9ro de Vogue, elle avait notamment remis en cause le \u00ab\u00a0co\u00fbt r\u00e9el d\u2019un bon look\u00a0\u00bb, ce qui avait secou\u00e9 l\u2019industrie, avant ensuite d\u2019ouvrir la Une du magazine \u00e0 des c\u00e9l\u00e9brit\u00e9s, m\u00ealant ainsi les mondes de la mode et du showbizz.<\/p>\n<p class=\"asset asset-text\">Elle a aussi servi \u00e0 son tour de muse pour le personnage iconique de Miranda Priestly, incarn\u00e9 par Meryl Streep, \u00e0 la t\u00eate du magazine fictif de mode \u00ab\u00a0Runway\u00a0\u00bb dans la com\u00e9die romantique \u00e0 succ\u00e8s\u00a0Le diable s\u2019habille en Prada (2006), adapt\u00e9e du roman \u00e9ponyme publi\u00e9 trois ans plus t\u00f4t. Ce film, devenu par la suite une com\u00e9die musicale pr\u00e9sent\u00e9e \u00e0 Chicago et Londres, a contribu\u00e9 \u00e0 fa\u00e7onner la l\u00e9gende d\u2019Anna Wintour dans l\u2019imaginaire public.<\/p>\n","protected":false},"excerpt":{"rendered":"Lia Toby \/ Getty Images .Anna Wintour figure de la mode, incarn\u00e9e par Meryl Streep sur grand \u00e9cran,&hellip;\n","protected":false},"author":2,"featured_media":207053,"comment_status":"","ping_status":"","sticky":false,"template":"","format":"standard","meta":{"footnotes":""},"categories":[8],"tags":[34602,251,58,59,73,1011,27,14,500,985,22546],"class_list":{"0":"post-207052","1":"post","2":"type-post","3":"status-publish","4":"format-standard","5":"has-post-thumbnail","7":"category-divertissement","8":"tag-anna-wintour","9":"tag-culture","10":"tag-divertissement","11":"tag-entertainment","12":"tag-etats-unis","13":"tag-fr","14":"tag-france","15":"tag-international","16":"tag-medias","17":"tag-mode","18":"tag-vogue"},"share_on_mastodon":{"url":"https:\/\/pubeurope.com\/@fr\/114752438017535417","error":""},"_links":{"self":[{"href":"https:\/\/www.europesays.com\/fr\/wp-json\/wp\/v2\/posts\/207052","targetHints":{"allow":["GET"]}}],"collection":[{"href":"https:\/\/www.europesays.com\/fr\/wp-json\/wp\/v2\/posts"}],"about":[{"href":"https:\/\/www.europesays.com\/fr\/wp-json\/wp\/v2\/types\/post"}],"author":[{"embeddable":true,"href":"https:\/\/www.europesays.com\/fr\/wp-json\/wp\/v2\/users\/2"}],"replies":[{"embeddable":true,"href":"https:\/\/www.europesays.com\/fr\/wp-json\/wp\/v2\/comments?post=207052"}],"version-history":[{"count":0,"href":"https:\/\/www.europesays.com\/fr\/wp-json\/wp\/v2\/posts\/207052\/revisions"}],"wp:featuredmedia":[{"embeddable":true,"href":"https:\/\/www.europesays.com\/fr\/wp-json\/wp\/v2\/media\/207053"}],"wp:attachment":[{"href":"https:\/\/www.europesays.com\/fr\/wp-json\/wp\/v2\/media?parent=207052"}],"wp:term":[{"taxonomy":"category","embeddable":true,"href":"https:\/\/www.europesays.com\/fr\/wp-json\/wp\/v2\/categories?post=207052"},{"taxonomy":"post_tag","embeddable":true,"href":"https:\/\/www.europesays.com\/fr\/wp-json\/wp\/v2\/tags?post=207052"}],"curies":[{"name":"wp","href":"https:\/\/api.w.org\/{rel}","templated":true}]}}