{"id":207057,"date":"2025-06-27T00:15:13","date_gmt":"2025-06-27T00:15:13","guid":{"rendered":"https:\/\/www.europesays.com\/fr\/207057\/"},"modified":"2025-06-27T00:15:13","modified_gmt":"2025-06-27T00:15:13","slug":"un-violent-incendie-en-cours-pres-dathenes-des-stations-balneaires-evacuees","status":"publish","type":"post","link":"https:\/\/www.europesays.com\/fr\/207057\/","title":{"rendered":"Un violent incendie en cours pr\u00e8s d\u2019Ath\u00e8nes, des stations baln\u00e9aires \u00e9vacu\u00e9es"},"content":{"rendered":"<p>Un violent incendie s\u2019est d\u00e9clar\u00e9 ce jeudi dans la r\u00e9gion c\u00f4ti\u00e8re de Palaia Fokia, \u00e0 une cinquantaine de kilom\u00e8tres d\u2019<a href=\"https:\/\/www.20minutes.fr\/monde\/athenes\/\" class=\"color-ultramarine c-link\" rel=\"nofollow noopener\" target=\"_blank\">Ath\u00e8nes<\/a>. Il a entra\u00een\u00e9 l\u2019\u00e9vacuation de plusieurs villages environnants, des maisons ont \u00e9t\u00e9 endommag\u00e9es et des dizaines de personnes ont d\u00fb fuir \u00e0 la h\u00e2te.<\/p>\n<p>Le <a href=\"https:\/\/www.20minutes.fr\/planete\/feux-foret\/\" class=\"color-ultramarine c-link\" rel=\"nofollow noopener\" target=\"_blank\">feu<\/a>, attis\u00e9 par des vents violents et des temp\u00e9ratures sup\u00e9rieures \u00e0 35 \u00b0C, a rapidement gagn\u00e9 du terrain dans cette zone tr\u00e8s fr\u00e9quent\u00e9e du fait de la saison estivale, dans laquelle de nombreux Ath\u00e9niens poss\u00e8dent des r\u00e9sidences secondaires. Selon les pompiers, c\u2019est un total de cinq villages qui ont \u00e9t\u00e9 \u00e9vacu\u00e9s, et une cinquantaine de personnes qui ont d\u00fb \u00eatre mises \u00e0 l\u2019abri, \u00ab\u00a0une \u00e9norme bataille contre les flammes entre les habitations\u00a0\u00bb rapporte leur porte-parole.<\/p>\n<\/p>\n<p>Une situation \u00ab\u00a0extr\u00eamement difficile\u00a0\u00bb<\/p>\n<p>Plus de 130 pompiers, appuy\u00e9s par des volontaires, des avions, des h\u00e9licopt\u00e8res et deux patrouilleurs des garde-c\u00f4tes, sont actuellement mobilis\u00e9s pour contenir le feu. Mais les autorit\u00e9s locales parlent d\u2019une situation \u00ab\u00a0d\u2019extr\u00eamement difficile\u00a0\u00bb, attis\u00e9e par le vent et la chaleur. Des champs, oliveraies et habitations ont \u00e9t\u00e9 touch\u00e9s. Sur les images diffus\u00e9es par les m\u00e9dias locaux, on peut voir un \u00e9pais nuage de fum\u00e9e noire qui recouvre la zone c\u00f4ti\u00e8re, et notamment les plages proches du golfe Saronique.<\/p>\n<p>La circulation a \u00e9t\u00e9 coup\u00e9e sur la route reliant Ath\u00e8nes au cap Sounion, en raison de sa proximit\u00e9 du feu. Des centres d\u2019accueil ont \u00e9t\u00e9 mis en place pour les personnes \u00e9vacu\u00e9es, selon le maire de la ville de Saronique, contact\u00e9 par l\u2019AFP. Selon un \u00e9lu local, le feu aurait pu \u00eatre d\u00e9clench\u00e9 par une \u00e9tincelle provenant d\u2019un c\u00e2ble \u00e9lectrique d\u00e9fectueux, sans confirmation officielle pour l\u2019instant. Une r\u00e9union de crise a \u00e9t\u00e9 convoqu\u00e9e dans l\u2019apr\u00e8s-midi \u00e0 Ath\u00e8nes.<\/p>\n<p><a href=\"https:\/\/www.20minutes.fr\/dossier\/rechauffement-climatique\" class=\"c-link c-btn c-btn--primary\" rel=\"nofollow noopener\" target=\"_blank\">Notre dossier sur le r\u00e9chauffement climatique<\/a>Des temp\u00e9ratures extr\u00eames sur tout le pays<\/p>\n<p>La Gr\u00e8ce fait face \u00e0 une premi\u00e8re vague de chaleur, avec des temp\u00e9ratures avoisinant les 40\u00a0\u00b0C, qui doit se poursuivre jusqu\u2019\u00e0 samedi. La Protection civile a plac\u00e9 plusieurs r\u00e9gions, dont l\u2019Attique, en risque \u00ab\u00a0tr\u00e8s \u00e9lev\u00e9\u00a0\u00bb d\u2019incendie. En vingt-quatre heures, 45 d\u00e9parts de feu ont \u00e9t\u00e9 recens\u00e9s dans le pays, selon les pompiers.<\/p>\n<p>Dans le nord-est de la mer \u00c9g\u00e9e, <a href=\"https:\/\/www.20minutes.fr\/monde\/4160034-20250623-grece-proie-violent-incendie-ile-chios-placee-etat-urgence\" class=\"color-ultramarine c-link\" rel=\"nofollow noopener\" target=\"_blank\">un autre feu s\u00e9vit depuis plusieurs jours sur l\u2019\u00eele de Chios<\/a>, sur laquelle plus de 4.000 hectares ont d\u00e9j\u00e0 br\u00fbl\u00e9. En\u00a02024, les incendies avaient d\u00e9truit pr\u00e8s de 45.000 hectares en Gr\u00e8ce.<\/p>\n","protected":false},"excerpt":{"rendered":"Un violent incendie s\u2019est d\u00e9clar\u00e9 ce jeudi dans la r\u00e9gion c\u00f4ti\u00e8re de Palaia Fokia, \u00e0 une cinquantaine de&hellip;\n","protected":false},"author":2,"featured_media":207058,"comment_status":"","ping_status":"","sticky":false,"template":"","format":"standard","meta":{"footnotes":""},"categories":[5],"tags":[47,11,16910,13208,4734,1129,27571,1011,27,8906,14,74,12,5140,28],"class_list":{"0":"post-207057","1":"post","2":"type-post","3":"status-publish","4":"format-standard","5":"has-post-thumbnail","7":"category-international","8":"tag-actualite","9":"tag-actualites","10":"tag-athenes","11":"tag-chaleur","12":"tag-changement-climatique","13":"tag-climat","14":"tag-feux-de-foret","15":"tag-fr","16":"tag-france","17":"tag-grece","18":"tag-international","19":"tag-monde","20":"tag-news","21":"tag-rechauffement-climatique","22":"tag-world"},"share_on_mastodon":{"url":"https:\/\/pubeurope.com\/@fr\/114752449811088205","error":""},"_links":{"self":[{"href":"https:\/\/www.europesays.com\/fr\/wp-json\/wp\/v2\/posts\/207057","targetHints":{"allow":["GET"]}}],"collection":[{"href":"https:\/\/www.europesays.com\/fr\/wp-json\/wp\/v2\/posts"}],"about":[{"href":"https:\/\/www.europesays.com\/fr\/wp-json\/wp\/v2\/types\/post"}],"author":[{"embeddable":true,"href":"https:\/\/www.europesays.com\/fr\/wp-json\/wp\/v2\/users\/2"}],"replies":[{"embeddable":true,"href":"https:\/\/www.europesays.com\/fr\/wp-json\/wp\/v2\/comments?post=207057"}],"version-history":[{"count":0,"href":"https:\/\/www.europesays.com\/fr\/wp-json\/wp\/v2\/posts\/207057\/revisions"}],"wp:featuredmedia":[{"embeddable":true,"href":"https:\/\/www.europesays.com\/fr\/wp-json\/wp\/v2\/media\/207058"}],"wp:attachment":[{"href":"https:\/\/www.europesays.com\/fr\/wp-json\/wp\/v2\/media?parent=207057"}],"wp:term":[{"taxonomy":"category","embeddable":true,"href":"https:\/\/www.europesays.com\/fr\/wp-json\/wp\/v2\/categories?post=207057"},{"taxonomy":"post_tag","embeddable":true,"href":"https:\/\/www.europesays.com\/fr\/wp-json\/wp\/v2\/tags?post=207057"}],"curies":[{"name":"wp","href":"https:\/\/api.w.org\/{rel}","templated":true}]}}