{"id":207059,"date":"2025-06-27T00:16:09","date_gmt":"2025-06-27T00:16:09","guid":{"rendered":"https:\/\/www.europesays.com\/fr\/207059\/"},"modified":"2025-06-27T00:16:09","modified_gmt":"2025-06-27T00:16:09","slug":"quatre-departements-du-sud-de-la-france-en-alerte-orange-vendredi","status":"publish","type":"post","link":"https:\/\/www.europesays.com\/fr\/207059\/","title":{"rendered":"Quatre d\u00e9partements du sud de la France en alerte orange vendredi"},"content":{"rendered":"<p>Avec des valeurs comprises entre 35 et 38 degr\u00e9s sur le pourtour <a href=\"https:\/\/www.20minutes.fr\/dossier\/mediterranee\" class=\"color-ultramarine c-link\" target=\"_blank\" rel=\"noopener\">m\u00e9diterran\u00e9en<\/a>, quatre d\u00e9partements du sud de la France \u2013 les <a href=\"https:\/\/www.20minutes.fr\/dossier\/bouches-rhone\" class=\"color-ultramarine c-link\" target=\"_blank\" rel=\"noopener\">Bouches-du-Rh\u00f4ne<\/a>, le <a href=\"https:\/\/www.20minutes.fr\/societe\/gard\/\" class=\"color-ultramarine c-link\" target=\"_blank\" rel=\"noopener\">Gard<\/a>, l\u2019<a href=\"https:\/\/www.20minutes.fr\/societe\/herault\/\" class=\"color-ultramarine c-link\" target=\"_blank\" rel=\"noopener\">H\u00e9rault<\/a> et les <a href=\"https:\/\/www.20minutes.fr\/dossier\/pyrenees_orientales\" class=\"color-ultramarine c-link\" target=\"_blank\" rel=\"noopener\">Pyr\u00e9n\u00e9es-Orientales<\/a> \u2013 ont \u00e9t\u00e9 plac\u00e9s en vigilance orange \u00e0 la canicule pour la journ\u00e9e de vendredi, a annonc\u00e9 M\u00e9t\u00e9o-France.<\/p>\n<p>Cette vigilance, qui d\u00e9butera \u00e0 midi et se terminera \u00e0 minuit, est notamment due aux temp\u00e9ratures de surface de la M\u00e9diterran\u00e9e, qui pourraient \u00ab\u00a0influencer l\u2019effet des temp\u00e9ratures minimales (et) rendre plus \u00e9touffantes les nuits\u00a0\u00bb, pr\u00e9cise l\u2019organisme de pr\u00e9vision, selon qui il est \u00ab\u00a0probable\u00a0\u00bb que cet \u00e9pisode soit prolong\u00e9 \u00ab\u00a0au cours des prochains jours\u00a0\u00bb.<\/p>\n<\/p>\n<p>Maximales entre 37 et 39\u00a0\u00b0C<\/p>\n<p>Selon M\u00e9t\u00e9o-France, la chaleur va en effet se maintenir sur le pourtour m\u00e9diterran\u00e9en, puis s\u2019\u00e9tendre durant le week-end plus au nord et vers le centre du pays. Cet \u00e9pisode caniculaire va d\u00e9buter avec des valeurs comprises entre 35 et 38\u00a0\u00b0C sur le pourtour m\u00e9diterran\u00e9en, et jusqu\u2019\u00e0 39\u00a0\u00b0C localement, \u00ab\u00a0voire plus en pointe \u00e0 l\u2019int\u00e9rieur des terres\u00a0\u00bb, pr\u00e9cise l\u2019organisme, pr\u00e9venant que la nuit de vendredi \u00e0 samedi sera \u00ab\u00a0tr\u00e8s chaude et \u00e9touffante\u00a0\u00bb. Les maximales de samedi devraient \u00eatre proches de 37 \u00e0 39\u00a0\u00b0C.<\/p>\n","protected":false},"excerpt":{"rendered":"Avec des valeurs comprises entre 35 et 38 degr\u00e9s sur le pourtour m\u00e9diterran\u00e9en, quatre d\u00e9partements du sud de&hellip;\n","protected":false},"author":2,"featured_media":207060,"comment_status":"","ping_status":"","sticky":false,"template":"","format":"standard","meta":{"footnotes":""},"categories":[4],"tags":[47,11,885,6698,1011,27,2679,7089,2681,2487,2357,12,2680,883,882,11548,25,104],"class_list":{"0":"post-207059","1":"post","2":"type-post","3":"status-publish","4":"format-standard","5":"has-post-thumbnail","7":"category-france","8":"tag-actualite","9":"tag-actualites","10":"tag-bouches-du-rhone","11":"tag-canicule","12":"tag-fr","13":"tag-france","14":"tag-gard","15":"tag-herault","16":"tag-languedoc-roussillon","17":"tag-meteo","18":"tag-meteo-france","19":"tag-news","20":"tag-occitanie","21":"tag-paca","22":"tag-provence-alpes-cote-dazur","23":"tag-pyrenees-orientales","24":"tag-republique-francaise","25":"tag-societe"},"share_on_mastodon":{"url":"https:\/\/pubeurope.com\/@fr\/114752453659176040","error":""},"_links":{"self":[{"href":"https:\/\/www.europesays.com\/fr\/wp-json\/wp\/v2\/posts\/207059","targetHints":{"allow":["GET"]}}],"collection":[{"href":"https:\/\/www.europesays.com\/fr\/wp-json\/wp\/v2\/posts"}],"about":[{"href":"https:\/\/www.europesays.com\/fr\/wp-json\/wp\/v2\/types\/post"}],"author":[{"embeddable":true,"href":"https:\/\/www.europesays.com\/fr\/wp-json\/wp\/v2\/users\/2"}],"replies":[{"embeddable":true,"href":"https:\/\/www.europesays.com\/fr\/wp-json\/wp\/v2\/comments?post=207059"}],"version-history":[{"count":0,"href":"https:\/\/www.europesays.com\/fr\/wp-json\/wp\/v2\/posts\/207059\/revisions"}],"wp:featuredmedia":[{"embeddable":true,"href":"https:\/\/www.europesays.com\/fr\/wp-json\/wp\/v2\/media\/207060"}],"wp:attachment":[{"href":"https:\/\/www.europesays.com\/fr\/wp-json\/wp\/v2\/media?parent=207059"}],"wp:term":[{"taxonomy":"category","embeddable":true,"href":"https:\/\/www.europesays.com\/fr\/wp-json\/wp\/v2\/categories?post=207059"},{"taxonomy":"post_tag","embeddable":true,"href":"https:\/\/www.europesays.com\/fr\/wp-json\/wp\/v2\/tags?post=207059"}],"curies":[{"name":"wp","href":"https:\/\/api.w.org\/{rel}","templated":true}]}}