{"id":207061,"date":"2025-06-27T00:17:13","date_gmt":"2025-06-27T00:17:13","guid":{"rendered":"https:\/\/www.europesays.com\/fr\/207061\/"},"modified":"2025-06-27T00:17:13","modified_gmt":"2025-06-27T00:17:13","slug":"apres-le-drame-sur-la8-on-fait-le-point-sur-le-vide-juridique-autour-du-gaz-hilarant","status":"publish","type":"post","link":"https:\/\/www.europesays.com\/fr\/207061\/","title":{"rendered":"Apr\u00e8s le drame sur l\u2019A8, on fait le point sur le vide juridique autour du gaz hilarant"},"content":{"rendered":"<p data-start=\"794\" data-end=\"1114\">C\u2019est <a href=\"https:\/\/www.nicematin.com\/faits-divers\/au-moins-3-morts-dans-un-impressionnant-accident-sur-l-autoroute-pres-de-cannes-l-a8-totalement-coupee-a-la-circulation-991724\" rel=\"nofollow noopener\" target=\"_blank\">un accident d\u2019une violence inou\u00efe<\/a>, qui est survenu peu avant 7\u202fheures ce jeudi 26\u202fjuin sur l\u2019autoroute A8, \u00e0 hauteur de Mandelieu-la-Napoule.<\/p>\n<p data-start=\"794\" data-end=\"1114\">Une collision frontale entre deux v\u00e9hicules a co\u00fbt\u00e9 la vie \u00e0 trois personnes, dont deux jeunes infirmi\u00e8res, m\u00e8res de famille.<\/p>\n<p data-start=\"794\" data-end=\"1114\">Une quatri\u00e8me victime a \u00e9t\u00e9 \u00e9vacu\u00e9e en urgence absolue.<\/p>\n<p data-start=\"1116\" data-end=\"1609\">Les premi\u00e8res constatations ont permis de retrouver plusieurs bouteilles de protoxyde d\u2019azote un gaz utilis\u00e9 \u00e0 l\u2019origine dans les siphons \u00e0 chantilly ou en anesth\u00e9sie \u2013 \u00e0 l\u2019int\u00e9rieur du v\u00e9hicule incrimin\u00e9.<\/p>\n<p data-start=\"1116\" data-end=\"1609\">\u00c0 ce stade, rien ne permet d&rsquo;affirmer que le conducteur en avait consomm\u00e9 au moment de l\u2019impact.<\/p>\n<p data-start=\"1116\" data-end=\"1609\">Mais ces \u00e9l\u00e9ments remettent en lumi\u00e8re les dangers associ\u00e9s \u00e0 ce produit d\u00e9tourn\u00e9 de son usage initial.<\/p>\n<p data-start=\"1661\" data-end=\"2135\">Inhal\u00e9, <a href=\"https:\/\/www.nicematin.com\/sante\/protoxyde-d-azote-un-fleau-aussi-pour-l-environnement-983933\" rel=\"nofollow noopener\" target=\"_blank\">le protoxyde d\u2019azote provoque une euphorie passag\u00e8re<\/a>, une sensation de l\u00e9g\u00e8ret\u00e9, voire des hallucinations.<\/p>\n<p data-start=\"1661\" data-end=\"2135\">On le surnomme \u00ab\u00a0gaz hilarant\u00a0\u00bb. Derri\u00e8re cette appellation anodine se cachent des effets secondaires pr\u00e9occupants: troubles neurologiques, vertiges, perte de conscience, mais aussi d\u00e9sinhibition totale pouvant mener \u00e0 des conduites \u00e0 risque.<\/p>\n<p data-start=\"2137\" data-end=\"2381\">Ce n\u2019est pas la premi\u00e8re fois que le gaz est mentionn\u00e9 dans une affaire dramatique. En 2022, un sapeur-pompier ni\u00e7ois, J\u00e9r\u00e9mie Boulon, avait \u00e9t\u00e9 mortellement percut\u00e9 par un conducteur sous protoxyde d\u2019azote.<\/p>\n<p data-start=\"2137\" data-end=\"2381\">Depuis, les alertes se multiplient.<\/p>\n<p data-start=\"2416\" data-end=\"2794\">Probl\u00e8me: le cadre juridique autour du protoxyde d\u2019azote est extr\u00eamement flou. Bien qu\u2019en d\u00e9but d&rsquo;ann\u00e9e, <a href=\"https:\/\/www.nicematin.com\/politique\/les-jeunes-sont-particulierement-attires-l-interdiction-de-la-vente-de-protoxyde-d-azote-aux-particuliers-adoptee-a-l-assemblee-970739\" rel=\"nofollow noopener\" target=\"_blank\">l&rsquo;Assembl\u00e9e avait vot\u00e9 l&rsquo;interdiction de vente aux particuliers<\/a>, les contr\u00f4les restent rares et les sanctions tr\u00e8s limit\u00e9es.<\/p>\n<p data-start=\"2416\" data-end=\"2794\">Surtout, la loi ne pr\u00e9voit pas aujourd\u2019hui de sanction sp\u00e9cifique pour la conduite sous protoxyde d\u2019azote, contrairement \u00e0 l\u2019alcool ou aux stup\u00e9fiants.<\/p>\n<p data-start=\"2796\" data-end=\"3060\">Et tant que la consommation n\u2019est pas av\u00e9r\u00e9e au moment de l\u2019accident, la justice ne peut s\u2019appuyer que sur des infractions g\u00e9n\u00e9rales, comme la mise en danger de la vie d\u2019autrui.<\/p>\n<p data-start=\"2796\" data-end=\"3060\">Une r\u00e9ponse politique attendue\u00a0<\/p>\n<p data-start=\"3098\" data-end=\"3481\">Pour <a href=\"https:\/\/www.nicematin.com\/securite\/drame-sur-l-autoroute-a8-une-senatrice-des-alpes-maritimes-reclame-des-sanctions-plus-fermes-contre-le-protoxyde-dazote-991775\" rel=\"nofollow noopener\" target=\"_blank\">Alexandra Borchio Fontimp, s\u00e9natrice des Alpes-Maritimes,<\/a> cette situation n\u2019est plus tenable.<\/p>\n<p data-start=\"3098\" data-end=\"3481\">Dans un communiqu\u00e9 transmis apr\u00e8s le drame de Mandelieu, l\u2019\u00e9lue appelle \u00e0 \u00ab\u00a0sanctionner la conduite sous l\u2019emprise de protoxyde d\u2019azote et ce, m\u00eame en l\u2019absence d\u2019accident\u00a0\u00bb, rappelant qu\u2019elle a cosign\u00e9 une proposition de loi visant \u00e0 reconna\u00eetre ce type de conduite comme un d\u00e9lit en soi.<\/p>\n<p data-start=\"3483\" data-end=\"3738\">\u00ab\u00a0Il est n\u00e9cessaire de faire \u00e9voluer la l\u00e9gislation\u00a0\u00bb, plaide-t-elle, r\u00e9clamant des restrictions plus fermes sur l\u2019acc\u00e8s et la distribution de ces bonbonnes, vendues librement en ligne ou dans des commerces de proximit\u00e9.<\/p>\n<p data-start=\"3740\" data-end=\"3908\">Son texte doit \u00eatre examin\u00e9 en seconde lecture au S\u00e9nat dans les prochains jours, dans le cadre plus large du projet de loi visant \u00e0 cr\u00e9er la notion d\u2019homicide routier.<\/p>\n<p data-start=\"3740\" data-end=\"3908\">Mais en l\u2019\u00e9tat actuel du droit, les familles endeuill\u00e9es risquent de ne jamais obtenir justice sur la base d\u2019une consommation de gaz hilarant, si celle-ci venait \u00e0 \u00eatre confirm\u00e9e.\u00a0<\/p>\n","protected":false},"excerpt":{"rendered":"C\u2019est un accident d\u2019une violence inou\u00efe, qui est survenu peu avant 7\u202fheures ce jeudi 26\u202fjuin sur l\u2019autoroute A8,&hellip;\n","protected":false},"author":2,"featured_media":207062,"comment_status":"","ping_status":"","sticky":false,"template":"","format":"standard","meta":{"footnotes":""},"categories":[2],"tags":[11,1011,27,303,12],"class_list":{"0":"post-207061","1":"post","2":"type-post","3":"status-publish","4":"format-standard","5":"has-post-thumbnail","7":"category-actualites","8":"tag-actualites","9":"tag-fr","10":"tag-france","11":"tag-justice","12":"tag-news"},"share_on_mastodon":{"url":"https:\/\/pubeurope.com\/@fr\/114752457721867221","error":""},"_links":{"self":[{"href":"https:\/\/www.europesays.com\/fr\/wp-json\/wp\/v2\/posts\/207061","targetHints":{"allow":["GET"]}}],"collection":[{"href":"https:\/\/www.europesays.com\/fr\/wp-json\/wp\/v2\/posts"}],"about":[{"href":"https:\/\/www.europesays.com\/fr\/wp-json\/wp\/v2\/types\/post"}],"author":[{"embeddable":true,"href":"https:\/\/www.europesays.com\/fr\/wp-json\/wp\/v2\/users\/2"}],"replies":[{"embeddable":true,"href":"https:\/\/www.europesays.com\/fr\/wp-json\/wp\/v2\/comments?post=207061"}],"version-history":[{"count":0,"href":"https:\/\/www.europesays.com\/fr\/wp-json\/wp\/v2\/posts\/207061\/revisions"}],"wp:featuredmedia":[{"embeddable":true,"href":"https:\/\/www.europesays.com\/fr\/wp-json\/wp\/v2\/media\/207062"}],"wp:attachment":[{"href":"https:\/\/www.europesays.com\/fr\/wp-json\/wp\/v2\/media?parent=207061"}],"wp:term":[{"taxonomy":"category","embeddable":true,"href":"https:\/\/www.europesays.com\/fr\/wp-json\/wp\/v2\/categories?post=207061"},{"taxonomy":"post_tag","embeddable":true,"href":"https:\/\/www.europesays.com\/fr\/wp-json\/wp\/v2\/tags?post=207061"}],"curies":[{"name":"wp","href":"https:\/\/api.w.org\/{rel}","templated":true}]}}