{"id":207063,"date":"2025-06-27T00:18:11","date_gmt":"2025-06-27T00:18:11","guid":{"rendered":"https:\/\/www.europesays.com\/fr\/207063\/"},"modified":"2025-06-27T00:18:11","modified_gmt":"2025-06-27T00:18:11","slug":"pres-de-saint-etienne-ou-est-le-python-qui-sest-echappe-dun-appartement-2","status":"publish","type":"post","link":"https:\/\/www.europesays.com\/fr\/207063\/","title":{"rendered":"Pr\u00e8s de Saint-\u00c9tienne : o\u00f9 est le python qui s&rsquo;est \u00e9chapp\u00e9 d&rsquo;un appartement ?"},"content":{"rendered":"<p>Mardi 24 juin, un python s&rsquo;est \u00e9chapp\u00e9 d&rsquo;un appartement \u00e0 Roche-la-Moli\u00e8re, pr\u00e8s de Saint-\u00c9tienne. La police a lanc\u00e9 un avis de recherche. Depuis sa disparition, le reptile reste introuvable.<\/p>\n<p>Il n&rsquo;y a pas de raison de paniquer, m\u00eame si le serpent peut faire peur au premier abord. On vous en parlait sur Radio SCOOP, <b>un python s&rsquo;est \u00e9chapp\u00e9<\/b> d&rsquo;un appartement \u00e0 <b>Roche-la-Moli\u00e8re<\/b>, pr\u00e8s de Saint-\u00c9tienne, le mardi 24 juin.<\/p>\n<p>La police \u00e0 la recherche du python<\/p>\n<p>Le reptile, qui a quitt\u00e9 son terrarium, mesure environ <b>1 m\u00e8tre de long<\/b> et n&rsquo;est pas dangereux pour l&rsquo;homme.<\/p>\n<p>La police nationale a lanc\u00e9 <b>un avis de recherche<\/b> dans la foul\u00e9e pour le retrouver.<\/p>\n<p>Selon nos confr\u00e8res du <a class=\"url\" href=\"https:\/\/www.leprogres.fr\/faits-divers-justice\/2025\/06\/26\/le-python-disparu-toujours-pas-retrouve\" target=\"_blank\" rel=\"nofollow noopener\">Progr\u00e8s<\/a>, ce python \u00ab\u00a0lig\u00e9rien\u00a0\u00bb n&rsquo;a toujours pas \u00e9t\u00e9 retrouv\u00e9 au moment o\u00f9 nous \u00e9crivons ces lignes.<img loading=\"lazy\" decoding=\"async\" src=\"https:\/\/www.europesays.com\/fr\/wp-content\/uploads\/2025\/06\/1750983491_336_img\" width=\"350\" height=\"200\" border=\"0\" title=\"Chien en \u00c3\u00a9t\u00c3\u00a9 - plage\"\/><\/p>\n<p>\u25baSant\u00e9<\/p>\n<p style=\"font-size: 22px;\"><b>Coup de chaud, noyade, eau sal\u00e9e\u2026 attention \u00e0 vos animaux cet \u00e9t\u00e9 !<\/b><\/p>\n<p>Les animaux de compagnie souffrent eux aussi de&#8230;<\/p>\n<p><\/p>\n","protected":false},"excerpt":{"rendered":"Mardi 24 juin, un python s&rsquo;est \u00e9chapp\u00e9 d&rsquo;un appartement \u00e0 Roche-la-Moli\u00e8re, pr\u00e8s de Saint-\u00c9tienne. La police a lanc\u00e9&hellip;\n","protected":false},"author":2,"featured_media":206439,"comment_status":"","ping_status":"","sticky":false,"template":"","format":"standard","meta":{"footnotes":""},"categories":[9653],"tags":[1111,11,2430,1777,674,1011,27,12,34497,25,34498,9920,4001,5067],"class_list":{"0":"post-207063","1":"post","2":"type-post","3":"status-publish","4":"format-standard","5":"has-post-thumbnail","7":"category-saint-etienne","8":"tag-actu","9":"tag-actualites","10":"tag-auvergne-rhone-alpes","11":"tag-eu","12":"tag-europe","13":"tag-fr","14":"tag-france","15":"tag-news","16":"tag-python","17":"tag-republique-francaise","18":"tag-roche-la-molire","19":"tag-saint-tienne","20":"tag-saint-etienne","21":"tag-serpent"},"share_on_mastodon":{"url":"https:\/\/pubeurope.com\/@fr\/114752461495792416","error":""},"_links":{"self":[{"href":"https:\/\/www.europesays.com\/fr\/wp-json\/wp\/v2\/posts\/207063","targetHints":{"allow":["GET"]}}],"collection":[{"href":"https:\/\/www.europesays.com\/fr\/wp-json\/wp\/v2\/posts"}],"about":[{"href":"https:\/\/www.europesays.com\/fr\/wp-json\/wp\/v2\/types\/post"}],"author":[{"embeddable":true,"href":"https:\/\/www.europesays.com\/fr\/wp-json\/wp\/v2\/users\/2"}],"replies":[{"embeddable":true,"href":"https:\/\/www.europesays.com\/fr\/wp-json\/wp\/v2\/comments?post=207063"}],"version-history":[{"count":0,"href":"https:\/\/www.europesays.com\/fr\/wp-json\/wp\/v2\/posts\/207063\/revisions"}],"wp:featuredmedia":[{"embeddable":true,"href":"https:\/\/www.europesays.com\/fr\/wp-json\/wp\/v2\/media\/206439"}],"wp:attachment":[{"href":"https:\/\/www.europesays.com\/fr\/wp-json\/wp\/v2\/media?parent=207063"}],"wp:term":[{"taxonomy":"category","embeddable":true,"href":"https:\/\/www.europesays.com\/fr\/wp-json\/wp\/v2\/categories?post=207063"},{"taxonomy":"post_tag","embeddable":true,"href":"https:\/\/www.europesays.com\/fr\/wp-json\/wp\/v2\/tags?post=207063"}],"curies":[{"name":"wp","href":"https:\/\/api.w.org\/{rel}","templated":true}]}}