{"id":207075,"date":"2025-06-27T00:26:10","date_gmt":"2025-06-27T00:26:10","guid":{"rendered":"https:\/\/www.europesays.com\/fr\/207075\/"},"modified":"2025-06-27T00:26:10","modified_gmt":"2025-06-27T00:26:10","slug":"fermetures-de-voies-prevues-entre-rouen-et-dieppe-pour-la-mise-en-service-dequipements-dynamiques","status":"publish","type":"post","link":"https:\/\/www.europesays.com\/fr\/207075\/","title":{"rendered":"fermetures de voies pr\u00e9vues entre Rouen et Dieppe pour la mise en service d\u2019\u00e9quipements dynamiques"},"content":{"rendered":"<p>\n\t\t\t\t\t La Direction interd\u00e9partementale des routes Nord-Ouest (Dirno) proc\u00e9dera prochainement \u00e0 la mise en service d\u2019\u00e9quipements dynamiques sur la RN27. \u00c0 cette occasion, des fermetures de voies seront mises en place pour une journ\u00e9e, entre le lundi 30 juin et le jeudi 3 juillet 2025, dans une plage horaire allant de 9h \u00e0 17h. La date exacte sera d\u00e9termin\u00e9e selon les conditions m\u00e9t\u00e9orologiques du moment.\n\t\t\t\t <\/p>\n","protected":false},"excerpt":{"rendered":"La Direction interd\u00e9partementale des routes Nord-Ouest (Dirno) proc\u00e9dera prochainement \u00e0 la mise en service d\u2019\u00e9quipements dynamiques sur la&hellip;\n","protected":false},"author":2,"featured_media":207076,"comment_status":"","ping_status":"","sticky":false,"template":"","format":"standard","meta":{"footnotes":""},"categories":[9587],"tags":[1111,11,1777,674,1011,27,1934,12,5161,25,9590,5163],"class_list":{"0":"post-207075","1":"post","2":"type-post","3":"status-publish","4":"format-standard","5":"has-post-thumbnail","7":"category-rouen","8":"tag-actu","9":"tag-actualites","10":"tag-eu","11":"tag-europe","12":"tag-fr","13":"tag-france","14":"tag-infos-locales","15":"tag-news","16":"tag-normandie","17":"tag-republique-francaise","18":"tag-rouen","19":"tag-seine-maritime"},"share_on_mastodon":{"url":"https:\/\/pubeurope.com\/@fr\/114752492960433654","error":""},"_links":{"self":[{"href":"https:\/\/www.europesays.com\/fr\/wp-json\/wp\/v2\/posts\/207075","targetHints":{"allow":["GET"]}}],"collection":[{"href":"https:\/\/www.europesays.com\/fr\/wp-json\/wp\/v2\/posts"}],"about":[{"href":"https:\/\/www.europesays.com\/fr\/wp-json\/wp\/v2\/types\/post"}],"author":[{"embeddable":true,"href":"https:\/\/www.europesays.com\/fr\/wp-json\/wp\/v2\/users\/2"}],"replies":[{"embeddable":true,"href":"https:\/\/www.europesays.com\/fr\/wp-json\/wp\/v2\/comments?post=207075"}],"version-history":[{"count":0,"href":"https:\/\/www.europesays.com\/fr\/wp-json\/wp\/v2\/posts\/207075\/revisions"}],"wp:featuredmedia":[{"embeddable":true,"href":"https:\/\/www.europesays.com\/fr\/wp-json\/wp\/v2\/media\/207076"}],"wp:attachment":[{"href":"https:\/\/www.europesays.com\/fr\/wp-json\/wp\/v2\/media?parent=207075"}],"wp:term":[{"taxonomy":"category","embeddable":true,"href":"https:\/\/www.europesays.com\/fr\/wp-json\/wp\/v2\/categories?post=207075"},{"taxonomy":"post_tag","embeddable":true,"href":"https:\/\/www.europesays.com\/fr\/wp-json\/wp\/v2\/tags?post=207075"}],"curies":[{"name":"wp","href":"https:\/\/api.w.org\/{rel}","templated":true}]}}