{"id":20709,"date":"2025-04-12T22:12:15","date_gmt":"2025-04-12T22:12:15","guid":{"rendered":"https:\/\/www.europesays.com\/fr\/20709\/"},"modified":"2025-04-12T22:12:15","modified_gmt":"2025-04-12T22:12:15","slug":"circulation-perturbee-sur-la25-de-dunkerque-vers-lille-ca-bouchonne-lourdement","status":"publish","type":"post","link":"https:\/\/www.europesays.com\/fr\/20709\/","title":{"rendered":"Circulation perturb\u00e9e sur l\u2019A25 de Dunkerque vers Lille : \u00e7a bouchonne lourdement !"},"content":{"rendered":"<p><img decoding=\"async\" class=\"\" style=\"width:100%\" src=\"https:\/\/www.europesays.com\/fr\/wp-content\/uploads\/2025\/04\/Capture_d__cran_2025_04_12_1029411744475500804.png\" alt=\"bouchons\"\/><\/p>\n<p>D&rsquo;importants ralentissements ce samedi soir sur l&rsquo;A25.<\/p>\n<p>Cr\u00e9dit : Delta FM (illustration)<\/p>\n<p>Les automobilistes circulant sur l\u2019autoroute A25 dans le sens Dunkerque vers Lille doivent s\u2019attendre \u00e0 des<strong> difficult\u00e9s de circulation<\/strong> ce samedi soir.<\/p>\n<p>Vers 18h, les <strong>voies \u00e9taient neutralis\u00e9es entre les communes de Bailleul et Nieppe.<\/strong><\/p>\n<p>La situation est marqu\u00e9e par une <strong>tendance \u00e0 la d\u00e9gradation,<\/strong> ce qui pourrait entra\u00eener un <strong>allongement des temps de parcours et une accentuation des perturbations.<\/strong><\/p>\n<p>Conseil aux usagers : privil\u00e9giez des itin\u00e9raires alternatifs si possible\/<\/p>\n","protected":false},"excerpt":{"rendered":"D&rsquo;importants ralentissements ce samedi soir sur l&rsquo;A25. Cr\u00e9dit : Delta FM (illustration) Les automobilistes circulant sur l\u2019autoroute A25&hellip;\n","protected":false},"author":2,"featured_media":20710,"comment_status":"","ping_status":"","sticky":false,"template":"","format":"standard","meta":{"footnotes":""},"categories":[2815],"tags":[7848,1111,11,4691,6955,7850,4899,3542,5460,7852,920,1777,674,1011,27,7858,811,7855,1307,12,7851,7854,7847,7849,25,7856,7853,7857],"class_list":{"0":"post-20709","1":"post","2":"type-post","3":"status-publish","4":"format-standard","5":"has-post-thumbnail","7":"category-lille","8":"tag-a25","9":"tag-actu","10":"tag-actualites","11":"tag-automobilistes","12":"tag-autoroute","13":"tag-bailleul","14":"tag-bouchon","15":"tag-circulation","16":"tag-degradation","17":"tag-difficultes","18":"tag-dunkerque","19":"tag-eu","20":"tag-europe","21":"tag-fr","22":"tag-france","23":"tag-gros-ralentissements","24":"tag-hauts-de-france","25":"tag-itineraires-alternatifs","26":"tag-lille","27":"tag-news","28":"tag-nieppe","29":"tag-perturbations","30":"tag-perturbee","31":"tag-ralentissements","32":"tag-republique-francaise","33":"tag-samedi-soir","34":"tag-temps-de-parcours","35":"tag-voies-neutralisees"},"share_on_mastodon":{"url":"https:\/\/pubeurope.com\/@fr\/114327292790784873","error":""},"_links":{"self":[{"href":"https:\/\/www.europesays.com\/fr\/wp-json\/wp\/v2\/posts\/20709","targetHints":{"allow":["GET"]}}],"collection":[{"href":"https:\/\/www.europesays.com\/fr\/wp-json\/wp\/v2\/posts"}],"about":[{"href":"https:\/\/www.europesays.com\/fr\/wp-json\/wp\/v2\/types\/post"}],"author":[{"embeddable":true,"href":"https:\/\/www.europesays.com\/fr\/wp-json\/wp\/v2\/users\/2"}],"replies":[{"embeddable":true,"href":"https:\/\/www.europesays.com\/fr\/wp-json\/wp\/v2\/comments?post=20709"}],"version-history":[{"count":0,"href":"https:\/\/www.europesays.com\/fr\/wp-json\/wp\/v2\/posts\/20709\/revisions"}],"wp:featuredmedia":[{"embeddable":true,"href":"https:\/\/www.europesays.com\/fr\/wp-json\/wp\/v2\/media\/20710"}],"wp:attachment":[{"href":"https:\/\/www.europesays.com\/fr\/wp-json\/wp\/v2\/media?parent=20709"}],"wp:term":[{"taxonomy":"category","embeddable":true,"href":"https:\/\/www.europesays.com\/fr\/wp-json\/wp\/v2\/categories?post=20709"},{"taxonomy":"post_tag","embeddable":true,"href":"https:\/\/www.europesays.com\/fr\/wp-json\/wp\/v2\/tags?post=20709"}],"curies":[{"name":"wp","href":"https:\/\/api.w.org\/{rel}","templated":true}]}}