{"id":207093,"date":"2025-06-27T00:37:10","date_gmt":"2025-06-27T00:37:10","guid":{"rendered":"https:\/\/www.europesays.com\/fr\/207093\/"},"modified":"2025-06-27T00:37:10","modified_gmt":"2025-06-27T00:37:10","slug":"nantes-psg-un-report-remis-en-question-ligue-1","status":"publish","type":"post","link":"https:\/\/www.europesays.com\/fr\/207093\/","title":{"rendered":"Nantes-PSG : un report remis en question &#8211; Ligue 1"},"content":{"rendered":"<p>C\u2019est d\u00e9sormais une certitude : dans le calendrier qui sera d\u00e9voil\u00e9 ce vendredi \u00e0 midi par la LFP, le PSG se d\u00e9placera \u00e0 Nantes pour affronter la formation d\u00e9sormais entra\u00een\u00e9e par Luis Castro, \u00e0 l\u2019occasion de la premi\u00e8re journ\u00e9e de Ligue 1.<\/p>\n<p>Alors que plusieurs sources concordantes, dont L\u2019\u00c9quipe, annon\u00e7aient que la LFP ferait un geste en reportant cette rencontre \u2014 afin d\u2019aider le Champion d\u2019Europe, toujours en lice avec un 8e de finale de Coupe du Monde des clubs contre l\u2019Inter Miami et une Supercoupe d\u2019Europe \u00e0 disputer le 13 ao\u00fbt face \u00e0 Tottenham \u2014 le ton semble d\u00e9sormais diff\u00e9rent en Loire-Atlantique.<\/p>\n<p>En effet, Ouest-France affirme que ce report n\u2019est plus d\u2019actualit\u00e9, et que la rencontre se tiendra bien le week-end des 16-17 ao\u00fbt comme initialement pr\u00e9vu. Une communication officielle est d\u00e9sormais attendue de la part de la LFP pour confirmer ou infirmer cette information.<\/p>\n","protected":false},"excerpt":{"rendered":"C\u2019est d\u00e9sormais une certitude : dans le calendrier qui sera d\u00e9voil\u00e9 ce vendredi \u00e0 midi par la LFP,&hellip;\n","protected":false},"author":2,"featured_media":207094,"comment_status":"","ping_status":"","sticky":false,"template":"","format":"standard","meta":{"footnotes":""},"categories":[2818],"tags":[1111,11,3683,2865,34611,1777,674,1011,27,34609,3465,3022,3367,955,766,12,2636,3051,7515,14582,24384,25,34608,34610,3585],"class_list":{"0":"post-207093","1":"post","2":"type-post","3":"status-publish","4":"format-standard","5":"has-post-thumbnail","7":"category-nantes","8":"tag-actu","9":"tag-actualites","10":"tag-alors","11":"tag-atlantique","12":"tag-different","13":"tag-eu","14":"tag-europe","15":"tag-fr","16":"tag-france","17":"tag-indiquer","18":"tag-journee","19":"tag-ligue","20":"tag-loire","21":"tag-match","22":"tag-nantes","23":"tag-news","24":"tag-pays-de-la-loire","25":"tag-premiere","26":"tag-question","27":"tag-remis","28":"tag-report","29":"tag-republique-francaise","30":"tag-semblait","31":"tag-semblerait","32":"tag-tout"},"share_on_mastodon":{"url":"https:\/\/pubeurope.com\/@fr\/114752536195442032","error":""},"_links":{"self":[{"href":"https:\/\/www.europesays.com\/fr\/wp-json\/wp\/v2\/posts\/207093","targetHints":{"allow":["GET"]}}],"collection":[{"href":"https:\/\/www.europesays.com\/fr\/wp-json\/wp\/v2\/posts"}],"about":[{"href":"https:\/\/www.europesays.com\/fr\/wp-json\/wp\/v2\/types\/post"}],"author":[{"embeddable":true,"href":"https:\/\/www.europesays.com\/fr\/wp-json\/wp\/v2\/users\/2"}],"replies":[{"embeddable":true,"href":"https:\/\/www.europesays.com\/fr\/wp-json\/wp\/v2\/comments?post=207093"}],"version-history":[{"count":0,"href":"https:\/\/www.europesays.com\/fr\/wp-json\/wp\/v2\/posts\/207093\/revisions"}],"wp:featuredmedia":[{"embeddable":true,"href":"https:\/\/www.europesays.com\/fr\/wp-json\/wp\/v2\/media\/207094"}],"wp:attachment":[{"href":"https:\/\/www.europesays.com\/fr\/wp-json\/wp\/v2\/media?parent=207093"}],"wp:term":[{"taxonomy":"category","embeddable":true,"href":"https:\/\/www.europesays.com\/fr\/wp-json\/wp\/v2\/categories?post=207093"},{"taxonomy":"post_tag","embeddable":true,"href":"https:\/\/www.europesays.com\/fr\/wp-json\/wp\/v2\/tags?post=207093"}],"curies":[{"name":"wp","href":"https:\/\/api.w.org\/{rel}","templated":true}]}}