{"id":207097,"date":"2025-06-27T00:39:19","date_gmt":"2025-06-27T00:39:19","guid":{"rendered":"https:\/\/www.europesays.com\/fr\/207097\/"},"modified":"2025-06-27T00:39:19","modified_gmt":"2025-06-27T00:39:19","slug":"kevin-diaz-on-disait-que-bordeaux-navait-rien-a-faire-a-se-retrouver-dans-le-monde-amateur-etc","status":"publish","type":"post","link":"https:\/\/www.europesays.com\/fr\/207097\/","title":{"rendered":"K\u00e9vin Diaz : \u00ab\u00a0On disait que Bordeaux n\u2019avait rien \u00e0 faire \u00e0 se retrouver dans le monde amateur, etc\u2026\u00a0\u00bb"},"content":{"rendered":"<p><img width=\"773\" height=\"380\" data-lazy-type=\"image\" src=\"https:\/\/www.europesays.com\/fr\/wp-content\/uploads\/2025\/06\/bandicam-2025-01-13-12-50-32-862-773x380.jpg\" class=\"lazy lazy-hidden attachment-alchemists_thumbnail-lg size-alchemists_thumbnail-lg wp-post-image\" alt=\"\" decoding=\"async\" fetchpriority=\"high\"\/><\/p>\n<p>Sur RMC,\u00a0<strong>K\u00e9vin Diaz<\/strong> s\u2019est exprim\u00e9 sur la<br \/>\nr\u00e9trogradation de l\u2019Olympique Lyonnais, tout en faisant le<br \/>\nparall\u00e8le avec les Girondins de Bordeaux. Pour lui, impossible de<br \/>\ncritiquer la DNCG qui est un organe neutre et ind\u00e9pendant.<\/p>\n<blockquote>\n<p>\u00ab\u00a0Franchement, j\u2019ai une pens\u00e9e pour les supporters<br \/>\nlyonnais. Ils ont eu une saison quand m\u00eame tr\u00e8s compliqu\u00e9e\u2026 Il y a<br \/>\neu des hauts, des bas, deux entraineurs\u2026 Je pense que les<br \/>\nsupporters lyonnais sont agac\u00e9s, et ils doivent quand m\u00eame en avoir<br \/>\nmarre de ce syst\u00e8me o\u00f9 tu as l\u2019impression que tu vas jouer le titre<br \/>\navec une belle \u00e9quipe, et finalement tu es rel\u00e9gu\u00e9 en Ligue 2\u2026<br \/>\nHonn\u00eatement, si je mets \u00e0 la place des supporters lyonnais tu n\u2019as<br \/>\nvraiment pas envie de sourire. C\u2019est une \u00e9ni\u00e8me p\u00e9rip\u00e9tie qui<br \/>\ncommence \u00e0 \u00eatre assez lourde \u00e0 porter [\u2026] C\u2019est s\u00fbr que quand on a<br \/>\nentendu tout ce qu\u2019on a entendu sur l\u2019Olympique Lyonnais, les<br \/>\nr\u00e9clamations, etc\u2026 Aujourd\u2019hui, si l\u2019Olympique Lyonnais \u00e9tait<br \/>\nvraiment r\u00e9trograd\u00e9, le Stade de Reims sauv\u00e9, \u00e7a aura \u00e9t\u00e9 une ann\u00e9e<br \/>\nvraiment particuli\u00e8re\u2026 Honn\u00eatement, je ne pense pas que ce soit une<br \/>\nhistoire de \u2018on ne peut pas faire \u00e7a, c\u2019est le 4\u00e8me club<br \/>\nfran\u00e7ais\u2019\u2026 On ne peut pas leur reprocher, \u00e0 la DNCG\u2026 Il y a encore<br \/>\nquelques semaines, il y a ce qui s\u2019est pass\u00e9 avec Bordeaux, on<br \/>\ndisait que Bordeaux n\u2019avait rien \u00e0 faire \u00e0 se retrouver dans le<br \/>\nmonde amateur, etc\u2026 On a souvent reproch\u00e9 \u00e0 la DNCG de ne pas avoir<br \/>\n\u00e9t\u00e9 assez dure, de ne pas avoir anticip\u00e9 des probl\u00e8mes qui<br \/>\npouvaient arriver \u00e0 ce genre de grand club\u2026 Il y a un moment<br \/>\nmaintenant o\u00f9\u2026 Cela fait quand m\u00eame quelques mois maintenant que<br \/>\nLyon est mis sous surveillance\u2026 \u00bb<\/p>\n<\/blockquote>\n<p style=\"text-align: right;\"><a href=\"http:\/\/girondins4ever.com\" target=\"_blank\" rel=\"noopener\">Retranscription Girondins4Ever<\/a><\/p>\n<p style=\"text-align: center;\"><img loading=\"lazy\" decoding=\"async\" class=\"lazy lazy-hidden alignnone size-full wp-image-526530\" data-lazy-type=\"image\" src=\"https:\/\/www.europesays.com\/fr\/wp-content\/uploads\/2025\/06\/bandicam-2024-07-18-21-31-31-823.jpg\" alt=\"\" width=\"1176\" height=\"784\"  \/><\/p>\n","protected":false},"excerpt":{"rendered":"Sur RMC,\u00a0K\u00e9vin Diaz s\u2019est exprim\u00e9 sur la r\u00e9trogradation de l\u2019Olympique Lyonnais, tout en faisant le parall\u00e8le avec les&hellip;\n","protected":false},"author":2,"featured_media":207098,"comment_status":"","ping_status":"","sticky":false,"template":"","format":"standard","meta":{"footnotes":""},"categories":[2817],"tags":[1111,11,1997,1777,674,1011,27,12,2219,25],"class_list":{"0":"post-207097","1":"post","2":"type-post","3":"status-publish","4":"format-standard","5":"has-post-thumbnail","7":"category-bordeaux","8":"tag-actu","9":"tag-actualites","10":"tag-bordeaux","11":"tag-eu","12":"tag-europe","13":"tag-fr","14":"tag-france","15":"tag-news","16":"tag-nouvelle-aquitaine","17":"tag-republique-francaise"},"share_on_mastodon":{"url":"https:\/\/pubeurope.com\/@fr\/114752544272574691","error":""},"_links":{"self":[{"href":"https:\/\/www.europesays.com\/fr\/wp-json\/wp\/v2\/posts\/207097","targetHints":{"allow":["GET"]}}],"collection":[{"href":"https:\/\/www.europesays.com\/fr\/wp-json\/wp\/v2\/posts"}],"about":[{"href":"https:\/\/www.europesays.com\/fr\/wp-json\/wp\/v2\/types\/post"}],"author":[{"embeddable":true,"href":"https:\/\/www.europesays.com\/fr\/wp-json\/wp\/v2\/users\/2"}],"replies":[{"embeddable":true,"href":"https:\/\/www.europesays.com\/fr\/wp-json\/wp\/v2\/comments?post=207097"}],"version-history":[{"count":0,"href":"https:\/\/www.europesays.com\/fr\/wp-json\/wp\/v2\/posts\/207097\/revisions"}],"wp:featuredmedia":[{"embeddable":true,"href":"https:\/\/www.europesays.com\/fr\/wp-json\/wp\/v2\/media\/207098"}],"wp:attachment":[{"href":"https:\/\/www.europesays.com\/fr\/wp-json\/wp\/v2\/media?parent=207097"}],"wp:term":[{"taxonomy":"category","embeddable":true,"href":"https:\/\/www.europesays.com\/fr\/wp-json\/wp\/v2\/categories?post=207097"},{"taxonomy":"post_tag","embeddable":true,"href":"https:\/\/www.europesays.com\/fr\/wp-json\/wp\/v2\/tags?post=207097"}],"curies":[{"name":"wp","href":"https:\/\/api.w.org\/{rel}","templated":true}]}}