{"id":207104,"date":"2025-06-27T00:44:17","date_gmt":"2025-06-27T00:44:17","guid":{"rendered":"https:\/\/www.europesays.com\/fr\/207104\/"},"modified":"2025-06-27T00:44:17","modified_gmt":"2025-06-27T00:44:17","slug":"un-vehicule-en-panne-sur-la50-provoque-pres-de-4-km-de-bouchon-a-la-sortie-de-marseille","status":"publish","type":"post","link":"https:\/\/www.europesays.com\/fr\/207104\/","title":{"rendered":"un v\u00e9hicule en panne sur l&rsquo;A50 provoque pr\u00e8s de 4 km de bouchon \u00e0 la sortie de Marseille"},"content":{"rendered":"<p>Sur l&rsquo;autoroute A50, \u00e0 hauteur de Saint-Marcel, un v\u00e9hicule est tomb\u00e9 en panne. Cet incident a oblig\u00e9 la Direction interd\u00e9partementale des routes de M\u00e9diterran\u00e9e (Dirmed) de neutraliser une voie en attendant l&rsquo;arriv\u00e9e de la d\u00e9panneuse qui pourra d\u00e9gager le v\u00e9hicule de la chauss\u00e9e. Ce qui fait que, dans le sens Marseille-Aubagne, l&rsquo;A50 est tr\u00e8s charg\u00e9e. On compte m\u00eame un bouchon de pr\u00e8s de quatre kilom\u00e8tres qui remonte pratiquement \u00e0 la premi\u00e8re entr\u00e9e, situ\u00e9e dans la cit\u00e9 phoc\u00e9enne, de cette autoroute.<\/p>\n<p>Une retenue qui touche aussi la rocade L2 puisqu\u2019un embouteillage est en cours, dans le sens Aix-Aubagne. C&rsquo;est compliqu\u00e9 depuis Saint-Jean-du-D\u00e9sert. Il serait prudent d&rsquo;\u00e9viter le secteur pour l&rsquo;heure.<\/p>\n","protected":false},"excerpt":{"rendered":"Sur l&rsquo;autoroute A50, \u00e0 hauteur de Saint-Marcel, un v\u00e9hicule est tomb\u00e9 en panne. Cet incident a oblig\u00e9 la&hellip;\n","protected":false},"author":2,"featured_media":207105,"comment_status":"","ping_status":"","sticky":false,"template":"","format":"standard","meta":{"footnotes":""},"categories":[2814],"tags":[17,1111,11,1777,674,1011,27,1922,4900,884,12,10899,882,7481,25,104,3356,1097,12109],"class_list":{"0":"post-207104","1":"post","2":"type-post","3":"status-publish","4":"format-standard","5":"has-post-thumbnail","7":"category-marseille","8":"tag-17","9":"tag-actu","10":"tag-actualites","11":"tag-eu","12":"tag-europe","13":"tag-fr","14":"tag-france","15":"tag-info","16":"tag-la50","17":"tag-marseille","18":"tag-news","19":"tag-panne","20":"tag-provence-alpes-cote-dazur","21":"tag-provoque","22":"tag-republique-francaise","23":"tag-societe","24":"tag-sur","25":"tag-trafic","26":"tag-vehicule"},"share_on_mastodon":{"url":"https:\/\/pubeurope.com\/@fr\/114752563673764743","error":""},"_links":{"self":[{"href":"https:\/\/www.europesays.com\/fr\/wp-json\/wp\/v2\/posts\/207104","targetHints":{"allow":["GET"]}}],"collection":[{"href":"https:\/\/www.europesays.com\/fr\/wp-json\/wp\/v2\/posts"}],"about":[{"href":"https:\/\/www.europesays.com\/fr\/wp-json\/wp\/v2\/types\/post"}],"author":[{"embeddable":true,"href":"https:\/\/www.europesays.com\/fr\/wp-json\/wp\/v2\/users\/2"}],"replies":[{"embeddable":true,"href":"https:\/\/www.europesays.com\/fr\/wp-json\/wp\/v2\/comments?post=207104"}],"version-history":[{"count":0,"href":"https:\/\/www.europesays.com\/fr\/wp-json\/wp\/v2\/posts\/207104\/revisions"}],"wp:featuredmedia":[{"embeddable":true,"href":"https:\/\/www.europesays.com\/fr\/wp-json\/wp\/v2\/media\/207105"}],"wp:attachment":[{"href":"https:\/\/www.europesays.com\/fr\/wp-json\/wp\/v2\/media?parent=207104"}],"wp:term":[{"taxonomy":"category","embeddable":true,"href":"https:\/\/www.europesays.com\/fr\/wp-json\/wp\/v2\/categories?post=207104"},{"taxonomy":"post_tag","embeddable":true,"href":"https:\/\/www.europesays.com\/fr\/wp-json\/wp\/v2\/tags?post=207104"}],"curies":[{"name":"wp","href":"https:\/\/api.w.org\/{rel}","templated":true}]}}