{"id":207110,"date":"2025-06-27T00:47:23","date_gmt":"2025-06-27T00:47:23","guid":{"rendered":"https:\/\/www.europesays.com\/fr\/207110\/"},"modified":"2025-06-27T00:47:23","modified_gmt":"2025-06-27T00:47:23","slug":"un-tournage-en-cours-ce-que-lon-sait","status":"publish","type":"post","link":"https:\/\/www.europesays.com\/fr\/207110\/","title":{"rendered":"un tournage en cours, ce que l&rsquo;on sait"},"content":{"rendered":"<p>            Par<br \/>\n        <strong><br \/>\n            <a href=\"https:\/\/actu.fr\/auteur\/theo-zuili\" title=\"Consulter tous les articles de Th\u00e9o Zuili\" target=\"_blank\" rel=\"noopener\">Th\u00e9o Zuili<\/a><br \/>\n        <\/strong><\/p>\n<p>        Publi\u00e9 le<\/p>\n<p>            26 juin 2025 \u00e0 15h58        <\/p>\n<p>Les riverains du quartier de la <a href=\"https:\/\/actu.fr\/tag\/croix-rousse\" target=\"_blank\" rel=\"noopener\">Croix-Rousse<\/a> \u00e0 <a href=\"https:\/\/actu.fr\/auvergne-rhone-alpes\/lyon_69123\" target=\"_blank\" rel=\"noopener\">Lyon<\/a> ont peut-\u00eatre crois\u00e9 <strong>deux visages bien connus<\/strong> ces derniers jours. <a href=\"https:\/\/actu.fr\/tag\/pierre-arditi\" target=\"_blank\" rel=\"noopener\">Pierre Arditi<\/a> et <a href=\"https:\/\/actu.fr\/auvergne-rhone-alpes\/lyon_69123\/ceremonie-des-jo-paris-wokisme-sans-filtre-laurent-gerra-fache-apres-ses-propos_61798768.html\" target=\"_blank\" rel=\"noopener\">Laurent Gerra<\/a> ont d\u00e9but\u00e9 le tournage d\u2019un t\u00e9l\u00e9film. Des premi\u00e8res sc\u00e8nes ont \u00e9t\u00e9 rep\u00e9r\u00e9es dans un caf\u00e9 place Bertone (4e arrondissement).<\/p>\n<p class=\" wall-content\">Sur les r\u00e9seaux sociaux, Laurent Gerra a partag\u00e9 une photo le 18 juin pour c\u00e9l\u00e9brer le \u00ab\u00a0premier jour de tournage lyonnais dans la bonne humeur avec l\u2019ami Pierre Arditi\u00a0\u00bb. Le nom de ce futur film ? \u00ab\u00a0Un petit air de bonheur\u00a0\u00bb.<\/p>\n<p class=\" wall-content\"><a href=\"https:\/\/www.instagram.com\/p\/DLHPlfstcBw\/embed\" title=\"Ouvrir le lien sur Instagram\" target=\"_blank\" rel=\"noopener\">Visualiser le contenu sur Instagram<\/a><\/p>\n<p>Un t\u00e9l\u00e9film comique, ode \u00e0 Lyon<\/p>\n<p class=\" wall-content\">Le film comique de Jacques Santamaria, destin\u00e9 \u00e0 France T\u00e9l\u00e9visions pour \u00eatre diffus\u00e9 sur France 3, met en sc\u00e8ne J\u00e9r\u00f4me (Pierre Arditi), un compositeur parisien vieillissant qui retourne \u00e0 Lyon, sa ville natale, pour changer de vie.<\/p>\n<p class=\" wall-content\">Il s\u2019installe au-dessus d\u2019un \u00ab\u00a0charmant petit bouchon de quartier\u00a0\u00bb nomm\u00e9 \u00ab\u00a0Aux Amis retrouv\u00e9s\u00a0\u00bb et fait la connaissance de Sylvestre, restaurateur chaleureux interpr\u00e9t\u00e9 par Laurent Gerra.<\/p>\n<p class=\" wall-content\"><a href=\"https:\/\/www.instagram.com\/p\/DLILEm1tIbg\/embed\" title=\"Ouvrir le lien sur Instagram\" target=\"_blank\" rel=\"noopener\">Visualiser le contenu sur Instagram<\/a><\/p>\n<p class=\" wall-content\">On ne va pas trop vous en dire pour \u00e9viter de divulg\u00e2cher ce film, mais celui-ci s\u2019annonce comme <strong>une ode \u00e0 la culture lyonnaise<\/strong>, entre humour et amour.<\/p>\n<p>Vid\u00e9os : en ce moment sur ActuUn caf\u00e9 lyonnais comme d\u00e9cor<\/p>\n<p class=\" wall-content\">Tourn\u00e9 \u00e0 Lyon jusqu\u2019au 11 juillet, le film durera 90 minutes. Les internautes lyonnais qui suivent Laurent Gerra ont facilement reconnu le restaurant Caf\u00e9 de la Soie, place Bertone, transform\u00e9 pour l\u2019occasion en bouchon typique.<\/p>\n<p>    <a href=\"https:\/\/www.google.com\/maps\/embed?pb=!1m18!1m12!1m3!1d6601.560844219465!2d4.832102276619986!3d45.778087812440404!2m3!1f0!2f0!3f0!3m2!1i1024!2i768!4f13.1!3m3!1m2!1s0x47f4eae17fc4cb33%3A0x2456ad19ea6c12ae!2sRestaurant%20de%20la%20Soie!5e1!3m2!1sfr!2sfr!4v1750945390977!5m2!1sfr!2sfr\" title=\"Ouvrie le lien\" target=\"_blank\" rel=\"noopener\">Cliquez ici pour visualiser le contenu<\/a><\/p>\n<p class=\" wall-content\">Outre Pierre Arditi et Laurent Gerra, le t\u00e9l\u00e9film r\u00e9unit Guillaume Carcaud, Cassiop\u00e9e Mayance, Yuna Nicolino, Marguerite Dabrin, Cl\u00e9mence Bou\u00e9 ou encore Jean-Luc Porraz.<\/p>\n<p class=\" wall-content\">Suivez toute l\u2019actualit\u00e9 de vos villes et m\u00e9dias favoris en vous inscrivant \u00e0 <a href=\"https:\/\/moncompte.actu.fr\" title=\"D\u00e9couvez Mon Actu\" rel=\"nofollow noopener\" data-trk=\"{&quot;cta&quot;:{&quot;action&quot;:&quot;https:\\\/\\\/moncompte.actu.fr&quot;,&quot;category&quot;:&quot;mon compte&quot;,&quot;from&quot;:&quot;article footer&quot;,&quot;name&quot;:&quot;Mon actu&quot;,&quot;type&quot;:&quot;cta&quot;}}\" target=\"_blank\">Mon Actu<\/a>.<\/p>\n<p>                    <script async src=\"\/\/www.instagram.com\/embed.js\"><\/script><\/p>\n","protected":false},"excerpt":{"rendered":"Par Th\u00e9o Zuili Publi\u00e9 le 26 juin 2025 \u00e0 15h58 Les riverains du quartier de la Croix-Rousse \u00e0&hellip;\n","protected":false},"author":2,"featured_media":207111,"comment_status":"","ping_status":"","sticky":false,"template":"","format":"standard","meta":{"footnotes":""},"categories":[1889],"tags":[1111,11,2430,2838,1777,674,11791,1011,27,1757,2428,12,34612,25],"class_list":{"0":"post-207110","1":"post","2":"type-post","3":"status-publish","4":"format-standard","5":"has-post-thumbnail","7":"category-lyon","8":"tag-actu","9":"tag-actualites","10":"tag-auvergne-rhone-alpes","11":"tag-croix-rousse","12":"tag-eu","13":"tag-europe","14":"tag-film-francophone","15":"tag-fr","16":"tag-france","17":"tag-insolite","18":"tag-lyon","19":"tag-news","20":"tag-pierre-arditi","21":"tag-republique-francaise"},"share_on_mastodon":{"url":"https:\/\/pubeurope.com\/@fr\/114752575766627037","error":""},"_links":{"self":[{"href":"https:\/\/www.europesays.com\/fr\/wp-json\/wp\/v2\/posts\/207110","targetHints":{"allow":["GET"]}}],"collection":[{"href":"https:\/\/www.europesays.com\/fr\/wp-json\/wp\/v2\/posts"}],"about":[{"href":"https:\/\/www.europesays.com\/fr\/wp-json\/wp\/v2\/types\/post"}],"author":[{"embeddable":true,"href":"https:\/\/www.europesays.com\/fr\/wp-json\/wp\/v2\/users\/2"}],"replies":[{"embeddable":true,"href":"https:\/\/www.europesays.com\/fr\/wp-json\/wp\/v2\/comments?post=207110"}],"version-history":[{"count":0,"href":"https:\/\/www.europesays.com\/fr\/wp-json\/wp\/v2\/posts\/207110\/revisions"}],"wp:featuredmedia":[{"embeddable":true,"href":"https:\/\/www.europesays.com\/fr\/wp-json\/wp\/v2\/media\/207111"}],"wp:attachment":[{"href":"https:\/\/www.europesays.com\/fr\/wp-json\/wp\/v2\/media?parent=207110"}],"wp:term":[{"taxonomy":"category","embeddable":true,"href":"https:\/\/www.europesays.com\/fr\/wp-json\/wp\/v2\/categories?post=207110"},{"taxonomy":"post_tag","embeddable":true,"href":"https:\/\/www.europesays.com\/fr\/wp-json\/wp\/v2\/tags?post=207110"}],"curies":[{"name":"wp","href":"https:\/\/api.w.org\/{rel}","templated":true}]}}