{"id":207112,"date":"2025-06-27T00:48:23","date_gmt":"2025-06-27T00:48:23","guid":{"rendered":"https:\/\/www.europesays.com\/fr\/207112\/"},"modified":"2025-06-27T00:48:23","modified_gmt":"2025-06-27T00:48:23","slug":"les-routes-du-departement-sont-les-plus-degradees-de-lhexagone-selon-la-cour-des-comptes-2","status":"publish","type":"post","link":"https:\/\/www.europesays.com\/fr\/207112\/","title":{"rendered":"Les routes du d\u00e9partement sont les plus \u00ab d\u00e9grad\u00e9es \u00bb de l\u2019Hexagone, selon la Cour des comptes"},"content":{"rendered":"<p><strong>Podium &#8211; Les infrastructures sont jug\u00e9es vieillissantes, notamment du fait d\u2019un budget &#8211; pr\u00e8s de 170 millions d\u2019euros &#8211; trop limit\u00e9<\/strong><\/p>\n<p>Le<a href=\"https:\/\/www.20minutes.fr\/paris\/3329087-20220722-ile-france-routes-chantier?at_medium=RSS%20feed&amp;at_campaign=ynews&amp;utm_source=yahoo&amp;utm_medium=rss&amp;utm_campaign=news_feed&amp;utm_content=in_article_link\" rel=\"nofollow noopener\" target=\"_blank\" data-ylk=\"slk:r\u00e9seau routier d\u2019Ile-de-France;elm:context_link;itc:0;sec:content-canvas\" class=\"link \"> r\u00e9seau routier d\u2019Ile-de-France<\/a>, c\u2019est 621 km de routes nationales, quatre millions d\u2019automobilistes et un trafic parmi les plus denses d\u2019Europe. Et ce sont aussi les chauss\u00e9es \u00ab les plus d\u00e9grad\u00e9es du r\u00e9seau national \u00bb, selon<a href=\"https:\/\/www.ccomptes.fr\/sites\/default\/files\/2025-06\/20250624-S2025-0365-Gestion-reseau-routier-de-l%27Etat-en-IDF.pdf?at_medium=RSS%20feed&amp;at_campaign=ynews&amp;utm_source=yahoo&amp;utm_medium=rss&amp;utm_campaign=news_feed&amp;utm_content=in_article_link\" rel=\"nofollow noopener\" target=\"_blank\" data-ylk=\"slk:un rapport de la Cour des comptes;elm:context_link;itc:0;sec:content-canvas\" class=\"link \"> un rapport de la Cour des comptes<\/a>. La juridiction charg\u00e9e de contr\u00f4ler la r\u00e9gularit\u00e9 des comptes publics d\u00e9nonce un budget trop limit\u00e9 de l\u2019institution charg\u00e9e de ces routes, la Direction des routes d\u2019\u00cele-de-France (DiRIF), mais aussi un manque de suivi des \u00e9quipes sur le terrain de la part de cette direction et un climat social tendu.<\/p>\n<p>Les infrastructures sont jug\u00e9es vieillissantes, notamment du fait de l\u2019enveloppe budg\u00e9taire &#8211; pr\u00e8s de 170 millions d\u2019euros &#8211; qui semble insuffisante \u00e0 la cour : \u00ab Le budget global d\u2019entretien et d\u2019exploitation se situe, en euros courants, au m\u00eame niveau qu\u2019il y a dix ans \u00bb, d\u00e9nonce-t-elle.<\/p>\n<p>Climat social tendu<\/p>\n<p>S\u2019agissant de la lutte contre la pollution et le bruit, la DiRIF \u00ab ne dispose pas toujours des comp\u00e9tences et des donn\u00e9es requises \u00bb, pointe la juridiction, alors que le r\u00e9seau n\u00e9cessiterait un \u00ab effort de modernisation et de mise aux normes \u00bb. Ce n\u2019est pas d\u2019ailleurs que la DiRIF n\u2019intervient pas sur le terrain, au contraire : ses interventions sont nombreuses, du fait de la circulation dense et des nombreux accidents qui en d\u00e9coulent. Mais ces interventions \u00ab ne font pas l\u2019objet d\u2019un suivi suffisant de la part de la direction \u00bb, se d\u00e9sole la cour, qui recommande l\u2019utilisation d\u2019un outil num\u00e9rique national que la D(&#8230;)<\/p>\n<p><a href=\"https:\/\/www.20minutes.fr\/paris\/4160395-20250625-ile-france-routes-departement-plus-degradees-hexagone-selon-cour-comptes?at_medium=RSS%20feed&amp;at_campaign=ynews&amp;utm_source=yahoo&amp;utm_medium=rss&amp;utm_campaign=news_feed&amp;utm_content=read_more_link\" rel=\"nofollow noopener\" target=\"_blank\" data-ylk=\"slk:Lire la suite sur 20minutes;elm:context_link;itc:0;sec:content-canvas\" class=\"link \">Lire la suite sur 20minutes<\/a><\/p>\n<p>\u00c0 lire aussi :<br \/><a href=\"https:\/\/www.20minutes.fr\/paris\/4111879-20240925-ile-france-enrobes-phoniques-radars-sonores-region-presente-plan-anti-bruit?at_medium=RSS%20feed&amp;at_campaign=ynews&amp;utm_source=yahoo&amp;utm_medium=rss&amp;utm_campaign=news_feed&amp;utm_content=related_content_link\" rel=\"nofollow noopener\" target=\"_blank\" data-ylk=\"slk:\u00cele-de-France : Enrob\u00e9s phoniques, radars sonores\u2026 La r\u00e9gion pr\u00e9sente un plan \u00ab anti-bruit \u00bb;elm:context_link;itc:0;sec:content-canvas\" class=\"link \">\u00cele-de-France : Enrob\u00e9s phoniques, radars sonores\u2026 La r\u00e9gion pr\u00e9sente un plan \u00ab anti-bruit \u00bb<\/a><br \/><a href=\"https:\/\/www.20minutes.fr\/paris\/4056272-20231005-val-oise-bip-route-accusee-mettre-danger-sante-milliers-enfants?at_medium=RSS%20feed&amp;at_campaign=ynews&amp;utm_source=yahoo&amp;utm_medium=rss&amp;utm_campaign=news_feed&amp;utm_content=related_content_link\" rel=\"nofollow noopener\" target=\"_blank\" data-ylk=\"slk:Val-d\u2019Oise : Le \u00ab Bip \u00bb, une route accus\u00e9e de mettre en danger la sant\u00e9 de milliers d\u2019enfants;elm:context_link;itc:0;sec:content-canvas\" class=\"link \">Val-d\u2019Oise : Le \u00ab Bip \u00bb, une route accus\u00e9e de mettre en danger la sant\u00e9 de milliers d\u2019enfants<\/a><\/p>\n","protected":false},"excerpt":{"rendered":"Podium &#8211; Les infrastructures sont jug\u00e9es vieillissantes, notamment du fait d\u2019un budget &#8211; pr\u00e8s de 170 millions d\u2019euros&hellip;\n","protected":false},"author":2,"featured_media":207113,"comment_status":"","ping_status":"","sticky":false,"template":"","format":"standard","meta":{"footnotes":""},"categories":[1592],"tags":[1111,11,24274,1777,674,1011,27,662,12,626,20659,25,34613],"class_list":{"0":"post-207112","1":"post","2":"type-post","3":"status-publish","4":"format-standard","5":"has-post-thumbnail","7":"category-ile-de-france","8":"tag-actu","9":"tag-actualites","10":"tag-direction-des-routes","11":"tag-eu","12":"tag-europe","13":"tag-fr","14":"tag-france","15":"tag-ile-de-france","16":"tag-news","17":"tag-paris","18":"tag-rapport-de-la-cour-des-comptes","19":"tag-republique-francaise","20":"tag-reseau-national"},"share_on_mastodon":{"url":"https:\/\/pubeurope.com\/@fr\/114752579497507907","error":""},"_links":{"self":[{"href":"https:\/\/www.europesays.com\/fr\/wp-json\/wp\/v2\/posts\/207112","targetHints":{"allow":["GET"]}}],"collection":[{"href":"https:\/\/www.europesays.com\/fr\/wp-json\/wp\/v2\/posts"}],"about":[{"href":"https:\/\/www.europesays.com\/fr\/wp-json\/wp\/v2\/types\/post"}],"author":[{"embeddable":true,"href":"https:\/\/www.europesays.com\/fr\/wp-json\/wp\/v2\/users\/2"}],"replies":[{"embeddable":true,"href":"https:\/\/www.europesays.com\/fr\/wp-json\/wp\/v2\/comments?post=207112"}],"version-history":[{"count":0,"href":"https:\/\/www.europesays.com\/fr\/wp-json\/wp\/v2\/posts\/207112\/revisions"}],"wp:featuredmedia":[{"embeddable":true,"href":"https:\/\/www.europesays.com\/fr\/wp-json\/wp\/v2\/media\/207113"}],"wp:attachment":[{"href":"https:\/\/www.europesays.com\/fr\/wp-json\/wp\/v2\/media?parent=207112"}],"wp:term":[{"taxonomy":"category","embeddable":true,"href":"https:\/\/www.europesays.com\/fr\/wp-json\/wp\/v2\/categories?post=207112"},{"taxonomy":"post_tag","embeddable":true,"href":"https:\/\/www.europesays.com\/fr\/wp-json\/wp\/v2\/tags?post=207112"}],"curies":[{"name":"wp","href":"https:\/\/api.w.org\/{rel}","templated":true}]}}