{"id":207114,"date":"2025-06-27T00:49:12","date_gmt":"2025-06-27T00:49:12","guid":{"rendered":"https:\/\/www.europesays.com\/fr\/207114\/"},"modified":"2025-06-27T00:49:12","modified_gmt":"2025-06-27T00:49:12","slug":"vaste-coup-de-filet-dans-une-enquete-sur-le-vol-de-189-tonnes-de-cables-de-cuivre","status":"publish","type":"post","link":"https:\/\/www.europesays.com\/fr\/207114\/","title":{"rendered":"Vaste coup de filet dans une enqu\u00eate sur le vol de 189 tonnes de c\u00e2bles de cuivre"},"content":{"rendered":"<p>La valeur \u00e0 la revente du butin est estim\u00e9e \u00e0 plus de 877.000 euros. Dans le cadre d\u2019une enqu\u00eate sur les vols d\u2019au moins 189 tonnes de c\u00e2bles en <a href=\"https:\/\/www.20minutes.fr\/societe\/cuivre\/\" class=\"color-ultramarine c-link\" target=\"_blank\" rel=\"noopener\">cuivre <\/a>depuis le d\u00e9but de l\u2019ann\u00e9e, 17 personnes ont \u00e9t\u00e9 interpell\u00e9es, a annonc\u00e9 jeudi le parquet de Pontoise.<\/p>\n<p>Ces vols ont \u00e9t\u00e9 r\u00e9alis\u00e9s sur 72 chantiers de r\u00e9novation des infrastructures du r\u00e9seau t\u00e9l\u00e9coms, dans les <a href=\"https:\/\/www.20minutes.fr\/societe\/yvelines\/\" class=\"color-ultramarine c-link\" target=\"_blank\" rel=\"noopener\">Yvelines <\/a>et le <a href=\"https:\/\/www.20minutes.fr\/dossier\/val_d_oise\" class=\"color-ultramarine c-link\" target=\"_blank\" rel=\"noopener\">Val-d\u2019Oise<\/a>, a pr\u00e9cis\u00e9 le parquet dans un communiqu\u00e9. Les investigations ont \u00e9t\u00e9 men\u00e9es par les gendarmes de la brigade de recherches de L\u2019Isle-Adam (Val-d\u2019Oise) et de la section de recherches de Versailles.<\/p>\n<\/p>\n<p>Sept personnes plac\u00e9es en d\u00e9tention provisoire<\/p>\n<p>\u00c0 la suite d\u2019une enqu\u00eate lanc\u00e9e le 27\u00a0janvier, \u00ab\u00a0350 militaires de la gendarmerie ont \u00e9t\u00e9 engag\u00e9s le 23\u00a0juin dans le cadre d\u2019une op\u00e9ration de police judiciaire, aboutissant \u00e0 l\u2019interpellation et au placement en garde \u00e0 vue de 17 personnes, suspect\u00e9es d\u2019avoir particip\u00e9 aux soustractions de ces c\u00e2bles, \u00e0 leur recel et au blanchiment des revenus issus de leur vente\u00a0\u00bb, indique-t-il. Le placement en d\u00e9tention provisoire a \u00e9t\u00e9 requis pour 7 des 17 personnes interpell\u00e9es, et le placement sous contr\u00f4le judiciaire pour les 10 autres.<\/p>\n<p>L\u2019op\u00e9ration a permis la saisie d\u2019avoirs criminels pour un montant de pr\u00e8s de deux millions d\u2019euros, dont 523.000 euros en v\u00e9hicules automobiles &#8211; dont six v\u00e9hicules de luxe &#8211; et 565.000 en biens immobiliers. L\u2019existence d\u2019une fili\u00e8re de recel a \u00e9t\u00e9 mise au jour ainsi qu\u2019une fili\u00e8re de blanchiment de fonds issus de ces activit\u00e9s, explique le parquet. Une information judiciaire a \u00e9t\u00e9 ouverte pour vols en bande organis\u00e9e, abus de confiance en bande organis\u00e9e, recels, blanchiment aggrav\u00e9 et participation \u00e0 une association de malfaiteurs.<\/p>\n","protected":false},"excerpt":{"rendered":"La valeur \u00e0 la revente du butin est estim\u00e9e \u00e0 plus de 877.000 euros. Dans le cadre d\u2019une&hellip;\n","protected":false},"author":2,"featured_media":207115,"comment_status":"","ping_status":"","sticky":false,"template":"","format":"standard","meta":{"footnotes":""},"categories":[1592],"tags":[1111,47,11,1777,674,118,1011,27,662,12,626,25,2292,10912],"class_list":{"0":"post-207114","1":"post","2":"type-post","3":"status-publish","4":"format-standard","5":"has-post-thumbnail","7":"category-ile-de-france","8":"tag-actu","9":"tag-actualite","10":"tag-actualites","11":"tag-eu","12":"tag-europe","13":"tag-faits-divers","14":"tag-fr","15":"tag-france","16":"tag-ile-de-france","17":"tag-news","18":"tag-paris","19":"tag-republique-francaise","20":"tag-val-doise","21":"tag-voleur"},"share_on_mastodon":{"url":"https:\/\/pubeurope.com\/@fr\/114752583325497588","error":""},"_links":{"self":[{"href":"https:\/\/www.europesays.com\/fr\/wp-json\/wp\/v2\/posts\/207114","targetHints":{"allow":["GET"]}}],"collection":[{"href":"https:\/\/www.europesays.com\/fr\/wp-json\/wp\/v2\/posts"}],"about":[{"href":"https:\/\/www.europesays.com\/fr\/wp-json\/wp\/v2\/types\/post"}],"author":[{"embeddable":true,"href":"https:\/\/www.europesays.com\/fr\/wp-json\/wp\/v2\/users\/2"}],"replies":[{"embeddable":true,"href":"https:\/\/www.europesays.com\/fr\/wp-json\/wp\/v2\/comments?post=207114"}],"version-history":[{"count":0,"href":"https:\/\/www.europesays.com\/fr\/wp-json\/wp\/v2\/posts\/207114\/revisions"}],"wp:featuredmedia":[{"embeddable":true,"href":"https:\/\/www.europesays.com\/fr\/wp-json\/wp\/v2\/media\/207115"}],"wp:attachment":[{"href":"https:\/\/www.europesays.com\/fr\/wp-json\/wp\/v2\/media?parent=207114"}],"wp:term":[{"taxonomy":"category","embeddable":true,"href":"https:\/\/www.europesays.com\/fr\/wp-json\/wp\/v2\/categories?post=207114"},{"taxonomy":"post_tag","embeddable":true,"href":"https:\/\/www.europesays.com\/fr\/wp-json\/wp\/v2\/tags?post=207114"}],"curies":[{"name":"wp","href":"https:\/\/api.w.org\/{rel}","templated":true}]}}