{"id":207120,"date":"2025-06-27T00:52:30","date_gmt":"2025-06-27T00:52:30","guid":{"rendered":"https:\/\/www.europesays.com\/fr\/207120\/"},"modified":"2025-06-27T00:52:30","modified_gmt":"2025-06-27T00:52:30","slug":"dries-van-noten-et-yohji-yamamoto-et-pourquoi-les-defiles-de-paris-font-la-loi-4","status":"publish","type":"post","link":"https:\/\/www.europesays.com\/fr\/207120\/","title":{"rendered":"Dries Van Noten et Yohji Yamamoto, et pourquoi les d\u00e9fil\u00e9s de Paris font la loi"},"content":{"rendered":"<p>\n                                        <b>Traduit par<\/b><br \/>\n                                        <br \/>Cecile Herrero\n                                    <\/p>\n<p>\n                                    <b>Publi\u00e9 le<\/b><br \/>\n                                    <\/p>\n<p>                                        26 juin 2025<\/p>\n<p class=\"article-content col-md-8 offset-md-1\">\n                                Deux cr\u00e9ateurs tr\u00e8s talentueux, <a class=\"fnwAddLinks\" href=\"https:\/\/ma.fashionnetwork.com\/tags-yohji-yamamoto\" title=\"Yohji Yamamoto\" rel=\"nofollow noopener\" target=\"_blank\">Yohji Yamamoto<\/a> et Julian Klausner de <a class=\"fnwAddLinks\" href=\"https:\/\/ma.fashionnetwork.com\/tags-dries-van-noten\" title=\"Dries Van Noten\" rel=\"nofollow noopener\" target=\"_blank\">Dries Van Noten<\/a>, l&rsquo;un deux fois plus \u00e2g\u00e9 que l&rsquo;autre, ont pr\u00e9sent\u00e9 jeudi apr\u00e8s-midi des d\u00e9fil\u00e9s puissants, mais aussi po\u00e9tiques, qui rappellent pourquoi Paris, m\u00eame dans le domaine de la mode masculine, reste l&rsquo;ultime th\u00e9\u00e2tre de d\u00e9fil\u00e9s pour les grands talents de la mode.<\/p>\n<p class=\"col-md-10 exergue\">Yohji Yamamoto: \u00ab\u00a0Long Hot Summer\u00a0\u00bb aux Halles<\/p>\n<p>Un m\u00e9morable tutoriel de mode m\u00eal\u00e9 \u00e0 une politique po\u00e9tique chez Yohji Yamamoto, qui a pr\u00e9sent\u00e9 son d\u00e9fil\u00e9 printemps-\u00e9t\u00e9 2026 jeudi apr\u00e8s-midi dans son QG fran\u00e7ais des Halles.<\/p>\n<p><a class=\"btn btn-dark\" target=\"_blank\" href=\"https:\/\/fr.fashionnetwork.com\/galeries\/photos\/Yohji-Yamamoto,72256.html\" rel=\"nofollow noopener\">Voir le d\u00e9fil\u00e9<\/a><img decoding=\"async\" class=\"news-image\" style=\"width:100%;max-width:645px;\" src=\"https:\/\/www.europesays.com\/fr\/wp-content\/uploads\/2025\/06\/940c.jpg\" alt=\"Yohji Yamamoto - Printemps-\u00c9t\u00e9 2026 - Homme - France - Paris\" loading=\"lazy\"\/>Yohji Yamamoto &#8211; Printemps-\u00c9t\u00e9 2026 &#8211; Homme &#8211; France &#8211; Paris &#8211; \u00a9Launchmetrics\/spotlight<\/p>\n<p class=\"col-md-8 offset-md-1 article-content--texte\">Difficile de se souvenir d&rsquo;un look qui n&rsquo;\u00e9tait pas porteur d&rsquo;un message graphique, \u00e0 l&rsquo;exception du quatuor d&rsquo;ouverture compos\u00e9 de costumes sombres et souples. Depuis les premi\u00e8res phrases de \u00ab\u00a0Hindrance Hydrogen Ions\u00a0\u00bb ou \u00ab\u00a0Don&rsquo;t Look Back Be Free in Black\u00a0\u00bb, jusqu&rsquo;\u00e0 \u00ab\u00a0La Musique Avant Toute Chose\u00a0\u00bb ou \u00ab\u00a0Long Hot Summer\u00a0\u00bb.<\/p>\n<p>\u00ab\u00a0Trop chaud, la terre est devenue trop chaude ! Les \u00eatres humains doivent y r\u00e9fl\u00e9chir profond\u00e9ment, sans faire de guerre. Les politiciens devraient \u00eatre plus justes, sinon le monde va bient\u00f4t s&rsquo;\u00e9crouler\u00a0\u00bb, a d\u00e9clar\u00e9 Yohji Yamamoto, apr\u00e8s avoir enlev\u00e9 et remis son chapeau \u00e0 plusieurs reprises lors de son salut.<\/p>\n<p class=\"col-md-8 offset-md-1 article-content--texte\">Mais le message cl\u00e9 de la mode \u00e9tait la remarquable s\u00e9rie d&rsquo;imprim\u00e9s de vitraux dignes d&rsquo;une cath\u00e9drale, utilis\u00e9s dans des vestes en soie, des redingotes ou des kimonos allong\u00e9s. Tous sont d\u00e9construits. Il en a associ\u00e9 plusieurs \u00e0 des pantalons dhoti en soie qui descendent jusqu&rsquo;au-dessus de la cheville. Il a compl\u00e9t\u00e9 le look avec des chemises couleur craie ou des tricots \u00e0 maille tr\u00e8s l\u00e2che. Des rock-stars romantiques dans un moment morose. Le tout ancr\u00e9 par une grande s\u00e9rie de sandales centurion ou de bottes de boxe repli\u00e9es.<\/p>\n<p>Cette collection pr\u00e9sente \u00e9galement la derni\u00e8re collaboration avec la bijouti\u00e8re Rie Harui de Riefe, bas\u00e9e \u00e0 Tokyo. De superbes bracelets en maille, en argent et en jais, des colliers de style nonne et des broches papillon sur les ourlets des manteaux.<\/p>\n<p><a class=\"btn btn-dark\" target=\"_blank\" href=\"https:\/\/fr.fashionnetwork.com\/galeries\/photos\/Yohji-Yamamoto,72256.html\" rel=\"nofollow noopener\">Voir le d\u00e9fil\u00e9<\/a><img decoding=\"async\" class=\"news-image\" style=\"width:100%;max-width:645px;\" src=\"https:\/\/www.europesays.com\/fr\/wp-content\/uploads\/2025\/06\/9528.jpg\" alt=\"Yohji Yamamoto - Printemps-\u00c9t\u00e9 2026 - Mode masculine - France - Paris\" loading=\"lazy\"\/>Yohji Yamamoto &#8211; Printemps-\u00c9t\u00e9 2026 &#8211; Mode masculine &#8211; France &#8211; Paris &#8211; \u00a9Launchmetrics\/spotlight<\/p>\n<p class=\"col-md-8 offset-md-1 article-content--texte\">Interrog\u00e9 \u00e0 ce sujet, Yohji Yamamoto a donn\u00e9 une r\u00e9ponse typiquement lapidaire: \u00ab\u00a0Oui, les bijoux, car il n&rsquo;est pas facile de montrer la main, le cou et le pied nus, alors j&rsquo;aime qu&rsquo;ils soient couverts.\u00a0\u00bb<\/p>\n<p>Dans le minuscule espace d&rsquo;exposition, le premier rang \u00e9tait compos\u00e9 de Wisdom Kaye, Guram Gvasalia, JoeyStarr, Bach Buquen et Jenke Ahmed-Tailly. De nombreux invit\u00e9s ont chant\u00e9 sur sa bande-son, ironiquement nostalgique. Des airs comme \u00ab\u00a0Will You Still Love Me Tomorrow\u00a0\u00bb ou \u00ab\u00a0Don&rsquo;t Look Back In Anger\u00a0\u00bb, mais jamais de l&rsquo;auteur original.<\/p>\n<p>\u00ab\u00a0Des chansons d&rsquo;amour c\u00e9l\u00e8bres, parce que le monde devient triste, alors nous avons besoin de chansons d&rsquo;amour. Si vous regardez en arri\u00e8re avec col\u00e8re, votre c\u0153ur sera bris\u00e9. Ne vous brisez pas le c\u0153ur\u00a0\u00bb, a d\u00e9clar\u00e9 Yohji Yamamoto, 81 ans.<\/p>\n<p class=\"col-md-10 exergue\">Dries Van Noten <\/p>\n<p>Julian Klausner, directeur de la cr\u00e9ation de Dries Van Noten, a organis\u00e9 son premier d\u00e9fil\u00e9 masculin pour la maison le jeudi midi. Le jury \u00e9tait pr\u00e9sent une seconde apr\u00e8s la sortie du dernier mannequin: le succ\u00e8s est au rendez-vous.<\/p>\n<p><a class=\"btn btn-dark\" target=\"_blank\" href=\"https:\/\/fr.fashionnetwork.com\/galeries\/photos\/Dries-Van-Noten,72235.html\" rel=\"nofollow noopener\">Voir le d\u00e9fil\u00e9<\/a><img decoding=\"async\" class=\"news-image\" style=\"width:100%;max-width:645px;\" src=\"https:\/\/www.europesays.com\/fr\/wp-content\/uploads\/2025\/06\/130a.jpg\" alt=\"Dries Van Noten - Printemps-\u00c9t\u00e9 2026 - Homme - France - Paris\" loading=\"lazy\"\/>Dries Van Noten &#8211; Printemps-\u00c9t\u00e9 2026 &#8211; Homme &#8211; France &#8211; Paris &#8211; \u00a9Launchmetrics\/spotlight<\/p>\n<p class=\"col-md-8 offset-md-1 article-content--texte\">Julian Klausner a repris tous les \u00e9l\u00e9ments de la garde-robe masculine du fondateur Dries Van Noten, mais il en a chang\u00e9 l&rsquo;ambiance &#8211; plus jeune, plus dynamique et avec des couleurs encore plus audacieuses.<\/p>\n<p>Sa palette de couleurs est vraiment rugissante: jaune canari, fuchsia ardent, violet brillant, rouge pompier et orange le plus amer, souvent dans un seul et m\u00eame look. Et il a intelligemment juxtapos\u00e9 ces couleurs \u00e0 l&rsquo;ancien garage du XIe arrondissement o\u00f9 se d\u00e9roulait le d\u00e9fil\u00e9.<\/p>\n<p>De plus, Julian Klausner\u00a0a ajout\u00e9 de nouveaux tailleurs astucieux, r\u00e9organisant, raccourcissant et ondulant les manteaux d&rsquo;op\u00e9ra dans des d\u00e9clarations puissantes. Il a \u00e9galement coup\u00e9 ses blazers \u00e0 double boutonnage avec des volumes nobles.<\/p>\n<p>En fait, Julian Klausner\u00a0a r\u00e9ussi \u00e0 m\u00e9langer parfaitement le formel et le d\u00e9contract\u00e9, qu&rsquo;il s&rsquo;agisse d&rsquo;un trench gris p\u00e2le avec un top brod\u00e9 de cristaux, ou de tops en soie aux couleurs de chemises de rugby \u00e9douardiennes avec des pantalons de pyjama pliss\u00e9s.<\/p>\n<p>\u00ab\u00a0Je me suis donn\u00e9 la libert\u00e9 d&#8217;embrasser la couleur. Je voulais donc des imprim\u00e9s, des couleurs vives et des broderies, des satins joyeux et spontan\u00e9s, des manteaux aux couleurs satur\u00e9es. Aussi brillantes que possible\u00a0\u00bb, s&rsquo;enthousiasme le cr\u00e9ateur.<\/p>\n<p>\u00ab\u00a0J&rsquo;ai vraiment pens\u00e9 \u00e0 la garde-robe masculine de Dries Van Noten et \u00e0 ce qu&rsquo;elle repr\u00e9sente pour moi. C&rsquo;est une garde-robe tr\u00e8s compl\u00e8te qui va de la journ\u00e9e \u00e0 la plage en passant par le soir. Et je me suis demand\u00e9 comment une tenue formelle peut se sentir d\u00e9contract\u00e9e, ou comment une tenue d\u00e9contract\u00e9e peut se sentir formelle\u00a0\u00bb, a expliqu\u00e9 le cr\u00e9ateur, au milieu d&rsquo;une foule de critiques et de r\u00e9dacteurs en chef enthousiastes.<\/p>\n<p>Form\u00e9 \u00e0 l&rsquo;origine \u00e0 la cr\u00e9ation de v\u00eatements pour femmes, on s&rsquo;est un peu trop demand\u00e9, avant le d\u00e9fil\u00e9, s&rsquo;il \u00e9tait capable de s&rsquo;imposer dans le domaine de la mode masculine. Mais en fin de compte, cette collection est la meilleure qu&rsquo;il ait pr\u00e9sent\u00e9e pour la maison anversoise, apr\u00e8s deux d\u00e9fil\u00e9s f\u00e9minins.<\/p>\n<p><a class=\"btn btn-dark\" target=\"_blank\" href=\"https:\/\/fr.fashionnetwork.com\/galeries\/photos\/Dries-Van-Noten,72235.html\" rel=\"nofollow noopener\">Voir le d\u00e9fil\u00e9<\/a><img decoding=\"async\" class=\"news-image\" style=\"width:100%;max-width:645px;\" src=\"https:\/\/www.europesays.com\/fr\/wp-content\/uploads\/2025\/06\/49d5.jpg\" alt=\"Dries Van Noten - Printemps-\u00c9t\u00e9 2026 - Homme - France - Paris\" loading=\"lazy\"\/>Dries Van Noten &#8211; Printemps-\u00c9t\u00e9 2026 &#8211; Homme &#8211; France &#8211; Paris &#8211; \u00a9Launchmetrics\/spotlight<\/p>\n<p class=\"col-md-8 offset-md-1 article-content--texte\">\u00ab\u00a0Je voulais que le d\u00e9fil\u00e9 f\u00e9minin de mars &#8211; et celui d&rsquo;aujourd&rsquo;hui &#8211; soit empreint de g\u00e9n\u00e9rosit\u00e9. L&rsquo;opulence est un \u00e9l\u00e9ment tr\u00e8s important de la marque\u00a0\u00bb, a-t-il insist\u00e9.<\/p>\n<p>Historiquement, l&rsquo;ADN de Dries a toujours m\u00eal\u00e9 la mode masculine \u00e0 une touche de f\u00e9minit\u00e9, tandis que ses v\u00eatements f\u00e9minins pouvaient \u00eatre assez masculins. C&rsquo;\u00e9tait \u00e9galement le cas lors de ce d\u00e9fil\u00e9, o\u00f9 de nombreux hommes portaient des foulards de soie nou\u00e9s comme des sarongs, ou des manteaux d&rsquo;op\u00e9ra fleuris qui auraient pu tenter une grande dame de l&rsquo;Upper East Side, amatrice d&rsquo;op\u00e9ra.<\/p>\n<p>De plus, Julian Klausner, 34 ans, n&rsquo;a pas eu peur d&rsquo;ajouter un peu de provocation, comme sa d\u00e9cision d&rsquo;envoyer une bonne douzaine de mannequins dans des sous-v\u00eatements en coton c\u00f4tel\u00e9 qui leur arrivaient presque au genou.<\/p>\n<p>\u00ab\u00a0Vous savez, en travaillant avec des mannequins masculins, c&rsquo;\u00e9tait tellement agr\u00e9able de voir ces nouvelles proportions et silhouettes\u00a0\u00bb, s&rsquo;amuse-t-il.<\/p>\n<p>Avant que les mannequins ne r\u00e9apparaissent soudainement pour prendre une photo de classe, posant sur quatre rangs au milieu des sourires et des applaudissements.\u00a0C&rsquo;est \u00e0 juste titre que l&rsquo;on c\u00e9l\u00e8bre la collection la plus remarqu\u00e9e de la mode masculine europ\u00e9enne jusqu&rsquo;\u00e0 pr\u00e9sent.\n                            <\/p>\n<p>\n                                Cet article est une traduction automatique.<br \/>\n                                    <a href=\"https:\/\/ww.fashionnetwork.com\/news\/Dries-van-noten-and-yohji-yamamoto-and-why-paris-shows-rule,1744204.html\" rel=\"nofollow noopener\" target=\"_blank\">Cliquez ici<\/a> pour consulter l&rsquo;article d&rsquo;origine.\n                            <\/p>\n<p>\n                                Tous droits de reproduction et de repr\u00e9sentation r\u00e9serv\u00e9s.<br \/>\u00a9 2025 FashionNetwork.com\n                            <\/p>\n","protected":false},"excerpt":{"rendered":"Traduit par Cecile Herrero Publi\u00e9 le 26 juin 2025 Deux cr\u00e9ateurs tr\u00e8s talentueux, Yohji Yamamoto et Julian Klausner&hellip;\n","protected":false},"author":2,"featured_media":206882,"comment_status":"","ping_status":"","sticky":false,"template":"","format":"standard","meta":{"footnotes":""},"categories":[1888],"tags":[11,2424,537,2423,947,1777,674,1011,27,2425,985,12,2298,626,4767,2426,2427,25,2421,2422,24446],"class_list":{"0":"post-207120","1":"post","2":"type-post","3":"status-publish","4":"format-standard","5":"has-post-thumbnail","7":"category-paris","8":"tag-actualites","9":"tag-beaute","10":"tag-contact","11":"tag-cosmetiques","12":"tag-dries-van-noten","13":"tag-eu","14":"tag-europe","15":"tag-fr","16":"tag-france","17":"tag-luxe","18":"tag-mode","19":"tag-news","20":"tag-parfum","21":"tag-paris","22":"tag-printemps","23":"tag-professionnel","24":"tag-professionnels","25":"tag-republique-francaise","26":"tag-reseau","27":"tag-textile","28":"tag-yohji-yamamoto"},"share_on_mastodon":{"url":"https:\/\/pubeurope.com\/@fr\/114752595384854116","error":""},"_links":{"self":[{"href":"https:\/\/www.europesays.com\/fr\/wp-json\/wp\/v2\/posts\/207120","targetHints":{"allow":["GET"]}}],"collection":[{"href":"https:\/\/www.europesays.com\/fr\/wp-json\/wp\/v2\/posts"}],"about":[{"href":"https:\/\/www.europesays.com\/fr\/wp-json\/wp\/v2\/types\/post"}],"author":[{"embeddable":true,"href":"https:\/\/www.europesays.com\/fr\/wp-json\/wp\/v2\/users\/2"}],"replies":[{"embeddable":true,"href":"https:\/\/www.europesays.com\/fr\/wp-json\/wp\/v2\/comments?post=207120"}],"version-history":[{"count":0,"href":"https:\/\/www.europesays.com\/fr\/wp-json\/wp\/v2\/posts\/207120\/revisions"}],"wp:featuredmedia":[{"embeddable":true,"href":"https:\/\/www.europesays.com\/fr\/wp-json\/wp\/v2\/media\/206882"}],"wp:attachment":[{"href":"https:\/\/www.europesays.com\/fr\/wp-json\/wp\/v2\/media?parent=207120"}],"wp:term":[{"taxonomy":"category","embeddable":true,"href":"https:\/\/www.europesays.com\/fr\/wp-json\/wp\/v2\/categories?post=207120"},{"taxonomy":"post_tag","embeddable":true,"href":"https:\/\/www.europesays.com\/fr\/wp-json\/wp\/v2\/tags?post=207120"}],"curies":[{"name":"wp","href":"https:\/\/api.w.org\/{rel}","templated":true}]}}