{"id":20713,"date":"2025-04-12T22:14:09","date_gmt":"2025-04-12T22:14:09","guid":{"rendered":"https:\/\/www.europesays.com\/fr\/20713\/"},"modified":"2025-04-12T22:14:09","modified_gmt":"2025-04-12T22:14:09","slug":"claude-perrier-nouveau-conseiller-communication-et-presse-de-renaud-muselier","status":"publish","type":"post","link":"https:\/\/www.europesays.com\/fr\/20713\/","title":{"rendered":"Claude Perrier, nouveau conseiller communication et presse de Renaud Muselier"},"content":{"rendered":"<p>De retour \u00e0 Marseille\u00a0! L&rsquo;ancien PDG de <a href=\"https:\/\/www.laprovence.com\/\" target=\"_blank\" rel=\"noopener\">La Provence<\/a> et de <a href=\"https:\/\/www.corsematin.com\/\" target=\"_blank\" rel=\"noopener\">Corse-Matin<\/a> (2014-2017) Claude Perrier reprend du service dans la r\u00e9gion. Depuis le 7 avril, il est le nouveau conseiller communication et presse du <a href=\"https:\/\/www.laprovence.com\/article\/politique\/2535198773963615\/info-la-provence-municipales-2026-a-marseille-renaud-muselier-ren-annonce-sa-candidature-dans-le-6-8\" target=\"_blank\" rel=\"noopener\">pr\u00e9sident du Conseil r\u00e9gional Renaud Muselier<\/a>.<\/p>\n<p>Il succ\u00e8de \u00e0 Marie-Claude Paoli qui a fait valoir ses droits \u00e0 la retraite. Claude Perrier a eu un long parcours dans les m\u00e9dias, il a notamment dirig\u00e9 France Antilles (2020-2023) et Radio France (1999-2013).<\/p>\n<p>En\u00a02017, il avait rejoint le cabinet de Christian Estrosi en tant que conseiller sp\u00e9cial charg\u00e9 de la strat\u00e9gie, des relations publiques et des m\u00e9dias.<\/p>\n","protected":false},"excerpt":{"rendered":"De retour \u00e0 Marseille\u00a0! L&rsquo;ancien PDG de La Provence et de Corse-Matin (2014-2017) Claude Perrier reprend du service&hellip;\n","protected":false},"author":2,"featured_media":20714,"comment_status":"","ping_status":"","sticky":false,"template":"","format":"standard","meta":{"footnotes":""},"categories":[2814],"tags":[17,1111,11,7859,536,7861,1777,674,1011,27,884,12,4565,7860,316,4048,882,1628,25],"class_list":{"0":"post-20713","1":"post","2":"type-post","3":"status-publish","4":"format-standard","5":"has-post-thumbnail","7":"category-marseille","8":"tag-17","9":"tag-actu","10":"tag-actualites","11":"tag-claude","12":"tag-communication","13":"tag-conseiller","14":"tag-eu","15":"tag-europe","16":"tag-fr","17":"tag-france","18":"tag-marseille","19":"tag-news","20":"tag-nouveau","21":"tag-perrier","22":"tag-politique","23":"tag-presse","24":"tag-provence-alpes-cote-dazur","25":"tag-renaud","26":"tag-republique-francaise"},"share_on_mastodon":{"url":"https:\/\/pubeurope.com\/@fr\/114327300641494541","error":""},"_links":{"self":[{"href":"https:\/\/www.europesays.com\/fr\/wp-json\/wp\/v2\/posts\/20713","targetHints":{"allow":["GET"]}}],"collection":[{"href":"https:\/\/www.europesays.com\/fr\/wp-json\/wp\/v2\/posts"}],"about":[{"href":"https:\/\/www.europesays.com\/fr\/wp-json\/wp\/v2\/types\/post"}],"author":[{"embeddable":true,"href":"https:\/\/www.europesays.com\/fr\/wp-json\/wp\/v2\/users\/2"}],"replies":[{"embeddable":true,"href":"https:\/\/www.europesays.com\/fr\/wp-json\/wp\/v2\/comments?post=20713"}],"version-history":[{"count":0,"href":"https:\/\/www.europesays.com\/fr\/wp-json\/wp\/v2\/posts\/20713\/revisions"}],"wp:featuredmedia":[{"embeddable":true,"href":"https:\/\/www.europesays.com\/fr\/wp-json\/wp\/v2\/media\/20714"}],"wp:attachment":[{"href":"https:\/\/www.europesays.com\/fr\/wp-json\/wp\/v2\/media?parent=20713"}],"wp:term":[{"taxonomy":"category","embeddable":true,"href":"https:\/\/www.europesays.com\/fr\/wp-json\/wp\/v2\/categories?post=20713"},{"taxonomy":"post_tag","embeddable":true,"href":"https:\/\/www.europesays.com\/fr\/wp-json\/wp\/v2\/tags?post=20713"}],"curies":[{"name":"wp","href":"https:\/\/api.w.org\/{rel}","templated":true}]}}