{"id":207131,"date":"2025-06-27T00:58:10","date_gmt":"2025-06-27T00:58:10","guid":{"rendered":"https:\/\/www.europesays.com\/fr\/207131\/"},"modified":"2025-06-27T00:58:10","modified_gmt":"2025-06-27T00:58:10","slug":"allemagne-au-bundestag-les-deputes-ecologistes-forment-un-arc-en-ciel-humain-pour-defendre-la-visibilite-lgbtq","status":"publish","type":"post","link":"https:\/\/www.europesays.com\/fr\/207131\/","title":{"rendered":"Allemagne : au Bundestag, les d\u00e9put\u00e9s \u00e9cologistes forment un arc-en-ciel humain pour d\u00e9fendre la visibilit\u00e9 LGBTQ+"},"content":{"rendered":"<p>Le Bundestag, le Parlement f\u00e9d\u00e9ral allemand, a interdit \u00e0 son r\u00e9seau interne d\u2019employ\u00e9s LGBT+, connu sous le nom de \u00ab QueerNetzwerk Bundestag \u00bb, de participer officiellement \u00e0 la prochaine marche des fiert\u00e9s de Berlin, la Christopher Street Day (CSD). Ils peuvent bien \u00e9videmment toujours y assister \u00e0 titre individuel, mais ne sont plus d\u00e9sormais autoris\u00e9s \u00e0 d\u00e9filer sous banni\u00e8re officielle du Parlement.<\/p>\n<p>Pour protester contre cette d\u00e9cision, lors d\u2019une s\u00e9ance au Bundestag, le 26 juin, les d\u00e9put\u00e9s du parti \u00e9cologiste, Die Gr\u00fcnen, se sont finalement habill\u00e9s aux couleurs de l\u2019arc-en-ciel, symbole universel de la communaut\u00e9 LGBTQ+, et se sont dispos\u00e9s sur plusieurs rangs afin de former un v\u00e9ritable drapeau arc-en-ciel humain au c\u0153ur de l\u2019h\u00e9micycle.<\/p>\n<p>Un happening symbolique<\/p>\n<p>Cette action s\u2019inscrivait dans le cadre d\u2019un d\u00e9bat consacr\u00e9 aux violences ciblant les personnes homosexuelles et transgenres. Nyke Slawik, d\u00e9put\u00e9e \u00e9cologiste et femme transgenre \u00e9lue en 2021, a pris la parole pour d\u00e9noncer ce qu\u2019elle a qualifi\u00e9 de recul symbolique de la part du Parlement. Elle a rappel\u00e9 qu\u2019en 2021, le drapeau arc-en-ciel flottait pour la premi\u00e8re fois au sommet du Reichstag, le si\u00e8ge du Parlement, symbolisant une avanc\u00e9e majeure pour la visibilit\u00e9 des personnes LGBTQ+ en Allemagne.<\/p>\n<p>Par ailleurs, les \u00e9cologistes ont annonc\u00e9 leur intention de d\u00e9poser une proposition de loi visant \u00e0 renforcer la protection des droits des personnes queer, notamment en garantissant la libert\u00e9 de manifester lors du CSD, en r\u00e9formant le droit de la famille pour reconna\u00eetre pleinement les familles LGBTQ+, et en am\u00e9liorant la protection des r\u00e9fugi\u00e9s pers\u00e9cut\u00e9s en raison de leur orientation sexuelle ou identit\u00e9 de genre.<\/p>\n<p>Cette prise de position a \u00e9t\u00e9 salu\u00e9e, tandis que les organisateurs de la Pride berlinoise ont d\u00e9nonc\u00e9 une d\u00e9cision qu\u2019ils jugent \u00eatre un refus d\u00e9lib\u00e9r\u00e9 de visibilit\u00e9 envers la communaut\u00e9 LGBTQ+.<\/p>\n","protected":false},"excerpt":{"rendered":"Le Bundestag, le Parlement f\u00e9d\u00e9ral allemand, a interdit \u00e0 son r\u00e9seau interne d\u2019employ\u00e9s LGBT+, connu sous le nom&hellip;\n","protected":false},"author":2,"featured_media":207132,"comment_status":"","ping_status":"","sticky":false,"template":"","format":"standard","meta":{"footnotes":""},"categories":[1587],"tags":[11,672,1804,1805,1803,1777,674,1801,12,1802],"class_list":{"0":"post-207131","1":"post","2":"type-post","3":"status-publish","4":"format-standard","5":"has-post-thumbnail","7":"category-allemagne","8":"tag-actualites","9":"tag-allemagne","10":"tag-bundesrepublik-deutschland","11":"tag-de","12":"tag-deutschland","13":"tag-eu","14":"tag-europe","15":"tag-germany","16":"tag-news","17":"tag-republique-federale-dallemagne"},"share_on_mastodon":{"url":"https:\/\/pubeurope.com\/@fr\/114752618731628008","error":""},"_links":{"self":[{"href":"https:\/\/www.europesays.com\/fr\/wp-json\/wp\/v2\/posts\/207131","targetHints":{"allow":["GET"]}}],"collection":[{"href":"https:\/\/www.europesays.com\/fr\/wp-json\/wp\/v2\/posts"}],"about":[{"href":"https:\/\/www.europesays.com\/fr\/wp-json\/wp\/v2\/types\/post"}],"author":[{"embeddable":true,"href":"https:\/\/www.europesays.com\/fr\/wp-json\/wp\/v2\/users\/2"}],"replies":[{"embeddable":true,"href":"https:\/\/www.europesays.com\/fr\/wp-json\/wp\/v2\/comments?post=207131"}],"version-history":[{"count":0,"href":"https:\/\/www.europesays.com\/fr\/wp-json\/wp\/v2\/posts\/207131\/revisions"}],"wp:featuredmedia":[{"embeddable":true,"href":"https:\/\/www.europesays.com\/fr\/wp-json\/wp\/v2\/media\/207132"}],"wp:attachment":[{"href":"https:\/\/www.europesays.com\/fr\/wp-json\/wp\/v2\/media?parent=207131"}],"wp:term":[{"taxonomy":"category","embeddable":true,"href":"https:\/\/www.europesays.com\/fr\/wp-json\/wp\/v2\/categories?post=207131"},{"taxonomy":"post_tag","embeddable":true,"href":"https:\/\/www.europesays.com\/fr\/wp-json\/wp\/v2\/tags?post=207131"}],"curies":[{"name":"wp","href":"https:\/\/api.w.org\/{rel}","templated":true}]}}