{"id":207133,"date":"2025-06-27T00:59:15","date_gmt":"2025-06-27T00:59:15","guid":{"rendered":"https:\/\/www.europesays.com\/fr\/207133\/"},"modified":"2025-06-27T00:59:15","modified_gmt":"2025-06-27T00:59:15","slug":"ouverture-du-sommet-de-lue-a-bruxelles-lukraine-gaza-et-la-defense-au-coeur-des-discussions","status":"publish","type":"post","link":"https:\/\/www.europesays.com\/fr\/207133\/","title":{"rendered":"Ouverture du sommet de l\u2019UE \u00e0 Bruxelles : l&rsquo;Ukraine, Gaza et la d\u00e9fense au c\u0153ur des discussions"},"content":{"rendered":"<p>\n                    Publi\u00e9 le                 26\/06\/2025 &#8211; 16:55 UTC+2\u2022Mis \u00e0 jour<br \/>\n                                     18:47<\/p>\n<p><img decoding=\"async\" class=\"c-ad__placeholder__logo\" src=\"https:\/\/static.euronews.com\/website\/images\/logos\/logo-euronews-grey-6-180x22.svg\" width=\"180\" height=\"22\" alt=\"\" loading=\"lazy\"\/>PUBLICIT\u00c9<\/p>\n<p>Le sommet europ\u00e9en s\u2019est ouvert ce jeudi \u00e0 Bruxelles, r\u00e9unissant les chefs d\u2019\u00c9tat et de gouvernement des 27 pays membres autour de plusieurs enjeux majeurs : l\u2019adh\u00e9sion de l\u2019Ukraine, la guerre \u00e0 Gaza, la politique commerciale et le renforcement de la d\u00e9fense europ\u00e9enne.<\/p>\n<p><strong>Commerce, Ukraine, Gaza : des positions contrast\u00e9es<\/strong><\/p>\n<p>D\u00e8s l\u2019ouverture, le chancelier allemand Friedrich Merz a exprim\u00e9 son soutien \u00e0 une relance des \u00e9changes \u00e9conomiques transatlantiques. \u00ab\u00a0Je soutiens la Commission europ\u00e9enne dans ses efforts pour parvenir \u00e0 un accord commercial rapide avec les \u00c9tats-Unis. J\u2019aimerais que l\u2019accord du Mercosur soit relanc\u00e9 et que d\u2019autres accords commerciaux soient conclus\u00a0\u00bb, a-t-il d\u00e9clar\u00e9.<\/p>\n<p>Sur la question ukrainienne, le Premier ministre hongrois Viktor Orb\u00e1n a rappel\u00e9 sa position inflexible. S\u2019appuyant sur un sondage national dans lequel 95 % des participants rejettent l\u2019adh\u00e9sion de l\u2019Ukraine, il a affirm\u00e9 : \u00ab\u00a0Dans le cas de l\u2019adh\u00e9sion de l\u2019Ukraine \u00e0 l\u2019UE, la Hongrie ne peut \u00eatre contourn\u00e9e. Il faut une d\u00e9cision unanime. Nous ne l\u2019avons pas. Cela n\u2019arrivera donc pas.\u00a0\u00bb<\/p>\n<p>La situation \u00e0 Gaza occupe \u00e9galement une place importante dans les discussions. Un appel \u00e0 un cessez-le-feu est attendu, mais plusieurs \u00c9tats membres, comme l\u2019Irlande, demandent des mesures plus fermes envers Isra\u00ebl. \u00ab\u00a0Les citoyens europ\u00e9ens trouvent incompr\u00e9hensible que l\u2019Europe ne puisse faire pression sur Isra\u00ebl, pour qu\u2019il mette fin \u00e0 cette guerre \u00e0 Gaza, pour qu\u2019il cesse de massacrer des enfants et des civils innocents\u00a0\u00bb, a d\u00e9clar\u00e9 le Premier ministre irlandais Miche\u00e1l Martin.<\/p>\n<p><strong>Une volont\u00e9 commune de renforcer la d\u00e9fense europ\u00e9enne<\/strong><\/p>\n<p>Les dirigeants doivent \u00e9galement se mettre d\u2019accord sur un plan visant \u00e0 renforcer l\u2019industrie de d\u00e9fense europ\u00e9enne. Il s\u2019agit notamment d\u2019encourager les investissements communs et la production conjointe d\u2019\u00e9quipements strat\u00e9giques, dans un contexte de menaces persistantes aux fronti\u00e8res de l\u2019Union.<\/p>\n","protected":false},"excerpt":{"rendered":"Publi\u00e9 le 26\/06\/2025 &#8211; 16:55 UTC+2\u2022Mis \u00e0 jour 18:47 PUBLICIT\u00c9 Le sommet europ\u00e9en s\u2019est ouvert ce jeudi \u00e0&hellip;\n","protected":false},"author":2,"featured_media":207134,"comment_status":"","ping_status":"","sticky":false,"template":"","format":"standard","meta":{"footnotes":""},"categories":[1586],"tags":[11,1777,674,1011,27,4710,665,131,12,25,34614,364,7247],"class_list":{"0":"post-207133","1":"post","2":"type-post","3":"status-publish","4":"format-standard","5":"has-post-thumbnail","7":"category-europe","8":"tag-actualites","9":"tag-eu","10":"tag-europe","11":"tag-fr","12":"tag-france","13":"tag-friedrich-merz","14":"tag-gaza","15":"tag-guerre-en-ukraine","16":"tag-news","17":"tag-republique-francaise","18":"tag-sommet-europeen-bruxelles","19":"tag-union-europeenne","20":"tag-viktor-orban"},"share_on_mastodon":{"url":"https:\/\/pubeurope.com\/@fr\/114752623141704687","error":""},"_links":{"self":[{"href":"https:\/\/www.europesays.com\/fr\/wp-json\/wp\/v2\/posts\/207133","targetHints":{"allow":["GET"]}}],"collection":[{"href":"https:\/\/www.europesays.com\/fr\/wp-json\/wp\/v2\/posts"}],"about":[{"href":"https:\/\/www.europesays.com\/fr\/wp-json\/wp\/v2\/types\/post"}],"author":[{"embeddable":true,"href":"https:\/\/www.europesays.com\/fr\/wp-json\/wp\/v2\/users\/2"}],"replies":[{"embeddable":true,"href":"https:\/\/www.europesays.com\/fr\/wp-json\/wp\/v2\/comments?post=207133"}],"version-history":[{"count":0,"href":"https:\/\/www.europesays.com\/fr\/wp-json\/wp\/v2\/posts\/207133\/revisions"}],"wp:featuredmedia":[{"embeddable":true,"href":"https:\/\/www.europesays.com\/fr\/wp-json\/wp\/v2\/media\/207134"}],"wp:attachment":[{"href":"https:\/\/www.europesays.com\/fr\/wp-json\/wp\/v2\/media?parent=207133"}],"wp:term":[{"taxonomy":"category","embeddable":true,"href":"https:\/\/www.europesays.com\/fr\/wp-json\/wp\/v2\/categories?post=207133"},{"taxonomy":"post_tag","embeddable":true,"href":"https:\/\/www.europesays.com\/fr\/wp-json\/wp\/v2\/tags?post=207133"}],"curies":[{"name":"wp","href":"https:\/\/api.w.org\/{rel}","templated":true}]}}