{"id":207135,"date":"2025-06-27T01:00:10","date_gmt":"2025-06-27T01:00:10","guid":{"rendered":"https:\/\/www.europesays.com\/fr\/207135\/"},"modified":"2025-06-27T01:00:10","modified_gmt":"2025-06-27T01:00:10","slug":"accord-des-27-pour-prolonger-les-sanctions-contre-la-russie","status":"publish","type":"post","link":"https:\/\/www.europesays.com\/fr\/207135\/","title":{"rendered":"accord des 27 pour prolonger les sanctions contre la Russie"},"content":{"rendered":"<p class=\"fig-paragraph\">Les dirigeants des 27 pays membres de l&rsquo;Union europ\u00e9enne, r\u00e9unis en sommet \u00e0 Bruxelles, ont donn\u00e9 leur accord pour prolonger\u00a0<a href=\"http:\/\/www.lefigaro.fr\/international\/l-ue-adopte-officiellement-un-17e-paquet-de-sanctions-contre-la-russie-20250520\" target=\"_blank\" data-fig-type=\"NewsFlash\" rel=\"noopener\" data-gtm-custom-categorie=\"navigation\" data-gtm-custom-action=\"crossclick\" data-gtm-custom-label=\"Contextuel\" data-gtm-event=\"customEventSPE\" data-fig-domain=\"LEFIGARO\">leurs sanctions contre la Russie<\/a>\u00a0pour six mois suppl\u00e9mentaires, a-t-on appris de sources diplomatiques. L&rsquo;UE a d\u00e9j\u00e0 adopt\u00e9 17 \u00abpaquets\u00bb de sanctions depuis l&rsquo;invasion russe de l&rsquo;Ukraine le 24 f\u00e9vrier 2022.<\/p>\n<p class=\"fig-paragraph\">Ces sanctions doivent \u00eatre renouvel\u00e9es \u00e0 l\u2019unanimit\u00e9 des 27 tous les six mois, et la Hongrie, pays le plus proche de la Russie dans l\u2019UE, menace r\u00e9guli\u00e8rement de s\u2019y opposer. En janvier, le Premier ministre hongrois Viktor Orban a maintenu le suspense jusqu\u2019au bout, avant de donner son feu vert.<\/p>\n<p class=\"fig-paragraph\">Les dirigeants de l\u2019UE ont \u00e9galement discut\u00e9 jeudi d\u2019un 18e paquet de sanctions, propos\u00e9 il y a deux semaines par la Commission europ\u00e9enne, mais aucune d\u00e9cision n\u2019a pu \u00eatre prise en raison, cette fois, d\u2019un veto de la Slovaquie.<\/p>\n","protected":false},"excerpt":{"rendered":"Les dirigeants des 27 pays membres de l&rsquo;Union europ\u00e9enne, r\u00e9unis en sommet \u00e0 Bruxelles, ont donn\u00e9 leur accord&hellip;\n","protected":false},"author":2,"featured_media":207136,"comment_status":"","ping_status":"","sticky":false,"template":"","format":"standard","meta":{"footnotes":""},"categories":[1586],"tags":[1111,47,11,1109,1112,1777,674,1779,118,1108,107,1106,1107,1011,27,1110,1114,14,12,1113,316,25,132,1778,364],"class_list":{"0":"post-207135","1":"post","2":"type-post","3":"status-publish","4":"format-standard","5":"has-post-thumbnail","7":"category-europe","8":"tag-actu","9":"tag-actualite","10":"tag-actualites","11":"tag-breves","12":"tag-depeches","13":"tag-eu","14":"tag-europe","15":"tag-european-union","16":"tag-faits-divers","17":"tag-fil","18":"tag-fil-info","19":"tag-flash","20":"tag-flash-actu","21":"tag-fr","22":"tag-france","23":"tag-informations","24":"tag-infos","25":"tag-international","26":"tag-news","27":"tag-nouvelles","28":"tag-politique","29":"tag-republique-francaise","30":"tag-russie","31":"tag-ue","32":"tag-union-europeenne"},"share_on_mastodon":{"url":"https:\/\/pubeurope.com\/@fr\/114752626693169885","error":""},"_links":{"self":[{"href":"https:\/\/www.europesays.com\/fr\/wp-json\/wp\/v2\/posts\/207135","targetHints":{"allow":["GET"]}}],"collection":[{"href":"https:\/\/www.europesays.com\/fr\/wp-json\/wp\/v2\/posts"}],"about":[{"href":"https:\/\/www.europesays.com\/fr\/wp-json\/wp\/v2\/types\/post"}],"author":[{"embeddable":true,"href":"https:\/\/www.europesays.com\/fr\/wp-json\/wp\/v2\/users\/2"}],"replies":[{"embeddable":true,"href":"https:\/\/www.europesays.com\/fr\/wp-json\/wp\/v2\/comments?post=207135"}],"version-history":[{"count":0,"href":"https:\/\/www.europesays.com\/fr\/wp-json\/wp\/v2\/posts\/207135\/revisions"}],"wp:featuredmedia":[{"embeddable":true,"href":"https:\/\/www.europesays.com\/fr\/wp-json\/wp\/v2\/media\/207136"}],"wp:attachment":[{"href":"https:\/\/www.europesays.com\/fr\/wp-json\/wp\/v2\/media?parent=207135"}],"wp:term":[{"taxonomy":"category","embeddable":true,"href":"https:\/\/www.europesays.com\/fr\/wp-json\/wp\/v2\/categories?post=207135"},{"taxonomy":"post_tag","embeddable":true,"href":"https:\/\/www.europesays.com\/fr\/wp-json\/wp\/v2\/tags?post=207135"}],"curies":[{"name":"wp","href":"https:\/\/api.w.org\/{rel}","templated":true}]}}