{"id":207146,"date":"2025-06-27T01:08:20","date_gmt":"2025-06-27T01:08:20","guid":{"rendered":"https:\/\/www.europesays.com\/fr\/207146\/"},"modified":"2025-06-27T01:08:20","modified_gmt":"2025-06-27T01:08:20","slug":"la-nba-et-la-federation-francaise-de-basket-ball-font-etape-aupres-des-jeunes-a-toulouse","status":"publish","type":"post","link":"https:\/\/www.europesays.com\/fr\/207146\/","title":{"rendered":"La NBA et la f\u00e9d\u00e9ration fran\u00e7aise de basket-ball font \u00e9tape aupr\u00e8s des jeunes \u00e0 Toulouse"},"content":{"rendered":"<p>\u00c0 l&rsquo;approche des NBA Paris Games, la ligue de basket nord-am\u00e9ricaine et la F\u00e9d\u00e9ration fran\u00e7aise de basket-ball, font \u00e9tape \u00e0 Toulouse. Les lundi 13 et mardi 14 janvier, des animations \u00e9taient organis\u00e9es aupr\u00e8s des jeunes au gymnase L\u00e9o Lagrange ainsi qu&rsquo;un atelier destin\u00e9 aux entraineurs. <\/p>\n<p><strong>La f\u00e9d\u00e9ration fran\u00e7aise de basket et la NBA ont organis\u00e9 les 13 et 14 janvier une \u00e9tape \u00e0 Toulouse<\/strong>, \u00e0 l&rsquo;approche des NBA Paris Games 2025 \u00e0 l&rsquo;Accor Arena de Bercy (deux matches de la ligue Nord am\u00e9ricaine en France se joueront les 23 et 25 janvier). Pendant deux jours, au gymnase L\u00e9o Lagrange de Toulouse, des \u00e9l\u00e8ves de l&rsquo;UNSS basket (union nationale du sport scolaire), de jeunes basketteurs des clubs du Stade Toulousain et de la Toulouserie ont particip\u00e9 \u00e0 des entrainements, des ateliers, des \u00e9changes avec des repr\u00e9sentants de la NBA.<\/p>\n<p>loading<\/p>\n<p><strong>Les jeunes basketteurs U11<\/strong>, de moins de 11 ans, du club du Stade Toulousain, <strong>se disent fascin\u00e9s par la NBA<\/strong>.\u00a0Le Toulousain Alexandre Sarr, ancien joueur du TOAC \u00e0 Toulouse pendant quatre ans, a d\u00e9but\u00e9 en NBA aux Etats-Unis \u00e0 l&rsquo;automne 2024, avec les Washington Wizards \u00e0 l&rsquo;\u00e2ge de 19 ans. S\u00e9lectionn\u00e9 en n\u00b02 de la Draft NBA 2024.<\/p>\n<p>loading<\/p>\n<p>Un ancien assistant coach NBA, <strong>Bill Bayno, qui a entrain\u00e9 durant 20 ans des \u00e9quipes de NBA<\/strong> et a pris sa retraite il y a deux ans, a aussi anim\u00e9,\u00a0 un atelier destin\u00e9 aux entraineurs de basket. \u00ab\u00a0L&rsquo;objectif c&rsquo;est de faire plaisir aux jeunes et aux entraineurs, de leur faire rencontrer un coach de NBA, de leur montrer des techniques d&rsquo;entrainement en NBA, la ligue de basket nord-am\u00e9ricaine o\u00f9 jouent des\u00a0l\u00e9gendes du basket, des joueurs Fran\u00e7ais, des joueurs\u00a0europ\u00e9ens\u00a0\u00bb, explique\u00a0Olivier Versproumy membre des \u00e9quipes de la NBA Europe.<\/p>\n<p>la Ligue r\u00e9gionale de Basket-Ball en Occitanie qui a g\u00e8re dix comit\u00e9s d\u00e9partementaux, enregistre pour la saison 2023-2024,\u00a044.023 licenci\u00e9s, environ 13.000 en Haute-Garonne.<\/p>\n","protected":false},"excerpt":{"rendered":"\u00c0 l&rsquo;approche des NBA Paris Games, la ligue de basket nord-am\u00e9ricaine et la F\u00e9d\u00e9ration fran\u00e7aise de basket-ball, font&hellip;\n","protected":false},"author":2,"featured_media":207147,"comment_status":"","ping_status":"","sticky":false,"template":"","format":"standard","meta":{"footnotes":""},"categories":[1414],"tags":[1465,1464,1011,27,60],"class_list":{"0":"post-207146","1":"post","2":"type-post","3":"status-publish","4":"format-standard","5":"has-post-thumbnail","7":"category-basket","8":"tag-basket","9":"tag-basketball","10":"tag-fr","11":"tag-france","12":"tag-sports"},"share_on_mastodon":{"url":"https:\/\/pubeurope.com\/@fr\/114752658140682252","error":""},"_links":{"self":[{"href":"https:\/\/www.europesays.com\/fr\/wp-json\/wp\/v2\/posts\/207146","targetHints":{"allow":["GET"]}}],"collection":[{"href":"https:\/\/www.europesays.com\/fr\/wp-json\/wp\/v2\/posts"}],"about":[{"href":"https:\/\/www.europesays.com\/fr\/wp-json\/wp\/v2\/types\/post"}],"author":[{"embeddable":true,"href":"https:\/\/www.europesays.com\/fr\/wp-json\/wp\/v2\/users\/2"}],"replies":[{"embeddable":true,"href":"https:\/\/www.europesays.com\/fr\/wp-json\/wp\/v2\/comments?post=207146"}],"version-history":[{"count":0,"href":"https:\/\/www.europesays.com\/fr\/wp-json\/wp\/v2\/posts\/207146\/revisions"}],"wp:featuredmedia":[{"embeddable":true,"href":"https:\/\/www.europesays.com\/fr\/wp-json\/wp\/v2\/media\/207147"}],"wp:attachment":[{"href":"https:\/\/www.europesays.com\/fr\/wp-json\/wp\/v2\/media?parent=207146"}],"wp:term":[{"taxonomy":"category","embeddable":true,"href":"https:\/\/www.europesays.com\/fr\/wp-json\/wp\/v2\/categories?post=207146"},{"taxonomy":"post_tag","embeddable":true,"href":"https:\/\/www.europesays.com\/fr\/wp-json\/wp\/v2\/tags?post=207146"}],"curies":[{"name":"wp","href":"https:\/\/api.w.org\/{rel}","templated":true}]}}