{"id":207150,"date":"2025-06-27T01:10:27","date_gmt":"2025-06-27T01:10:27","guid":{"rendered":"https:\/\/www.europesays.com\/fr\/207150\/"},"modified":"2025-06-27T01:10:27","modified_gmt":"2025-06-27T01:10:27","slug":"norris-na-pas-vecu-des-conversations-tres-joyeuses-apres-lerreur-du-canada","status":"publish","type":"post","link":"https:\/\/www.europesays.com\/fr\/207150\/","title":{"rendered":"Norris n&rsquo;a pas v\u00e9cu \u00ab\u00a0des conversations tr\u00e8s joyeuses\u00a0\u00bb apr\u00e8s \u00ab\u00a0l&rsquo;erreur\u00a0\u00bb du Canada"},"content":{"rendered":"<p>Dans les derniers tours du Grand Prix du Canada, <a href=\"https:\/\/fr.motorsport.com\/driver\/lando-norris\/289708\/\" target=\"_blank\" rel=\"noopener\">Lando Norris<\/a> s&rsquo;est accroch\u00e9 avec son \u00e9quipier en lui mettant la pression dans la ligne droite de d\u00e9part\/arriv\u00e9e. Un contact qui a eu pour seule cons\u00e9quence l&rsquo;abandon du Britannique, <a href=\"https:\/\/fr.motorsport.com\/f1\/news\/lando-norris-gros-regrets-ridiculise\/10733250\/\" target=\"_blank\" rel=\"noopener\">qui en a rapidement assum\u00e9 la responsabilit\u00e9<\/a>, mais qui constituait le premier coup de canif dans la sacro-sainte r\u00e8gle interdisant aux \u00e9quipiers d&rsquo;entrer en contact.<\/p>\n<p>Une dizaine de jours plus tard, alors que le paddock se trouve \u00e0 Spielberg pour le GP d&rsquo;Autriche, Lando Norris a reconnu avoir v\u00e9cu des journ\u00e9es difficiles \u00e0 la suite de l&rsquo;\u00e9preuve montr\u00e9alaise. Difficiles mais aussi tr\u00e8s constructives, le vice-champion 2024 estimant que les \u00e9changes qui ont suivi ont permis de b\u00e2tir des fondations encore plus fortes pour l&rsquo;avenir.<\/p>\n<p>\u00ab\u00a0Les discussions ont eu lieu, et elles ont \u00e9t\u00e9 nombreuses\u00a0\u00bb, a expliqu\u00e9 Norris. \u00ab\u00a0Tout a \u00e9t\u00e9 bien compris, mes pens\u00e9es ont \u00e9t\u00e9 bien per\u00e7ues. J&rsquo;ai pu expliquer mon point de vue \u00e0 l&rsquo;\u00e9quipe. Je pense avoir clairement indiqu\u00e9 d\u00e8s le d\u00e9but que j&rsquo;avais commis une erreur et que j&rsquo;en assumais la responsabilit\u00e9. Bien s\u00fbr, il ne s&rsquo;agissait pas de conversations tr\u00e8s joyeuses, mais elles \u00e9taient n\u00e9cessaires, clairement, et \u00e9videmment pour nous en tant qu&rsquo;\u00e9quipe, car il ne s&rsquo;agit pas seulement de moi, mais de nos performances collectives.\u00a0\u00bb<\/p>\n<blockquote>\n<p>Gr\u00e2ce \u00e0 ces circonstances malheureuses, nous avons beaucoup appris et beaucoup de choses sont devenues plus solides qu&rsquo;auparavant.<\/p>\n<\/blockquote>\n<p>\u00ab\u00a0Nous savons tous quelle est la r\u00e8gle num\u00e9ro 1, et elle reste et restera toujours la m\u00eame. Il y a eu des choses tr\u00e8s constructives, d&rsquo;une fa\u00e7on malheureuse, mais en allant dans le bon sens. Beaucoup de choses sont ressorties plus fortes qu&rsquo;elles ne l&rsquo;\u00e9taient avant le week-end, ce \u00e0 quoi on ne s&rsquo;attendait peut-\u00eatre pas, mais je pense que c&rsquo;est une bonne issue. Gr\u00e2ce \u00e0 ces circonstances malheureuses, nous avons beaucoup appris et beaucoup de choses sont devenues plus solides qu&rsquo;auparavant, ce qui est une bonne chose pour nous tous.\u00a0\u00bb<\/p>\n<p>Puis il a ajout\u00e9\u00a0: \u00ab\u00a0Il m&rsquo;a fallu un peu de temps [pour passer \u00e0 autre chose], car mon \u00e9quipe repr\u00e9sente tout pour moi. Ce sont les personnes avec lesquelles j&rsquo;ai grandi, celles qui m&rsquo;ont donn\u00e9 des opportunit\u00e9s en Formule 1, et je souhaite remporter des victoires avec <a href=\"https:\/\/fr.motorsport.com\/team\/mclaren\/609\/\" target=\"_blank\" rel=\"noopener\">McLaren<\/a>. Donc, pour moi, ce qui s&rsquo;est pass\u00e9 \u00e0 Montr\u00e9al avec mon co\u00e9quipier [&#8230;], c&rsquo;\u00e9tait probablement le plus douloureux pour moi, car c&rsquo;est la derni\u00e8re chose que je voudrais voir arriver entre moi et mon \u00e9quipier. Mais bien s\u00fbr, c&rsquo;est moi qui ai provoqu\u00e9 \u00e7a.\u00a0\u00bb<\/p>\n<p>\u00ab\u00a0Je me suis senti mal, tr\u00e8s mal pour l&rsquo;\u00e9quipe et toutes les personnes qui travaillent chez McLaren. Ces quelques jours ont donc \u00e9t\u00e9 difficiles, mais je pense aussi que j&rsquo;ai appris \u00e0 mieux g\u00e9rer ces moments-l\u00e0, en parlant \u00e0 Andrea [Stella, le directeur de McLaren F1], \u00e0 mon \u00e9quipe autour de moi, \u00e0 Zak [Brown, le PDG de McLaren Racing], et en essayant d&rsquo;aller de l&rsquo;avant le plus rapidement possible, ce qui \u00e9tait tr\u00e8s important. Donc oui, j&rsquo;aborde ce week-end en ayant mis cela derri\u00e8re moi.\u00a0\u00bb<\/p>\n<p>Pas de modification des \u00ab\u00a0papaya rules\u00a0\u00bb<br \/>\n   <img decoding=\"async\" draggable=\"false\" src=\"https:\/\/www.europesays.com\/fr\/wp-content\/uploads\/2025\/06\/1750986627_706_lando-norris-mclaren-oscar-pia.jpg\" alt=\"Les pilotes McLaren seront toujours libres de se battre.\" width=\"1200\" height=\"800\" loading=\"lazy\"\/> <\/p>\n<p class=\"title\">Les pilotes McLaren seront toujours libres de se battre.<\/p>\n<p class=\"photographer\">Photo de: James Sutton \/ Motorsport Images via Getty Images<\/p>\n<p><a href=\"https:\/\/fr.motorsport.com\/f1\/news\/comment-mclaren-reagir-premier-accrochage-norris-piastri\/10733547\/\" target=\"_self\" rel=\"noopener\">Comme Andrea Stella le laissait d\u00e9j\u00e0 entendre au soir de l&rsquo;incident<\/a>, McLaren ne va pas revenir sur ses r\u00e8gles d&rsquo;engagement entre les pilotes en raison de ce contact. Notamment parce que Norris en a vite et publiquement assum\u00e9 la responsabilit\u00e9\u00a0: \u00ab\u00a0Non, rien ne change\u00a0\u00bb, a affirm\u00e9 le pilote de 25 ans. \u00ab\u00a0Je pense que l&rsquo;une des premi\u00e8res le\u00e7ons importantes que j&rsquo;ai apprises a \u00e9t\u00e9 d&rsquo;assumer mes responsabilit\u00e9s, ce que j&rsquo;ai fait imm\u00e9diatement. Oui, j&rsquo;ai reconnu mes erreurs et j&rsquo;ai pris mes responsabilit\u00e9s pour ce qui s&rsquo;\u00e9tait pass\u00e9.\u00a0\u00bb <\/p>\n<p>\u00ab\u00a0C&rsquo;est un bon exemple pour nous en tant qu&rsquo;\u00e9quipe. Non pas que je sois ici pour donner l&rsquo;exemple parfait de la mani\u00e8re d&rsquo;assumer ses erreurs, mais oui, c&rsquo;est aussi l&rsquo;une des choses que nous avons beaucoup am\u00e9lior\u00e9es ces derni\u00e8res ann\u00e9es, et je pense que nous sommes maintenant au plus haut niveau dans notre fa\u00e7on de travailler collectivement. Parce que cela fait partie du sport, cela fait partie de sa nature, et c&rsquo;est humain de commettre des erreurs, il faut en assumer la responsabilit\u00e9, en tirer des le\u00e7ons, puis aller de l&rsquo;avant et s&rsquo;am\u00e9liorer. Donc oui, de ce point de vue, c&rsquo;\u00e9tait un \u00e9v\u00e9nement positif malgr\u00e9 tout.\u00a0\u00bb <\/p>\n<p>\u00ab\u00a0Mais c&rsquo;est aussi gr\u00e2ce \u00e0 la confiance et \u00e0 l&rsquo;honn\u00eatet\u00e9 qu&rsquo;Oscar et moi avons l&rsquo;un envers l&rsquo;autre qu&rsquo;il est important de continuer ainsi, de rester soud\u00e9s en tant qu&rsquo;\u00e9quipe, car nous ne voulons pas conna\u00eetre le m\u00eame naufrage que nous avons vu chez beaucoup d&rsquo;autres \u00e9quipes par le pass\u00e9. Nous voulons nous affronter de mani\u00e8re loyale et acharn\u00e9e, en repoussant nos limites, et ne pas revivre ce qui s&rsquo;est pass\u00e9 la derni\u00e8re fois. Et cela n\u00e9cessite que nous nous y engagions tous les deux, m\u00eame si le Canada \u00e9tait de ma faute.\u00a0\u00bb<\/p>\n<p>Un championnat qui se jouera sur des erreurs<br \/>\n   <img decoding=\"async\" draggable=\"false\" src=\"https:\/\/www.europesays.com\/fr\/wp-content\/uploads\/2025\/06\/1750986627_365_lando-norris-mclaren-oscar-pia.jpg\" alt=\"Lando Norris et Oscar Piastri dans le paddock du GP d'Autriche.\" width=\"1200\" height=\"800\" loading=\"lazy\"\/> <\/p>\n<p class=\"title\">Lando Norris et Oscar Piastri dans le paddock du GP d&rsquo;Autriche.<\/p>\n<p class=\"photographer\">Photo de: Steven Tee \/ LAT Images via Getty Images<\/p>\n<p>Sur le plan comptable, l&rsquo;erreur s&rsquo;est donc doubl\u00e9e d&rsquo;un z\u00e9ro point\u00e9 pour Norris qui a perdu 12 points sur son \u00e9quipier, toujours leader du <a href=\"https:\/\/fr.motorsport.com\/f1\/standings\/2025\/\" target=\"_self\" rel=\"noopener\">classement pilotes<\/a>, tout en voyant <a href=\"https:\/\/fr.motorsport.com\/driver\/max-verstappen\/93029\/\" target=\"_blank\" rel=\"noopener\">Max Verstappen<\/a> lui reprendre 18 unit\u00e9s d&rsquo;un coup d&rsquo;un seul. Quand il lui est demand\u00e9 si le championnat va se jouer sur les erreurs commises de part et d&rsquo;autre, le Britannique d&rsquo;acquiescer\u00a0: \u00ab\u00a0Oui, certainement. Je veux dire, oui, j&rsquo;ai commis davantage d&rsquo;erreurs et je suis derri\u00e8re. Donc oui, je pense que c&rsquo;est clair.\u00a0\u00bb <\/p>\n<p>\u00ab\u00a0C&rsquo;est tr\u00e8s serr\u00e9 entre nous. Oscar est assur\u00e9ment n peu plus \u00e0 l&rsquo;aise que moi cette saison, et c&rsquo;est comme \u00e7a. Je dois essayer de m&rsquo;am\u00e9liorer et de me surpasser davantage que par le pass\u00e9, simplement en raison des difficult\u00e9s que j&rsquo;ai rencontr\u00e9es avec la voiture cette ann\u00e9e et de certaines choses que j&rsquo;ai comprises. Mais c&rsquo;est aussi mon travail de piloter la voiture qui m&rsquo;est confi\u00e9e. Je l&rsquo;ai d\u00e9j\u00e0 dit par le pass\u00e9, et je le pense toujours. Que la voiture soit facile ou difficile \u00e0 piloter, que l&rsquo;on ait pas ou beaucoup de sensations, au bout du compte, l&rsquo;\u00e9quipe doit me fournir une voiture et me donner les moyens de lib\u00e9rer mon potentiel. Mais c&rsquo;est \u00e9galement mon travail de parvenir \u00e0 piloter la voiture qui m&rsquo;est confi\u00e9e.\u00a0\u00bb <\/p>\n<p>\u00ab\u00a0Donc oui, c&rsquo;est difficile, et Oscar fait du bon travail. C&rsquo;est passionnant de voir \u00e0 quel point nous sommes proches. Je pense que c&rsquo;est passionnant pour tous ceux qui regardent et que c&rsquo;est \u00e9galement positif pour l&rsquo;\u00e9quipe que nous soyons si proches et que nous nous poussions mutuellement. Cela nous permet de franchir un cap suppl\u00e9mentaire que peu d&rsquo;autres \u00e9quipes ont franchi.\u00a0\u00bb<\/p>\n<p style=\"text-align: right;\">Avec Filip Cleeren et Oleg Karpov<\/p>\n<p>Lire aussi :<\/p>\n<p><img decoding=\"async\" class=\"sizer\" draggable=\"false\" src=\"data:image\/png;base64,iVBORw0KGgoAAAANSUhEUgAAABAAAAAJCAYAAAA7KqwyAAAAGXRFWHRTb2Z0d2FyZQBBZG9iZSBJbWFnZVJlYWR5ccllPAAAABpJREFUeNpi\/P\/\/PwMlgImBQjBqwLAwACDAAOVfAw9\/ZDvcAAAAAElFTkSuQmCC\" alt=\"\" loading=\"lazy\"\/><\/p>\n<p class=\"title\">VID\u00c9O &#8211; F1 2025\u2122 Hot Laps : d\u00e9couvrez le tour du Red Bull Ring !<\/p>\n<p>Dans cet article<\/p>\n<p>    Fabien Gaillard\n<\/p>\n<p>    Formule 1\n<\/p>\n<p>    Lando Norris\n<\/p>\n<p>    Oscar Piastri\n<\/p>\n<p>    McLaren\n<\/p>\n<p>Soyez le premier inform\u00e9 et souscrivez aux alertes mails pour recevoir les infos en temps r\u00e9el<\/p>\n<p>    S&rsquo;abonner aux alertes de news<\/p>\n","protected":false},"excerpt":{"rendered":"Dans les derniers tours du Grand Prix du Canada, Lando Norris s&rsquo;est accroch\u00e9 avec son \u00e9quipier en lui&hellip;\n","protected":false},"author":2,"featured_media":207151,"comment_status":"","ping_status":"","sticky":false,"template":"","format":"standard","meta":{"footnotes":""},"categories":[1412],"tags":[1451,1452,1453,1454,1455,1011,27,34489,2243,4475,2241,34490,60],"class_list":{"0":"post-207150","1":"post","2":"type-post","3":"status-publish","4":"format-standard","5":"has-post-thumbnail","7":"category-f1","8":"tag-f1","9":"tag-formula-1","10":"tag-formula1","11":"tag-formule-1","12":"tag-formule1","13":"tag-fr","14":"tag-france","15":"tag-gp-dautriche","16":"tag-lando-norris","17":"tag-mclaren","18":"tag-oscar-piastri","19":"tag-red-bull-ring","20":"tag-sports"},"share_on_mastodon":{"url":"https:\/\/pubeurope.com\/@fr\/114752665961950892","error":""},"_links":{"self":[{"href":"https:\/\/www.europesays.com\/fr\/wp-json\/wp\/v2\/posts\/207150","targetHints":{"allow":["GET"]}}],"collection":[{"href":"https:\/\/www.europesays.com\/fr\/wp-json\/wp\/v2\/posts"}],"about":[{"href":"https:\/\/www.europesays.com\/fr\/wp-json\/wp\/v2\/types\/post"}],"author":[{"embeddable":true,"href":"https:\/\/www.europesays.com\/fr\/wp-json\/wp\/v2\/users\/2"}],"replies":[{"embeddable":true,"href":"https:\/\/www.europesays.com\/fr\/wp-json\/wp\/v2\/comments?post=207150"}],"version-history":[{"count":0,"href":"https:\/\/www.europesays.com\/fr\/wp-json\/wp\/v2\/posts\/207150\/revisions"}],"wp:featuredmedia":[{"embeddable":true,"href":"https:\/\/www.europesays.com\/fr\/wp-json\/wp\/v2\/media\/207151"}],"wp:attachment":[{"href":"https:\/\/www.europesays.com\/fr\/wp-json\/wp\/v2\/media?parent=207150"}],"wp:term":[{"taxonomy":"category","embeddable":true,"href":"https:\/\/www.europesays.com\/fr\/wp-json\/wp\/v2\/categories?post=207150"},{"taxonomy":"post_tag","embeddable":true,"href":"https:\/\/www.europesays.com\/fr\/wp-json\/wp\/v2\/tags?post=207150"}],"curies":[{"name":"wp","href":"https:\/\/api.w.org\/{rel}","templated":true}]}}