{"id":207156,"date":"2025-06-27T01:13:11","date_gmt":"2025-06-27T01:13:11","guid":{"rendered":"https:\/\/www.europesays.com\/fr\/207156\/"},"modified":"2025-06-27T01:13:11","modified_gmt":"2025-06-27T01:13:11","slug":"vas-y-mets-la-langue-lola-marois-decomplexee-avec-un-autre-acteur-jean-marie-bigard-furax","status":"publish","type":"post","link":"https:\/\/www.europesays.com\/fr\/207156\/","title":{"rendered":"\u00ab\u00a0Vas-y, mets la langue\u00a0!\u00a0\u00bb\u00a0: Lola Marois d\u00e9complex\u00e9e avec un autre acteur, Jean-Marie Bigard furax"},"content":{"rendered":"<p>      R\u00e9sum\u00e9<\/p>\n<p>Tous les deux acteurs phares de \u00ab\u00a0Plus belle la vie, encore plus belle\u00a0\u00bb, Lola Marois et David Baiot ont d\u00fb s&#8217;embrasser fougueusement. D&rsquo;abord g\u00ean\u00e9s, ils ont fini par mettre la langue au grand d\u00e9sarroi de Jean-Marie Bigard, le mari de la com\u00e9dienne.<\/p>\n<p>        Sommaire<\/p>\n<p>Diffus\u00e9e de <strong>2004 \u00e0 2022 sur France 3<\/strong>, <a href=\"https:\/\/www.public.fr\/leo-nadler-secret-story-son-arrivee-dans-plus-belle-la-vie-va-faire-parler-a-moitie-a-poil-a-rouler-une-galoche\" rel=\"nofollow noopener\" target=\"_blank\">\u00ab\u00a0Plus belle la vie\u00a0\u00bb<\/a> a bascul\u00e9 <strong>sur TF1 deux ans plus tard<\/strong> pour le plus grand bonheur ses fans inconditionnels de cette s\u00e9rie devenue culte. Une s\u00e9rie rebaptis\u00e9e pour l&rsquo;occasion <a href=\"https:\/\/www.public.fr\/plus-belle-la-vie-une-autre-star-de-la-serie-rejoint-le-casting-de-demain-nous-appartient\" rel=\"nofollow noopener\" target=\"_blank\">\u00ab\u00a0Plus belle la vie, encore plus belle\u00a0\u00bb.<\/a> Ainsi, c&rsquo;est<strong> le 8\u00a0janvier 2024<\/strong> que la premi\u00e8re cha\u00eene a relanc\u00e9 l&rsquo;aventure <strong>dans le quartier du Mistral<\/strong> \u00e0 Marseille (Bouches-du-Rh\u00f4ne). <a href=\"https:\/\/www.public.fr\/plus-belle-la-vie-apres-le-mariage-dune-star-de-la-serie-cette-actrice-se-fiance-a-son-tour\" rel=\"nofollow noopener\" target=\"_blank\">Un t\u00e9l\u00e9film<\/a> dans lequel les t\u00e9l\u00e9spectateurs ont pu retrouver leurs <strong>acteurs embl\u00e9matiques<\/strong> comme C\u00e9cilia Hornus, <a href=\"https:\/\/www.public.fr\/laurent-kerusore-vit-les-48h-les-plus-difficiles-de-ma-vie-son-message-de-detresse-pour-denise\" rel=\"nofollow noopener\" target=\"_blank\">Laurent K\u00e9rusor\u00e9 <\/a>ou encore Lola Marois.<\/p>\n<p><a href=\"https:\/\/www.public.fr\/jean-marie-bigard-sa-compagne-lola-marois-revele-etre-draguee-par-une-star-de-lequipe-de-france-de-football-sur-les-reseaux-sociaux\" rel=\"nofollow noopener\" target=\"_blank\">La com\u00e9dienne de 42 ans<\/a> <strong>incarne Ariane Hersant<\/strong>. Polici\u00e8re de m\u00e9tier, cette derni\u00e8re exer\u00e7ait au commissariat de Cannet, mais celui-ci a br\u00fbl\u00e9. Du coup, <a href=\"https:\/\/www.public.fr\/lola-marois-plus-belle-la-vie-choquee-par-le-proces-nicolas-bedos-et-ses-declarations-devant-le-juge-la-comedienne-latomise\" rel=\"nofollow noopener\" target=\"_blank\">la jolie blonde<\/a> a d\u00e9barqu\u00e9 au commissariat du Mistral. L\u00e0-bas, elle a eu la surprise de retrouver son ex-compagnon. Seule contre tous, <strong>elle a d\u00fb affronter des \u00e9preuves.<\/strong> \u00ab\u00a0J&rsquo;aime beaucoup quand mon personnage est dans <strong>des situations inextricables<\/strong> et qu&rsquo;elle est dans de sales draps\u00a0\u00bb, avait-elle confi\u00e9 \u00e0 nos confr\u00e8res de Diverto.<\/p>\n<p>Des situations qui laissaient <strong>peu de place \u00e0 l&rsquo;amour et pourtant<\/strong>\u2026 L&rsquo;actrice a toujours port\u00e9 un homme dans son c\u0153ur. Il s&rsquo;agit de <strong>Djawad<\/strong>, <a href=\"https:\/\/www.public.fr\/ca-a-pu-deraper-david-baiot-plus-belle-la-vie-revele-les-coulisses-de-ses-baisers-avec-lola-marois\" rel=\"nofollow noopener\" target=\"_blank\">interpr\u00e9t\u00e9 par David Baiot<\/a>. Il y a quelques mois d&rsquo;ailleurs, la polici\u00e8re et l&rsquo;ancien voyou &#8211; depuis reconverti en serveur du Mistral &#8211; se sont plus que rapproch\u00e9s jusqu&rsquo;\u00e0 <strong>s&#8217;embrasser fougueusement<\/strong>.<\/p>\n<p>Lola Marois : son baiser fougueux avec son partenaire de fiction<\/p>\n<p>M\u00eame s&rsquo;il semble peu probable que tous les deux fondent une histoire s\u00e9rieuse, il n&#8217;emp\u00eache qu&rsquo;ils semblent avoir v\u00e9cu ce rapprochement <strong>de mani\u00e8re intense<\/strong>. \u00ab\u00a0Entre eux, c&rsquo;est <strong>l&rsquo;amour vache<\/strong>, c&rsquo;est &lsquo;je t&rsquo;aime, moi non plus&rsquo;, il y a un c\u00f4t\u00e9 tr\u00e8s g\u00e9n\u00e9rationnel dans ce couple qui n&rsquo;en est pas un [&#8230;] Entre eux, <strong>il y a quelque chose d&rsquo;assez charnel <\/strong>et ils vont continuer dans cette dynamique-l\u00e0, pour l&rsquo;instant, car <strong>ils ne veulent pas de lendemain<\/strong>\u00ab\u00a0, pr\u00e9cise <a href=\"https:\/\/www.google.com\/url?sa=t&amp;source=web&amp;rct=j&amp;opi=89978449&amp;url=https:\/\/vsd.fr\/78740-jean-marie-bigard-plus-age-que-le-pere-de-sa-celebre-compagne-confidences-inedites-sur-leur-relation-tumultueuse\/&amp;ved=2ahUKEwj86PTDwY-OAxW7QaQEHb6GITQQFnoECBUQAQ&amp;usg=AOvVaw2FULtBacwYYX4pbsAIEqTP\" rel=\"nofollow noopener\" target=\"_blank\">la Parisienne<\/a>.<\/p>\n<p>Mais alors comment s&rsquo;est d\u00e9roul\u00e9 le <strong>tournage de ce premier baiser <\/strong>? Convi\u00e9e au Festival Cannes\u00e9ries, Lola Marois s&rsquo;est <strong>confi\u00e9e sans filtre<\/strong> \u00e0 nos confr\u00e8res de Cin\u00e9-T\u00e9l\u00e9-Revue. \u00ab\u00a0Premi\u00e8re s\u00e9quence tourn\u00e9e par Philippe Dajoux, <strong>on y allait un peu \u00e0 t\u00e2tons<\/strong>, il coupe et nous dit\u00a0: \u2018allez les gars, faut y aller\u00a0! Vous \u00eates deux adultes consentants&rsquo;. David me regarde et me dit alors\u00a0: \u2018<strong>Vas-y mets la langue<\/strong>.\u2019 Je me dis ok, vas-y si tu veux.<strong> Il n\u2019y a eu aucune g\u00eane entre nous<\/strong>, on s\u2019est r\u00e9gal\u00e9 \u00e0 jouer \u00e7a\u00a0\u00bb, a-t-elle confi\u00e9 sans filtre.<\/p>\n<p>En revanche, <strong>il y en a un qui a beaucoup moins appr\u00e9ci\u00e9<\/strong>, c&rsquo;est <a href=\"https:\/\/www.google.com\/url?sa=t&amp;source=web&amp;rct=j&amp;opi=89978449&amp;url=https:\/\/vsd.fr\/14227-clash-la-femme-de-jean-marie-bigard-sen-prend-tres-violemment-a-karine-le-marchand\/&amp;ved=2ahUKEwj86PTDwY-OAxW7QaQEHb6GITQQFnoECBMQAQ&amp;usg=AOvVaw3ux8UQBdcStPuU7T9Cpw-8\" rel=\"nofollow noopener\" target=\"_blank\">le mari de Lola<\/a>. \u00ab\u00a0<strong>Jean-Marie n\u2019\u00e9tait pas fan par contre\u00a0! Quand il a vu \u00e7a, il m\u2019a dit\u00a0: Change de cha\u00eene\u00a0!<\/strong>\u00a0\u00bb a conclu <a href=\"https:\/\/www.google.com\/url?sa=t&amp;source=web&amp;rct=j&amp;opi=89978449&amp;url=https:\/\/www.public.fr\/jean-marie-bigard-sa-compagne-lola-marois-revele-etre-draguee-par-une-star-de-lequipe-de-france-de-football-sur-les-reseaux-sociaux&amp;ved=2ahUKEwj86PTDwY-OAxW7QaQEHb6GITQQFnoECCsQAQ&amp;usg=AOvVaw0dLOHHaqYACnOnIXA_KCB4\" rel=\"nofollow noopener\" target=\"_blank\">la star du petit \u00e9cran <\/a>avec le sourire.<\/p>\n<p>      Mentionn\u00e9s dans cet article<\/p>\n<p>\u00c0 lire aussi<\/p>\n","protected":false},"excerpt":{"rendered":"R\u00e9sum\u00e9 Tous les deux acteurs phares de \u00ab\u00a0Plus belle la vie, encore plus belle\u00a0\u00bb, Lola Marois et David&hellip;\n","protected":false},"author":2,"featured_media":207157,"comment_status":"","ping_status":"","sticky":false,"template":"","format":"standard","meta":{"footnotes":""},"categories":[1359],"tags":[17948,58,59,381,1011,27,1196,7870,7871,7872,973,1368,17398,12809,199],"class_list":{"0":"post-207156","1":"post","2":"type-post","3":"status-publish","4":"format-standard","5":"has-post-thumbnail","7":"category-people","8":"tag-baiser","9":"tag-divertissement","10":"tag-entertainment","11":"tag-fiction","12":"tag-fr","13":"tag-france","14":"tag-jalousie","15":"tag-jean-marie-bigard","16":"tag-lola-marois","17":"tag-lola-marois-bigard","18":"tag-people","19":"tag-plus-belle-la-vie","20":"tag-serie-televisee","21":"tag-telefilm","22":"tag-tf1"},"share_on_mastodon":{"url":"https:\/\/pubeurope.com\/@fr\/114752678018023001","error":""},"_links":{"self":[{"href":"https:\/\/www.europesays.com\/fr\/wp-json\/wp\/v2\/posts\/207156","targetHints":{"allow":["GET"]}}],"collection":[{"href":"https:\/\/www.europesays.com\/fr\/wp-json\/wp\/v2\/posts"}],"about":[{"href":"https:\/\/www.europesays.com\/fr\/wp-json\/wp\/v2\/types\/post"}],"author":[{"embeddable":true,"href":"https:\/\/www.europesays.com\/fr\/wp-json\/wp\/v2\/users\/2"}],"replies":[{"embeddable":true,"href":"https:\/\/www.europesays.com\/fr\/wp-json\/wp\/v2\/comments?post=207156"}],"version-history":[{"count":0,"href":"https:\/\/www.europesays.com\/fr\/wp-json\/wp\/v2\/posts\/207156\/revisions"}],"wp:featuredmedia":[{"embeddable":true,"href":"https:\/\/www.europesays.com\/fr\/wp-json\/wp\/v2\/media\/207157"}],"wp:attachment":[{"href":"https:\/\/www.europesays.com\/fr\/wp-json\/wp\/v2\/media?parent=207156"}],"wp:term":[{"taxonomy":"category","embeddable":true,"href":"https:\/\/www.europesays.com\/fr\/wp-json\/wp\/v2\/categories?post=207156"},{"taxonomy":"post_tag","embeddable":true,"href":"https:\/\/www.europesays.com\/fr\/wp-json\/wp\/v2\/tags?post=207156"}],"curies":[{"name":"wp","href":"https:\/\/api.w.org\/{rel}","templated":true}]}}