{"id":207158,"date":"2025-06-27T01:14:11","date_gmt":"2025-06-27T01:14:11","guid":{"rendered":"https:\/\/www.europesays.com\/fr\/207158\/"},"modified":"2025-06-27T01:14:11","modified_gmt":"2025-06-27T01:14:11","slug":"a-new-york-un-loft-inspire-des-annees-1990-dans-le-lower-east-side","status":"publish","type":"post","link":"https:\/\/www.europesays.com\/fr\/207158\/","title":{"rendered":"\u00c0 New York, un loft inspir\u00e9 des ann\u00e9es 1990 dans le Lower East Side"},"content":{"rendered":"<p><strong>Dans le Lower East Side de New York, ce loft est une r\u00e9interpr\u00e9tation \u00ab\u00a0sexy \u00bb des sous-sols des ann\u00e9es 1990.<\/strong><\/p>\n<p>Lorsque Jack Driessen a demand\u00e9 \u00e0 son meilleur ami, Nate van der Ende, de l\u2019aider \u00e0 am\u00e9nager son nouvel <a href=\"https:\/\/www.admagazine.fr\/article\/un-appartement-parisien-au-blanc-brut-et-doux-dans-le-marais\" target=\"_blank\" rel=\"noopener\">appartement<\/a> de deux chambres dans le Lower East Side de Manhattan, il n\u2019a tout simplement pas accept\u00e9 un \u00ab non merci \u00bb comme r\u00e9ponse. \u00c0 l\u2019\u00e9poque, Nate Van der Ende dirigeait sa propre entreprise de conception num\u00e9rique et n\u2019avait pour seule exp\u00e9rience en d\u00e9coration que celle de son propre appartement \u2013 un projet bien plus modeste et men\u00e9 \u00e0 un rythme bien plus lent. \u00ab Je ne me suis jamais consid\u00e9r\u00e9 comme un d\u00e9corateur \u00bb, admet-il. \u00ab\u00a0Mais Jack a insist\u00e9 jusqu\u2019\u00e0 que je c\u00e8de. \u00bb<\/p>\n<p>Il a donc c\u00e9d\u00e9 et propos\u00e9 \u00e0 Jack Driessen, cadre dans la mode, de l\u2019aider \u00e0 r\u00e9nover la <a href=\"https:\/\/www.admagazine.fr\/article\/petites-salles-de-bains-atypiques-astuces-architectes\" target=\"_blank\" rel=\"noopener\">salle de bains<\/a> \u2013 la seule pi\u00e8ce du loft qui avait r\u00e9ellement besoin d\u2019un bon coup de neuf. Les deux amis ont alors commenc\u00e9 \u00e0 choisir des carreaux, \u00e0 \u00e9changer des id\u00e9es, et Nate Van der Ende a eu une sorte de d\u00e9clic : \u00ab D\u00e8s que nous avons commenc\u00e9, j\u2019ai su que \u00e7a me passionnait. C\u2019\u00e9tait comme si une ampoule s\u2019\u00e9tait allum\u00e9e : mais pourquoi je n\u2019ai pas fait \u00e7a toute ma vie ? \u00bb<\/p>\n<p>Nate van der Ende, de &amp;Ende, pose dans son tout premier projet professionnel : la <a href=\"https:\/\/www.admagazine.fr\/article\/combien-coute-construction-maison-architecte\" target=\"_blank\" rel=\"noopener\">maison<\/a> de son meilleur ami, Jack Driessen, qui a marqu\u00e9 le d\u00e9but d\u2019une nouvelle carri\u00e8re. \u00ab Ce projet a \u00e9t\u00e9 un vrai cadeau, dans les deux sens \u00bb, explique celui qui cite parmi ses influences cr\u00e9atives Jacques Grange, Donald Judd, Eileen Gray et Pierre Yovanovich. \u00ab J\u2019ai re\u00e7u le cadeau de la passion et de la certitude de faire ce pour quoi je suis fait, et lui est vraiment, vraiment heureux de l\u2019endroit. C\u2019\u00e9tait magnifique de pouvoir lui offrir \u00e7a. \u00bb<\/p>\n<p>Le canap\u00e9 en cuir marron de Timothy Oulton est accompagn\u00e9 d\u2019une paire de fauteuils <a href=\"https:\/\/www.admagazine.fr\/article\/decoration-vintage-pieces-grands-designers\" target=\"_blank\" rel=\"noopener\">vintage<\/a> Milo Baughman, retapiss\u00e9s de velours c\u00f4tel\u00e9 moutarde Raf Simons pour Kvadrat, avec des coussins boules habill\u00e9s de velours mohair Raf Simons. Les miroirs ronds viennent de Blu Dot, et le jet\u00e9 orange de Viso.<\/p>\n<p>D\u2019une certaine mani\u00e8re, la vie de Nate Van der Ende l\u2019a pr\u00e9par\u00e9 \u00e0 ce moment d\u00e9cisif. Jack Driessen avait reconnu depuis longtemps le talent inn\u00e9 de son ami pour l\u2019am\u00e9nagement des espaces et son \u0153il pour les mises en sc\u00e8ne s\u00e9duisantes. Tous deux partageaient un go\u00fbt prononc\u00e9 pour les <a href=\"https:\/\/www.admagazine.fr\/article\/interieurs-grandes-personnalites-creatives\" target=\"_blank\" rel=\"noopener\">int\u00e9rieurs<\/a> empreints de nostalgie, qui rappelaient les sous-sols de banlieue de leur enfance dans les ann\u00e9es 1990. Les notes de bas de page de la demande \u00e9taient claires : \u00ab Tu es un ami proche et je te fais confiance \u00bb, se souvient Jack Driessen. Puis est venue la note de t\u00eate : \u00ab Tous les succ\u00e8s que j\u2019ai connus dans ma carri\u00e8re sont dus aux personnes qui ont pris des risques avec moi. \u00bb<\/p>\n<p>Dans un coin de l\u2019espace de vie principal, un mannequin de sous-v\u00eatements vintage chrom\u00e9 prend place sur une enceinte, pr\u00e8s d\u2019une <a href=\"https:\/\/www.admagazine.fr\/article\/restaurer-table-bois-5-etapes\" target=\"_blank\" rel=\"noopener\">table<\/a> d\u2019appoint sculpt\u00e9e de Skilset et d\u2019une table basse en acier inoxydable et granit sign\u00e9e Stanley J. Friedman pour Brueton. \u00ab On a eu l\u2019impression que l\u2019espace \u00e9tait bas, surtout avec la hauteur sous plafond \u00bb, explique Jack Driessen, \u00ab et on s\u2019est vraiment senti \u00e0 l\u2019aise \u00bb.<\/p>\n<p>Dans le salon principal, une \u00e9tag\u00e8re sur mesure con\u00e7ue par &amp;Ende et fabriqu\u00e9e par BK Domestic est recouverte d\u2019un placage teint\u00e9 jaune. Son m\u00e9lange de livres, de c\u00e9ramiques et d\u2019<a href=\"https:\/\/www.admagazine.fr\/article\/oeuvre-art-architectes-difference\" target=\"_blank\" rel=\"noopener\">\u0153uvres d\u2019art<\/a> est embl\u00e9matique de l\u2019esth\u00e9tique profond\u00e9ment personnelle qui pla\u00eet le plus \u00e0 Nate van der Ende.<\/p>\n<p>En parlant de prises de risques, la salle de bains a \u00e9t\u00e9 enti\u00e8rement habill\u00e9e de carreaux Zia dans une teinte rappelant la couleur des l\u00e8vres, avec un miroir courant sur toute la longueur d\u2019un mur. Le d\u00e9corateur a cherch\u00e9 \u00e0 maximiser l\u2019impact visuel et \u00e0 instaurer une ambiance de vestiaire r\u00e9tro dans cet espace sans fen\u00eatre, en y ajoutant un banc et deux pommes de douche. Une simple bande lumineuse, plac\u00e9e au-dessus du <a href=\"https:\/\/www.admagazine.fr\/adinspiration\/article\/feng-shui-miroir-chez-soi\" target=\"_blank\" rel=\"noopener\">miroir<\/a> de deux m\u00e8tres, a renforc\u00e9 cette atmosph\u00e8re vintage. (\u00ab La lumi\u00e8re donne l\u2019impression que vous avez des muscles, m\u00eame si ce n\u2019est pas le cas \u00bb, fait remarquer Nate van der Ende. \u00ab C\u2019est tr\u00e8s flatteur. \u00bb) La cuisine, quant \u00e0 elle, a simplement \u00e9t\u00e9 rafra\u00eechie : des armoires \u00e9pur\u00e9es sign\u00e9es Reform et des carreaux gris y ont \u00e9t\u00e9 install\u00e9s. C\u2019est la premi\u00e8re pi\u00e8ce que l\u2019on d\u00e9couvre en entrant dans le loft. Et m\u00eame si Jack Driessen cuisine rarement, il accueille souvent ses invit\u00e9s autour de son \u00eelot spacieux, avant de les entra\u00eener vers l\u2019<a href=\"https:\/\/www.admagazine.fr\/article\/un-petit-espace-contemporain-qui-joue-avec-la-lumiere\" target=\"_blank\" rel=\"noopener\">espace<\/a> de vie principal.<\/p>\n<p>L\u00e0, sous les poutres en bois d\u2019origine \u2013 un d\u00e9tail qui avait tout de suite attir\u00e9 l\u2019attention du propri\u00e9taire lors de sa recherche d\u2019appartement \u2013 l\u2019espace a \u00e9t\u00e9 am\u00e9nag\u00e9 en pensant \u00e0 la convivialit\u00e9. Les nombreuses places assises, notamment un canap\u00e9 incurv\u00e9 en cuir sign\u00e9 Timothy Oulton, des fauteuils vintage Milo Baughman en velours c\u00f4tel\u00e9 moutarde et une profusion de coussins, \u00ab ressemblent \u00e0 un trou noir qui vous aspire et vous donne envie de vous installer confortablement, de vous d\u00e9tendre \u00bb, selon Jack Driessen. La <a href=\"https:\/\/www.admagazine.fr\/article\/10-tables-de-salle-a-manger-tendance-en-2025\" target=\"_blank\" rel=\"noopener\">salle \u00e0 manger<\/a>, lumineuse et a\u00e9r\u00e9e, abrite une table en bois ancien entour\u00e9e de chaises Mart Stam, plac\u00e9es sous des suspensions \u00e9l\u00e9gantes, un clin d\u2019\u0153il \u00e9pur\u00e9 \u00e0 la zone plus sophistiqu\u00e9e attenante. Quant aux deux chambres, elles ont \u00e9t\u00e9 pens\u00e9es pour maximiser le calme et le confort, avec des teintes terreuses et des \u0153uvres d\u2019art personnelles.<\/p>\n","protected":false},"excerpt":{"rendered":"Dans le Lower East Side de New York, ce loft est une r\u00e9interpr\u00e9tation \u00ab\u00a0sexy \u00bb des sous-sols des&hellip;\n","protected":false},"author":2,"featured_media":207159,"comment_status":"","ping_status":"","sticky":false,"template":"","format":"standard","meta":{"footnotes":""},"categories":[1358],"tags":[1348,1384,1385,1386,58,59,1011,27,34615,415],"class_list":{"0":"post-207158","1":"post","2":"type-post","3":"status-publish","4":"format-standard","5":"has-post-thumbnail","7":"category-arts-et-design","8":"tag-arts","9":"tag-arts-and-design","10":"tag-arts-et-design","11":"tag-design","12":"tag-divertissement","13":"tag-entertainment","14":"tag-fr","15":"tag-france","16":"tag-loft","17":"tag-new-york"},"share_on_mastodon":{"url":"https:\/\/pubeurope.com\/@fr\/114752681692020552","error":""},"_links":{"self":[{"href":"https:\/\/www.europesays.com\/fr\/wp-json\/wp\/v2\/posts\/207158","targetHints":{"allow":["GET"]}}],"collection":[{"href":"https:\/\/www.europesays.com\/fr\/wp-json\/wp\/v2\/posts"}],"about":[{"href":"https:\/\/www.europesays.com\/fr\/wp-json\/wp\/v2\/types\/post"}],"author":[{"embeddable":true,"href":"https:\/\/www.europesays.com\/fr\/wp-json\/wp\/v2\/users\/2"}],"replies":[{"embeddable":true,"href":"https:\/\/www.europesays.com\/fr\/wp-json\/wp\/v2\/comments?post=207158"}],"version-history":[{"count":0,"href":"https:\/\/www.europesays.com\/fr\/wp-json\/wp\/v2\/posts\/207158\/revisions"}],"wp:featuredmedia":[{"embeddable":true,"href":"https:\/\/www.europesays.com\/fr\/wp-json\/wp\/v2\/media\/207159"}],"wp:attachment":[{"href":"https:\/\/www.europesays.com\/fr\/wp-json\/wp\/v2\/media?parent=207158"}],"wp:term":[{"taxonomy":"category","embeddable":true,"href":"https:\/\/www.europesays.com\/fr\/wp-json\/wp\/v2\/categories?post=207158"},{"taxonomy":"post_tag","embeddable":true,"href":"https:\/\/www.europesays.com\/fr\/wp-json\/wp\/v2\/tags?post=207158"}],"curies":[{"name":"wp","href":"https:\/\/api.w.org\/{rel}","templated":true}]}}