{"id":207168,"date":"2025-06-27T01:19:13","date_gmt":"2025-06-27T01:19:13","guid":{"rendered":"https:\/\/www.europesays.com\/fr\/207168\/"},"modified":"2025-06-27T01:19:13","modified_gmt":"2025-06-27T01:19:13","slug":"pourquoi-la-rougeole-explose-en-2025","status":"publish","type":"post","link":"https:\/\/www.europesays.com\/fr\/207168\/","title":{"rendered":"pourquoi la rougeole explose en 2025\u00a0?"},"content":{"rendered":"<p>            Par<br \/>\n        <strong><br \/>\n            <a href=\"https:\/\/actu.fr\/auteur\/jade-lacroix\" title=\"Consulter tous les articles de Jade Lacroix\" target=\"_blank\" rel=\"noopener\">Jade Lacroix<\/a><br \/>\n        <\/strong><\/p>\n<p>        Publi\u00e9 le<\/p>\n<p>            25 juin 2025 \u00e0 12h07        <\/p>\n<p>L\u2019\u00e9pid\u00e9mie de<strong> rougeole<\/strong> a touch\u00e9 environ 700\u00a0personnes en France depuis d\u00e9but 2025, d\u00e9passant d\u00e9j\u00e0 le bilan de 2024, a soulign\u00e9 lundi 23\u00a0juin 2025 Sant\u00e9 publique France, dans un contexte de r\u00e9surgence mondiale de cette maladie contagieuse li\u00e9e notamment \u00e0 un affaiblissement de la vaccination.<\/p>\n<p>Une maladie qui peut \u00eatre grave, voire mortelle<\/p>\n<p class=\" wall-content\">La rougeole est <a href=\"https:\/\/actu.fr\/societe\/rougeole-les-autorites-craignent-une-epidemie-en-france-comment-reconnaitre-les-symptomes_62356817.html\" target=\"_blank\" rel=\"noopener\">une maladie virale \u00e9ruptive<\/a>, comme l\u2019explique pour actu.fr Antoine Flahault, \u00e9pid\u00e9miologiste et directeur de l\u2019Institut de sant\u00e9 globale de l\u2019Universit\u00e9 de Gen\u00e8ve.<\/p>\n<p class=\" wall-content\">Selon <a href=\"https:\/\/www.who.int\/fr\/news-room\/fact-sheets\/detail\/measles\" target=\"_blank\" rel=\"noopener\">l\u2019OMS<\/a>, la rougeole est m\u00eame <strong>l\u2019une des maladies les plus contagieuses au monde<\/strong>. Elle se propage par voie a\u00e9rienne, c\u2019est-\u00e0-dire lorsqu\u2019une personne infect\u00e9e respire, tousse ou \u00e9ternue.<\/p>\n<p class=\" wall-content\">Elle provoque des \u00e9ruptions cutan\u00e9es \u00ab\u2009qui descendent de la t\u00eate et du cou vers les mains et les pieds pendant environ <strong>une semaine \u00e0 dix jours<\/strong> lorsqu\u2019il n\u2019y a pas de complications\u2009\u00bb.<\/p>\n<blockquote class=\"ac-article-quote wall-content\">\n<p>Les patients ont des sympt\u00f4mes de l\u2019arbre respiratoire sup\u00e9rieur, avec une fi\u00e8vre \u00e9lev\u00e9e parfois cause de convulsions f\u00e9briles chez le nourrisson, une toux, une conjonctivite, une rhinorrh\u00e9e&#8230;<\/p>\n<p>    <strong>Professeur Antoine Flahault<\/strong><br \/>\n        Epid\u00e9miologiste et directeur de l\u2019Institut de sant\u00e9 globale de l\u2019Universit\u00e9 de Gen\u00e8ve    <\/p><\/blockquote>\n<p>Vid\u00e9os : en ce moment sur ActuDes complications possibles<\/p>\n<p class=\" wall-content\">Et la rougeole, comme beaucoup d\u2019autres maladies, peut entra\u00eener des complications. Les plus fr\u00e9quentes \u2013 mais aussi les moins graves \u2013 sont les otites, les laryngites et les diarrh\u00e9es.<\/p>\n<p class=\" wall-content\">Certaines complications sont plus dangereuses. \u00ab\u2009Des risques de <strong>pneumonies<\/strong> (6\u2009% des cas), d\u2019enc\u00e9phalites aigu\u00ebs et de k\u00e9ratoconjonctivites avec risque de c\u00e9cit\u00e9 ult\u00e9rieure sont possibles et plus fr\u00e9quents en cas d\u2019immunod\u00e9pression\u2009\u00bb, alerte le professeur Antoine Flahault.<\/p>\n<p class=\" wall-content\">Et pour les femmes enceintes qui vont bient\u00f4t accoucher, contracter la rougeole repr\u00e9sente un vrai risque tant pour la femme que pour le f\u0153tus.<\/p>\n<p>Des cas qui explosent en 2025<\/p>\n<p class=\" wall-content\">Les contaminations, qui peuvent donc \u00eatre dangereuses, <a href=\"https:\/\/actu.fr\/societe\/rougeole-la-france-a-passe-la-barre-des-400-cas-en-trois-mois-et-c-est-plus-que-toute-l-annee-2024_62575452.html\" target=\"_blank\" rel=\"noopener\">explosent en France cette ann\u00e9e<\/a>. Entre d\u00e9but janvier et la fin mai\u00a02025, <strong>658 cas de rougeole<\/strong> ont \u00e9t\u00e9 rapport\u00e9s. C\u2019est<strong> un tiers de plus qu\u2019en 2024<\/strong>, chiffre <a href=\"https:\/\/www.santepubliquefrance.fr\/maladies-et-traumatismes\/maladies-a-prevention-vaccinale\/rougeole\/documents\/bulletin-national\/rougeole-en-france.-bulletin-du-23-juin-2025\" target=\"_blank\" rel=\"noopener\">Sant\u00e9 publique France<\/a>.<\/p>\n<p class=\" wall-content\">Sur ces pr\u00e8s de 700 cas, 222 peuvent \u00eatre consid\u00e9r\u00e9s comme des formes graves potentielles, puisque les malades se sont rendus aux urgences ou ont \u00e9t\u00e9 hospitalis\u00e9s. Cela repr\u00e9sente 33\u2009% des contaminations.<\/p>\n<p class=\" wall-content\">\u00ab\u2009Deux d\u00e9c\u00e8s (3 pour 1000 cas de rougeole) sont \u00e0 d\u00e9plorer, ils sont survenus chez des personnes immunod\u00e9prim\u00e9es\u2009\u00bb, continue l\u2019\u00e9pid\u00e9miologiste qui ajoute que depuis le d\u00e9but de l\u2019ann\u00e9e, cette maladie s\u2019est r\u00e9v\u00e9l\u00e9e <strong>trois fois plus souvent mortelle que la grippe<\/strong>.<\/p>\n<blockquote class=\"ac-article-quote wall-content\">\n<p>Si la grippe tue des personnes tr\u00e8s \u00e2g\u00e9es, la rougeole tue essentiellement des nourrissons, le plus souvent de moins d\u2019un an.<\/p>\n<p>    <strong>Professeur Antoine Flahault<\/strong><br \/>\n        Epid\u00e9miologiste et directeur de l\u2019Institut de sant\u00e9 globale de l\u2019Universit\u00e9 de Gen\u00e8ve    <\/p><\/blockquote>\n<p class=\" wall-content\">Attention, car cette maladie dangereuse se propage partout en France\u2009: elle a \u00e9t\u00e9 d\u00e9tect\u00e9e dans 60 d\u00e9partements fran\u00e7ais. \u00ab\u2009La moiti\u00e9 des cas sont rapport\u00e9s dans les d\u00e9partements suivants\u2009: le Nord avec 117 cas, les Bouches-du-Rh\u00f4ne avec 50, l\u2019Is\u00e8re et la Haute-Savoie (39 cas chacun), Paris (25), la Seine-Saint-Denis (22), le Pas-de-Calais (22) et le Val-d\u2019Oise (20)\u2009\u00bb, pr\u00e9cise le professeur. Pour le moment, aucun cas n\u2019a \u00e9t\u00e9 rapport\u00e9 en Outre-Mer.<\/p>\n<p class=\" wall-content\">\u00c0 noter que la maladie peut toucher les adultes et les enfants\u2009:<\/p>\n<blockquote class=\"ac-article-quote wall-content\">\n<p>La population la plus touch\u00e9e est celle qui n\u2019est pas vaccin\u00e9e contre la rougeole\u00a0: les nourrissons avant un an et toutes les personnes qui n\u2019ont pas \u00e9t\u00e9 correctement vaccin\u00e9es.<\/p>\n<p>    <strong>Professeur Antoine Flahault<\/strong><br \/>\n        Epid\u00e9miologiste et directeur de l\u2019Institut de sant\u00e9 globale de l\u2019Universit\u00e9 de Gen\u00e8ve    <\/p><\/blockquote>\n<p>Pourquoi une telle hausse des cas\u2009?<\/p>\n<p class=\" wall-content\">Car c\u2019est bien la vaccination qui prot\u00e8ge de la rougeole. \u00ab\u2009La rougeole est une maladie que l\u2019on peut enti\u00e8rement <strong>pr\u00e9venir par la vaccination<\/strong>\u2009\u00bb, insiste l\u2019\u00e9pid\u00e9miologiste.<\/p>\n<p class=\" wall-content\">Comme nous le disions, cette maladie est extr\u00eamement contagieuse. Il faudrait donc <strong>parvenir \u00e0 vacciner 95\u2009% de la population si l\u2019on veut viser l\u2019\u00e9limination de la rougeole<\/strong> sur le territoire, selon le professeur.<\/p>\n<blockquote class=\"ac-article-quote wall-content\">\n<p>On est proche de cette couverture vaccinale chez les nourrissons en France, mais on n\u2019est plus qu\u2019\u00e0 33 % de couverture (deux doses) chez les moins de 44 ans [&#8230;] Le virus circule alors dans les poches de populations non vaccin\u00e9es car r\u00e9ticentes au vaccin, qui sont de plus en plus nombreuses actuellement.<\/p>\n<p>    <strong>Professeur Antoine Flahault<\/strong><br \/>\n        Epid\u00e9miologiste et directeur de l\u2019Institut de sant\u00e9 globale de l\u2019Universit\u00e9 de Gen\u00e8ve    <\/p><\/blockquote>\n<p class=\" wall-content\">Selon l\u2019\u00e9pid\u00e9miologiste, ce sont bien les <strong>mouvements anti-vax<\/strong> qui sont responsables de cette baisse de <a href=\"https:\/\/actu.fr\/tag\/vaccin\" target=\"_blank\" rel=\"noopener\">la couverture vaccinale<\/a>. \u00ab\u2009Ils ont r\u00e9pandu leurs th\u00e9ories fausses et leurs rumeurs infond\u00e9es pr\u00e9tendant un risque hypoth\u00e9tique du vaccin, influen\u00e7ant une partie croissante de la population qui a fini par rejeter la vaccination avec les d\u00e9g\u00e2ts que l\u2019on constate aujourd\u2019hui\u2009\u00bb, d\u00e9plore l\u2019expert.<\/p>\n<p class=\" wall-content\">Cette maladie repart donc \u00e0 la hausse, pas seulement en France, mais aussi dans le reste de l\u2019Europe et en <a href=\"https:\/\/actu.fr\/tag\/etats-unis\" target=\"_blank\" rel=\"noopener\">Am\u00e9rique du Nord<\/a> \u00e9galement touch\u00e9 par cette d\u00e9sinformation. La rougeole circule alors entre les pays par les flux de personnes.<\/p>\n<p class=\" wall-content\">\u00ab\u2009Les <strong>voyages \u00e0 l\u2019\u00e9tranger et le contact avec des touristes<\/strong> atteints peuvent contribuer aussi \u00e0 la r\u00e9introduction du virus sur le territoire national\u2009\u00bb, ajoute Antoine Flahault.\u00a0D\u2019apr\u00e8s lui, 14\u2009% des cas sont li\u00e9s \u00e0 un <strong>voyage r\u00e9cent \u00e0 l\u2019\u00e9tranger<\/strong>.<\/p>\n<p>Se vacciner pour se prot\u00e9ger<\/p>\n<p class=\" wall-content\">Le professeur Antoine Flahault insiste donc, \u00ab\u2009la vaccination contre<a href=\"https:\/\/actu.fr\/societe\/dijon-la-rougeole-refait-surface-une-douzaine-de-cas-recenses-dans-la-region_62426288.html\" target=\"_blank\" rel=\"noopener\"> la rougeole<\/a> est s\u00fbre et efficace\u2009\u00bb.<\/p>\n<blockquote class=\"ac-article-quote wall-content\">\n<p>Elle est d\u2019ailleurs tellement efficace que dans les ann\u00e9es 2000, l\u2019OMS envisageait son \u00e9radication de l\u2019humanit\u00e9 et que les Am\u00e9riques (celles du nord, du sud et centrale) n\u2019avaient plus un seul cas autochtone de rougeole sur leur immense territoire.\u00a0<\/p>\n<p>    <strong>Professeur Antoine Flahault<\/strong><br \/>\n        Epid\u00e9miologiste et directeur de l\u2019Institut de sant\u00e9 globale de l\u2019Universit\u00e9 de Gen\u00e8ve    <\/p><\/blockquote>\n<p class=\" wall-content\">Pour se prot\u00e9ger, il faut se vacciner. Le vaccin ROR est \u00ab\u2009administr\u00e9 gratuitement, en deux injections, la premi\u00e8re \u00e0 l\u2019\u00e2ge de 12\u00a0mois et le rappel \u00e0 18\u00a0mois\u2009\u00bb, rappelle l\u2019\u00e9pid\u00e9miologiste.<\/p>\n<p class=\" wall-content\">Suivez toute l\u2019actualit\u00e9 de vos villes et m\u00e9dias favoris en vous inscrivant \u00e0 <a href=\"https:\/\/moncompte.actu.fr\" title=\"D\u00e9couvez Mon Actu\" rel=\"nofollow noopener\" data-trk=\"{&quot;cta&quot;:{&quot;action&quot;:&quot;https:\\\/\\\/moncompte.actu.fr&quot;,&quot;category&quot;:&quot;mon compte&quot;,&quot;from&quot;:&quot;article footer&quot;,&quot;name&quot;:&quot;Mon actu&quot;,&quot;type&quot;:&quot;cta&quot;}}\" target=\"_blank\">Mon Actu<\/a>.<\/p>\n","protected":false},"excerpt":{"rendered":"Par Jade Lacroix Publi\u00e9 le 25 juin 2025 \u00e0 12h07 L\u2019\u00e9pid\u00e9mie de rougeole a touch\u00e9 environ 700\u00a0personnes en&hellip;\n","protected":false},"author":2,"featured_media":207169,"comment_status":"","ping_status":"","sticky":false,"template":"","format":"standard","meta":{"footnotes":""},"categories":[10],"tags":[1011,27,72,226,71,104,773],"class_list":{"0":"post-207168","1":"post","2":"type-post","3":"status-publish","4":"format-standard","5":"has-post-thumbnail","7":"category-sante","8":"tag-fr","9":"tag-france","10":"tag-health","11":"tag-maladie","12":"tag-sante","13":"tag-societe","14":"tag-vaccin"},"share_on_mastodon":{"url":"https:\/\/pubeurope.com\/@fr\/114752701341660925","error":""},"_links":{"self":[{"href":"https:\/\/www.europesays.com\/fr\/wp-json\/wp\/v2\/posts\/207168","targetHints":{"allow":["GET"]}}],"collection":[{"href":"https:\/\/www.europesays.com\/fr\/wp-json\/wp\/v2\/posts"}],"about":[{"href":"https:\/\/www.europesays.com\/fr\/wp-json\/wp\/v2\/types\/post"}],"author":[{"embeddable":true,"href":"https:\/\/www.europesays.com\/fr\/wp-json\/wp\/v2\/users\/2"}],"replies":[{"embeddable":true,"href":"https:\/\/www.europesays.com\/fr\/wp-json\/wp\/v2\/comments?post=207168"}],"version-history":[{"count":0,"href":"https:\/\/www.europesays.com\/fr\/wp-json\/wp\/v2\/posts\/207168\/revisions"}],"wp:featuredmedia":[{"embeddable":true,"href":"https:\/\/www.europesays.com\/fr\/wp-json\/wp\/v2\/media\/207169"}],"wp:attachment":[{"href":"https:\/\/www.europesays.com\/fr\/wp-json\/wp\/v2\/media?parent=207168"}],"wp:term":[{"taxonomy":"category","embeddable":true,"href":"https:\/\/www.europesays.com\/fr\/wp-json\/wp\/v2\/categories?post=207168"},{"taxonomy":"post_tag","embeddable":true,"href":"https:\/\/www.europesays.com\/fr\/wp-json\/wp\/v2\/tags?post=207168"}],"curies":[{"name":"wp","href":"https:\/\/api.w.org\/{rel}","templated":true}]}}