{"id":20718,"date":"2025-04-12T22:17:20","date_gmt":"2025-04-12T22:17:20","guid":{"rendered":"https:\/\/www.europesays.com\/fr\/20718\/"},"modified":"2025-04-12T22:17:20","modified_gmt":"2025-04-12T22:17:20","slug":"lyon-deux-medecins-vont-deposer-plainte-sur-des-pratiques-illegales-lors-de-greffes-renales","status":"publish","type":"post","link":"https:\/\/www.europesays.com\/fr\/20718\/","title":{"rendered":"Lyon\u00a0: deux m\u00e9decins vont d\u00e9poser plainte sur des pratiques ill\u00e9gales lors de greffes r\u00e9nales"},"content":{"rendered":"<p class=\"paragraph text_align_left\">Des pratiques r\u00e9alis\u00e9es hors des clous de la r\u00e9glementation et sans le consentement des patients ? Deux m\u00e9decins vont d\u00e9poser une plainte contre les Hospices civils de Lyon (HCL) et quatre responsables sur des soup\u00e7ons d\u2019essais cliniques ill\u00e9gaux au service n\u00e9phrologie de l\u2019h\u00f4pital lyonnais \u00c9douard Herriot, a annonc\u00e9 vendredi leur avocate, confirmant partiellement une information de <a href=\"https:\/\/www.francetvinfo.fr\/\" target=\"_blank\" rel=\"nofollow noopener\">franceinfo<\/a>.<\/p>\n<p class=\"paragraph text_align_left\">Les deux praticiens hospitaliers, qui ont depuis quitt\u00e9 l\u2019\u00e9tablissement, avaient d\u00e9pos\u00e9 en d\u00e9cembre 2024 une premi\u00e8re plainte aupr\u00e8s du parquet de Lyon. Sans r\u00e9ponse du minist\u00e8re public, ils ont annonc\u00e9 par la voix de leur avocate qu\u2019ils allaient d\u00e9poser une nouvelle plainte pour mise en danger de la personne, violences mortelles, faux et usage de faux en \u00e9criture publique, non-assistance \u00e0 personne en danger et pratique ill\u00e9gale d\u2019investigation clinique aupr\u00e8s du p\u00f4le sant\u00e9 publique de Marseille.<\/p>\n<p class=\"paragraph text_align_left\">Les m\u00e9decins d\u00e9noncent des pratiques et des exp\u00e9rimentations lors de <a href=\"https:\/\/www.leparisien.fr\/societe\/sante\/greffe-renale-six-patients-operes-en-meme-temps-une-premiere-en-france-14-11-2024-6YEJHD2YYNASRIAXCE4CV4YBQA.php\" target=\"_blank\" rel=\"nofollow noopener\">transplantations r\u00e9nales<\/a> en 2023 r\u00e9alis\u00e9es en dehors de la r\u00e9glementation applicable et sans le consentement des patients dans un contexte de restructuration conflictuelle des services, selon la plainte de 2024. Les infractions de <a href=\"https:\/\/www.leparisien.fr\/etudiant\/vie-etudiante\/le-harcelement-est-insidieux-et-va-crescendo-comment-identifier-et-combattre-ce-fleau-SBYRYSYLRZFFPNLUCZOX4VHUBU.php\" target=\"_blank\" rel=\"nofollow noopener\">harc\u00e8lements moral<\/a> et sexuel sont \u00e9galement vis\u00e9es dans cette plainte.<\/p>\n<p>Pas d\u2019exp\u00e9rience clinique<\/p>\n<p class=\"paragraph text_align_left\">Selon le document, des patients ayant b\u00e9n\u00e9fici\u00e9 d\u2019une transplantation r\u00e9nale et qui pr\u00e9sentaient un risque immunologique, ont \u00e9t\u00e9 trait\u00e9s avec deux m\u00e9dicaments, dont l\u2019un ne dispose pas d\u2019autorisation de mise sur le march\u00e9 (AMM) pour les greffes r\u00e9nales.<\/p>\n<p class=\"paragraph text_align_left\">L\u2019association de ces deux m\u00e9dicaments ne figure pas dans les protocoles de l\u2019h\u00f4pital \u00c9douard Herriot, ni dans les recommandations internationales, selon la plainte. Et les greffes \u00e0 risque immunologique ont \u00e9t\u00e9 pratiqu\u00e9es alors que le service n\u2019avait pas l\u2019exp\u00e9rience clinique de ces situations, ayant jusqu\u2019\u00e0 pr\u00e9sent refus\u00e9 de les r\u00e9aliser eu \u00e9gard au risque \u00e9lev\u00e9 de rejet du greffon. Ces pratiques ont probablement entra\u00een\u00e9 une aggravation de l\u2019\u00e9tat de sant\u00e9 d\u2019au moins cinq patients, dont un \u00e2g\u00e9 de 67 ans est d\u00e9c\u00e9d\u00e9, affirment les plaignants.<\/p>\n<p class=\"paragraph text_align_left\">Leurs alertes sur ces pratiques \u00e0 la hi\u00e9rarchie de l\u2019h\u00f4pital ont \u00e9t\u00e9 ignor\u00e9es et ils ont \u00e9t\u00e9 \u00e9cart\u00e9s du service, soulignent \u00e9galement les deux m\u00e9decins. \u00ab Il n\u2019est pas imaginable que certains m\u00e9decins, occupant par ailleurs des responsabilit\u00e9s importantes dans la fili\u00e8re et au sein de l\u2019h\u00f4pital public, puissent s\u2019affranchir des r\u00e8gles \u00e9thiques et du cadre l\u00e9gal encadrant la recherche sur des humains, qui plus est sans leur consentement \u00bb, a r\u00e9agi l\u2019avocate des plaignants, Christelle Mazza, qui d\u00e9nonce \u00ab un scandale sanitaire \u00bb.<\/p>\n<p class=\"lp-card-podcast-highlighting__title lp-f-subtitle-05\">Le fant\u00f4me de Kehl\u00a0: meurtres \u00e0 la fronti\u00e8re franco-allemande<\/p>\n<p class=\"lp-card-podcast-highlighting__description lp-f-ui-05\">Crime story raconte chaque semaine les grandes affaires criminelles.<\/p>\n<p><a class=\"lp-card-podcast-highlighting__call-to-action\" data-page-type=\"HP\" data-block-name=\"podcast-highlight\">\u00c9couter<\/a><\/p>\n<p class=\"paragraph text_align_left\">La ministre de la Sant\u00e9, Catherine Vautrin, a assur\u00e9 vendredi sur franceinfo qu\u2019 \u00ab \u00e9videmment, imm\u00e9diatement \u00bb, une enqu\u00eate doit d\u00e9terminer \u00ab si l\u2019ensemble des proc\u00e9dures sont suivies \u00bb. Les HCL n\u2019ont pas r\u00e9pondu dans l\u2019imm\u00e9diat.<\/p>\n","protected":false},"excerpt":{"rendered":"Des pratiques r\u00e9alis\u00e9es hors des clous de la r\u00e9glementation et sans le consentement des patients ? Deux m\u00e9decins&hellip;\n","protected":false},"author":2,"featured_media":20719,"comment_status":"","ping_status":"","sticky":false,"template":"","format":"standard","meta":{"footnotes":""},"categories":[1889],"tags":[1111,11,2430,459,1777,674,118,1011,27,2428,12,25],"class_list":{"0":"post-20718","1":"post","2":"type-post","3":"status-publish","4":"format-standard","5":"has-post-thumbnail","7":"category-lyon","8":"tag-actu","9":"tag-actualites","10":"tag-auvergne-rhone-alpes","11":"tag-departements-horsidfo","12":"tag-eu","13":"tag-europe","14":"tag-faits-divers","15":"tag-fr","16":"tag-france","17":"tag-lyon","18":"tag-news","19":"tag-republique-francaise"},"share_on_mastodon":{"url":"https:\/\/pubeurope.com\/@fr\/114327312311761576","error":""},"_links":{"self":[{"href":"https:\/\/www.europesays.com\/fr\/wp-json\/wp\/v2\/posts\/20718","targetHints":{"allow":["GET"]}}],"collection":[{"href":"https:\/\/www.europesays.com\/fr\/wp-json\/wp\/v2\/posts"}],"about":[{"href":"https:\/\/www.europesays.com\/fr\/wp-json\/wp\/v2\/types\/post"}],"author":[{"embeddable":true,"href":"https:\/\/www.europesays.com\/fr\/wp-json\/wp\/v2\/users\/2"}],"replies":[{"embeddable":true,"href":"https:\/\/www.europesays.com\/fr\/wp-json\/wp\/v2\/comments?post=20718"}],"version-history":[{"count":0,"href":"https:\/\/www.europesays.com\/fr\/wp-json\/wp\/v2\/posts\/20718\/revisions"}],"wp:featuredmedia":[{"embeddable":true,"href":"https:\/\/www.europesays.com\/fr\/wp-json\/wp\/v2\/media\/20719"}],"wp:attachment":[{"href":"https:\/\/www.europesays.com\/fr\/wp-json\/wp\/v2\/media?parent=20718"}],"wp:term":[{"taxonomy":"category","embeddable":true,"href":"https:\/\/www.europesays.com\/fr\/wp-json\/wp\/v2\/categories?post=20718"},{"taxonomy":"post_tag","embeddable":true,"href":"https:\/\/www.europesays.com\/fr\/wp-json\/wp\/v2\/tags?post=20718"}],"curies":[{"name":"wp","href":"https:\/\/api.w.org\/{rel}","templated":true}]}}