{"id":207180,"date":"2025-06-27T01:25:17","date_gmt":"2025-06-27T01:25:17","guid":{"rendered":"https:\/\/www.europesays.com\/fr\/207180\/"},"modified":"2025-06-27T01:25:17","modified_gmt":"2025-06-27T01:25:17","slug":"une-tornade-fait-des-ravages-dans-la-vallee-de-landelle","status":"publish","type":"post","link":"https:\/\/www.europesays.com\/fr\/207180\/","title":{"rendered":"une tornade fait des ravages dans la vall\u00e9e de l&rsquo;Andelle"},"content":{"rendered":"<p>            Par<br \/>\n        <strong><br \/>\n            <a href=\"https:\/\/actu.fr\/auteur\/aurelie-hebert\" title=\"Consulter tous les articles de Aur\u00e9lie H\u00e9bert\" rel=\"nofollow noopener\" target=\"_blank\">Aur\u00e9lie H\u00e9bert<\/a><br \/>\n        <\/strong><\/p>\n<p>        Publi\u00e9 le<\/p>\n<p>            26 juin 2025 \u00e0 19h48        <\/p>\n<p>L\u2019\u00e9pisode orageux, du mercredi 25 juin 2025, a frapp\u00e9 l\u2019<a href=\"https:\/\/actu.fr\/l-impartial\/\" rel=\"nofollow noopener\" target=\"_blank\">Eure<\/a>, et notamment le nord-est du d\u00e9partement \u00e0 <b>Charleval<\/b> et <b>Perriers-sur-Andelle<\/b>. Arbres couch\u00e9s ou arrach\u00e9s, barnums d\u00e9chiquet\u00e9s, toitures envol\u00e9es, coupures d\u2019\u00e9lectricit\u00e9, pluie diluvienne\u2026 la soir\u00e9e a \u00e9t\u00e9 \u00ab\u00a0cataclysmique\u00a0\u00bb selon les t\u00e9moins.<\/p>\n<p class=\" wall-content\">Entre Charleval et Perriers-sur-Andelle, des tourbillons se sont form\u00e9s lors de cet orage supercellulaire, ravageant tout sur son passage dans un couloir d\u2019une dizaine de m\u00e8tres, en quelques minutes.<\/p>\n<p>SFC Solutions fortement touch\u00e9e<br \/>\n    <img   decoding=\"async\" loading=\"lazy\" class=\"size-large\" src=\"https:\/\/www.europesays.com\/fr\/wp-content\/uploads\/2025\/06\/91950d1d7d586b5950d1d7d5899950v-960x640.jpg\" alt=\"L'entreprise SFC Solutions, situ\u00e9e \u00e0 Charleval (Eure) a subit de gros d\u00e9g\u00e2ts mercredi 25 juin 2025, par un tourbillon lors de l'orage.\" width=\"960\" height=\"640\"\/><br \/>\n    L\u2019entreprise SFC Solutions, situ\u00e9e \u00e0 Charleval (Eure) a subit de gros d\u00e9g\u00e2ts mercredi 25 juin 2025, par un tourbillon lors de l\u2019orage. \u00a9L\u2019Impartial<\/p>\n<p class=\" wall-content\">L\u2019entreprise <b>SFC Solutions<\/b> (ex-Sealynx) situ\u00e9e dans le hameau de Transi\u00e8res \u00e0 <a href=\"https:\/\/actu.fr\/normandie\/charleval_27151\" rel=\"nofollow noopener\" target=\"_blank\">Charleval<\/a> a \u00e9t\u00e9 particuli\u00e8rement touch\u00e9e, comme a pu le constater le sous-pr\u00e9fet des Andelys Nicolas Lebas, accompagn\u00e9 du maire Pascal Calais et des repr\u00e9sentants de la Communaut\u00e9 de communes, tous venus apporter leur soutien et leur aide.<\/p>\n<blockquote class=\"ac-article-quote wall-content\">\n<p>\u00ab\u00a0Des chemin\u00e9es du b\u00e2timent d\u2019extrusion se sont retrouv\u00e9es dans le parc. Des ventelles, qui p\u00e8sent un certain poids ont \u00e9t\u00e9 arrach\u00e9es. Des emballages de 500 kg se sont envol\u00e9s comme des cartons de 3 kg.\u00a0\u00bb<\/p>\n<p>Bruno Gilles, directeur de SFC Solutions<\/p><\/blockquote>\n<p class=\" wall-content\">La for\u00eat situ\u00e9e au fond du site a aussi \u00e9t\u00e9 ravag\u00e9e.<\/p>\n<p>Vid\u00e9os : en ce moment sur Actu<br \/>\n    <img   decoding=\"async\" loading=\"lazy\" class=\"size-large\" src=\"https:\/\/www.europesays.com\/fr\/wp-content\/uploads\/2025\/06\/149d7c3e7d586489d7c3e7d582c9d7v-960x640.jpg\" alt=\"L'entreprise SFC Solutions, situ\u00e9e \u00e0 Charleval (Eure) a subit de gros d\u00e9g\u00e2ts mercredi 25 juin 2025, par un tourbillon lors de l'orage.\" width=\"960\" height=\"640\"\/><br \/>\n    L\u2019entreprise SFC Solutions, situ\u00e9e \u00e0 Charleval (Eure) a subit de gros d\u00e9g\u00e2ts mercredi 25 juin 2025, par un tourbillon lors de l\u2019orage. \u00a9SFC Solutions<\/p>\n<p class=\" wall-content\">Dans l\u2019un des ateliers, certaines parties du toit ont disparu. Des travaux ont \u00e9t\u00e9 engag\u00e9s en urgence. L\u2019atelier de finition a \u00e9t\u00e9 touch\u00e9 par plus de dix centim\u00e8tres d\u2019eau.<\/p>\n<p class=\" wall-content\">Un laboratoire dont le toit s\u2019est effondr\u00e9 est totalement hors d\u2019usage tout comme une salle de r\u00e9union.<\/p>\n<p class=\" wall-content\">L\u2019activit\u00e9 est donc partiellement \u00e0 l\u2019arr\u00eat le temps du nettoyage et des travaux. \u00ab\u00a0L\u2019unit\u00e9 de m\u00e9lange, qui n\u2019a pas subi de gros dommages a \u00e9t\u00e9 relanc\u00e9e cet apr\u00e8s-midi apr\u00e8s un gros nettoyage. L\u2019atelier finition le sera demain matin\u00a0\u00bb, souligne le directeur du site.<\/p>\n<p class=\" wall-content\">Le red\u00e9marrage de l\u2019atelier d\u2019extrusion, plus fortement touch\u00e9, va commencer lundi \u2013 en partie.<\/p>\n<blockquote class=\"ac-article-quote wall-content\">\n<p>\u00ab\u00a0Nous esp\u00e9rons une reprise de l\u2019activit\u00e9 normale mardi. Heureusement nous n\u2019avons eu aucun bless\u00e9.<\/p>\n<p>Bruno Gilles, directeur multisite de SFC Solutions<\/p><\/blockquote>\n<p class=\" wall-content\">Juste apr\u00e8s l\u2019\u00e9pisode orageux, le directeur avait demand\u00e9 aux salari\u00e9s pr\u00e9sents de rentrer chez eux en attendant la s\u00e9curisation et la remise en \u00e9tat des locaux.\u00a0<\/p>\n<p>Toujours pas d\u2019\u00e9lectricit\u00e9 dans deux secteurs de Charleval<\/p>\n<p class=\" wall-content\">Tout a c\u00f4t\u00e9 de l\u2019entreprise, les deux fermes ont \u00e9t\u00e9 impact\u00e9es, les b\u00e2timents ab\u00eem\u00e9s et les r\u00e9coltes ravag\u00e9es.<\/p>\n<p class=\" wall-content\">Dans le hameau et celui de Fontaine-Bulant, des branches d\u2019arbres sont tomb\u00e9es sur des lignes \u00e9lectriques, privant les habitations de courant, toujours \u00e0 l\u2019heure actuelle.<\/p>\n<p>    <img   decoding=\"async\" loading=\"lazy\" class=\"size-large\" src=\"https:\/\/www.europesays.com\/fr\/wp-content\/uploads\/2025\/06\/917d0c1d7d586177d0c1d7d589b7d0v-960x640.jpg\" alt=\"L'un des morceaux du toit de la salle Guignol de Charleval (Eure) a \u00e9t\u00e9 arrach\u00e9, puis s'est \u00e9cras\u00e9 devant la mairie, mercredi 25 juin 2025.\" width=\"960\" height=\"640\"\/><br \/>\n    L\u2019un des morceaux du toit de la salle Guignol de Charleval (Eure) a \u00e9t\u00e9 arrach\u00e9, puis s\u2019est \u00e9cras\u00e9 devant la mairie, mercredi 25 juin 2025. \u00a9Mairie de Charleval<\/p>\n<p class=\" wall-content\">Dans le centre-ville de Charleval, le toit plat de la salle Guignol s\u2019est envol\u00e9 finissant sa course \u00e0 quelques m\u00e8tres sur la place de la mairie.<\/p>\n<blockquote class=\"ac-article-quote wall-content\">\n<p>\u00ab\u00a0Afin de d\u00e9gager les acc\u00e8s de la commune, nous avons d\u00fb couper et d\u00e9blayer une quinzaine d\u2019arbres.\u00a0\u00bb<\/p>\n<p>Pascal Calais, maire de Charleval<\/p><\/blockquote>\n<p class=\" wall-content\">Au stade, le second barnum d\u2019Espace libre a \u00e9t\u00e9 ab\u00eem\u00e9, moins de 15 jours apr\u00e8s le premier arrach\u00e9 lors du pr\u00e9c\u00e9dent \u00e9pisode orageux du 13 juin.<\/p>\n<p class=\" wall-content\">La commune de Charleval a d\u2019ores et d\u00e9j\u00e0 entam\u00e9 les d\u00e9marches afin que soit reconnu l\u2019\u00e9tat de catastrophe naturelle. Elle demande ainsi aux sinistr\u00e9s de lui transmettre une copie de leur d\u00e9claration de sinistre accompagn\u00e9e des justificatifs.<\/p>\n<p>D\u00e9solation au Manoir de l\u2019Andelle<br \/>\n    <img   decoding=\"async\" loading=\"lazy\" class=\"size-large\" src=\"https:\/\/www.europesays.com\/fr\/wp-content\/uploads\/2025\/06\/f2e5ea418d586f7e5ea418d583ce5ev-960x640.jpg\" alt=\"La fa\u00e7ade du Manoir de l'Andelle a \u00e9t\u00e9 ab\u00eem\u00e9e par les gr\u00ealons lors de l'orage du mercredi 25 juin 2025.\" width=\"960\" height=\"640\"\/><br \/>\n    La fa\u00e7ade du Manoir de l\u2019Andelle a \u00e9t\u00e9 ab\u00eem\u00e9e par les gr\u00ealons lors de l\u2019orage du mercredi 25 juin 2025. \u00a9L\u2019Impartial<\/p>\n<p class=\" wall-content\">La tornade n\u2019a pas \u00e9pargn\u00e9 <a href=\"https:\/\/www.manoirdelandelle.fr\/\" rel=\"nofollow noopener\" target=\"_blank\">Le Manoir de l\u2019Andelle<\/a>, exploit\u00e9 depuis quatre ans maintenant par Carole et Manu Ladiray.<\/p>\n<blockquote class=\"ac-article-quote wall-content\">\n<p>\u00ab\u00a0En quelques minutes, ce sont quatre ann\u00e9es de travail mises \u00e0 terre. C\u2019\u00e9tait cataclysmique. Je n\u2019ai jamais vu cela.\u00a0\u00bb\u00a0<\/p>\n<p>Carole Ladiray du Manoir de l\u2019Andelle<\/p><\/blockquote>\n<p class=\" wall-content\">Arbres couch\u00e9s, bord de berge d\u00e9molie, tente de r\u00e9ception \u00e0 terre, toiture impact\u00e9e\u2026 les d\u00e9g\u00e2ts sont importants. La fa\u00e7ade du manoir en porte d\u2019ailleurs les stigmates et deux chambres ont \u00e9t\u00e9 ab\u00eem\u00e9es. \u00ab\u00a0Les gr\u00ealons ont fait des trous dans les volets, mais aussi sur la fa\u00e7ade\u00a0\u00bb, pr\u00e9cise Carole Ladiray, qui n\u2019a pas ferm\u00e9 l\u2019\u0153il de la nuit, \u00e0 la recherche d\u2019une solution pour le mariage qu\u2019elle doit accueillir ce week-end.\u00a0<\/p>\n<p>    <img   decoding=\"async\" loading=\"lazy\" class=\"size-large\" src=\"https:\/\/www.europesays.com\/fr\/wp-content\/uploads\/2025\/06\/4e62da418d5863272da418d580672dv-960x640.jpg\" alt=\"Lieu de r\u00e9ception, le manoir de l'Andelle a subit de gros d\u00e9g\u00e2ts lors de l'orage du mercredi 25 juin 2025.\" width=\"960\" height=\"640\"\/><br \/>\n    Lieu de r\u00e9ception, le manoir de l\u2019Andelle a subit de gros d\u00e9g\u00e2ts lors de l\u2019orage du mercredi 25 juin 2025. \u00a9L\u2019Impartial<\/p>\n<blockquote class=\"ac-article-quote wall-content\">\n<p>\u00ab\u00a0Heureusement on peut compter sur la solidarit\u00e9. Deux entreprises, La Guinguette Insulaire et Boutigny Services sont venus nous aider ainsi que la ferme Edeline de Perruel. Sans oublier nos amis.\u00a0\u00bb<\/p>\n<p>Carole Ladiray du Manoir de l\u2019Andelle<\/p><\/blockquote>\n<p>    <img   decoding=\"async\" loading=\"lazy\" class=\"size-large\" src=\"https:\/\/www.europesays.com\/fr\/wp-content\/uploads\/2025\/06\/123a0c418d586163a0c418d58f93a0v-960x640.jpg\" alt=\"Dans le parc du manoir de l'Andelle, de tr\u00e8s nombreux arbres ont \u00e9t\u00e9 d\u00e9racin\u00e9s ou arrach\u00e9s par la force du vent.\" width=\"960\" height=\"640\"\/><br \/>\n    Dans le parc du manoir de l\u2019Andelle, de tr\u00e8s nombreux arbres ont \u00e9t\u00e9 d\u00e9racin\u00e9s ou arrach\u00e9s par la force du vent. \u00a9L\u2019ImpartialTrois voitures \u00e9cras\u00e9es par des ch\u00eanes<br \/>\n    <img   decoding=\"async\" loading=\"lazy\" class=\"size-large\" src=\"https:\/\/www.europesays.com\/fr\/wp-content\/uploads\/2025\/06\/c9557f708d586bd557f708d5891657v-960x640.jpg\" alt=\"Le tourbillon a cass\u00e9 net des ch\u00eanes, c\u00e8dres et marronnier dans l'enceinte des Transports Dova de Perriers-sur-Andelle (Eure).\" width=\"960\" height=\"640\"\/><br \/>\n    La tornade a cass\u00e9 net des ch\u00eanes, c\u00e8dres et marronnier dans l\u2019enceinte des Transports Dova de Perriers-sur-Andelle (Eure). \u00a9L\u2019Impartial<\/p>\n<p class=\" wall-content\">\u00c0 quelques centaine de m\u00e8tres, \u00e0 <a href=\"https:\/\/actu.fr\/normandie\/perriers-sur-andelle_27453\" rel=\"nofollow noopener\" target=\"_blank\">Perriers-sur-Andelle<\/a>, la tornade a frapp\u00e9 la soci\u00e9t\u00e9 de Transport Dova.\u00a0<\/p>\n<blockquote class=\"ac-article-quote wall-content\">\n<p>\u00ab\u00a0J\u2019ai vu des tourbillons arrivant du bois. J\u2019ai demand\u00e9 \u00e0 mon \u00e9pouse d\u2019aller se mettre \u00e0 l\u2019abri dans notre chambre. On ne voyait pas \u00e0 plus d\u20191,50 m. Notre maison a vibr\u00e9.\u00a0\u00bb<\/p>\n<p>Sylvain Caltot, propri\u00e9taire des Transports Dova<\/p><\/blockquote>\n<p>    <img   decoding=\"async\" loading=\"lazy\" class=\"size-large\" src=\"https:\/\/www.europesays.com\/fr\/wp-content\/uploads\/2025\/06\/9b86ef708d5860f86ef708d581396ev-960x640.jpg\" alt=\"Trois voitures ont \u00e9t\u00e9 \u00e9cras\u00e9es par des ch\u00eanes coup\u00e9s par les vents violents lors de l'orage du mercredi 25 juin 2025.\" width=\"960\" height=\"640\"\/><br \/>\n    Trois voitures ont \u00e9t\u00e9 \u00e9cras\u00e9es par des ch\u00eanes coup\u00e9s par les vents violents lors de l\u2019orage du mercredi 25 juin 2025. \u00a9L\u2019Impartial<\/p>\n<p class=\" wall-content\">Dans la cour, un marronnier, deux c\u00e8dres et des ch\u00eanes de 150 ans sont coup\u00e9s net. Deux ch\u00eanes se sont \u00e9cras\u00e9s sur trois voitures de ses salari\u00e9s, qu\u2019il a aussit\u00f4t pr\u00e9venus. \u00ab\u00a0Je vais leur louer des voitures en attendant que cela avance avec les assurances.\u00a0\u00bb\u00a0<\/p>\n<p class=\" wall-content\">La soci\u00e9t\u00e9 de transport va pouvoir poursuivre son activit\u00e9. \u00ab\u00a0Les camions \u00e9taient sur les routes. Il ne restait que le mien que j\u2019avais d\u00e9plac\u00e9 juste avant\u00a0\u00bb, pr\u00e9cis\u00e9 Sylvain Caltot.<\/p>\n<blockquote class=\"ac-article-quote wall-content\">\n<p>\u00ab\u00a0Le principal, c\u2019est vraiment qu\u2019il n\u2019y ait eu aucun bless\u00e9.\u00a0\u00bb<\/p>\n<p>Sylvain Caltot, propri\u00e9taire des Transports Dova<\/p><\/blockquote>\n<p class=\" wall-content\">Tout \u00e0 c\u00f4t\u00e9, un arbre s\u2019est abattu sur le garage de Josiane Betsch, situ\u00e9 \u00e0 quelques m\u00e8tres de sa maison. \u00ab\u00a0J\u2019ai eu tr\u00e8s peur. C\u2019\u00e9tait tr\u00e8s impressionnant. Cela volait de partout.\u00a0\u00bb<\/p>\n<p class=\" wall-content\">Un arbre situ\u00e9 de l\u2019autre c\u00f4t\u00e9 de la rue des Moulineaux \u2013 partie en sens unique \u2013 qui a donc \u00e9t\u00e9 bloqu\u00e9e jusqu\u2019\u00e0 ce jeudi apr\u00e8s-midi, le temps que les agents de la commune ne viennent le tron\u00e7onner.<\/p>\n<p>    <img   decoding=\"async\" loading=\"lazy\" class=\"size-large\" src=\"https:\/\/www.europesays.com\/fr\/wp-content\/uploads\/2025\/06\/005749df7d586f35749df7d5828574v-960x640.jpg\" alt=\"\u00c0 Perriers-sur-Andelle, un arbre s'est \u00e9cras\u00e9 sur le garage situ\u00e9 \u00e0 quelques m\u00e8tres de la maison de Josiane Betsch.\" width=\"960\" height=\"640\"\/><br \/>\n    \u00c0 Perriers-sur-Andelle (Eure), un arbre s\u2019est \u00e9cras\u00e9 sur le garage situ\u00e9 \u00e0 quelques m\u00e8tres de la maison de Josiane Betsch. \u00a9L\u2019ImpartialRafale \u00e0 112 km\/h \u00e0 Muids<\/p>\n<p class=\" wall-content\">Des gr\u00ealons sont tomb\u00e9s \u00e0 Romilly-sur-Andelle.<\/p>\n<p class=\" wall-content\">Du c\u00f4t\u00e9 des Andelys, \u00e0 <b>Muids<\/b>, la Cha\u00eene m\u00e9t\u00e9o a relev\u00e9 une rafale de vent \u00e0 112 km\/h, et une \u00e0 126 km\/h de l\u2019autre c\u00f4t\u00e9 du d\u00e9partement de l\u2019Eure \u00e0 Bernay.<\/p>\n<p>    <img   decoding=\"async\" loading=\"lazy\" class=\"size-large\" src=\"https:\/\/www.europesays.com\/fr\/wp-content\/uploads\/2025\/06\/fd3359df7d586144359df7d5808435v-960x640.jpg\" alt=\"Un tourbillon a travers\u00e9 trois propri\u00e9t\u00e9s de Perriers-sur-Andelle laissant faisant d enombreux d\u00e9g\u00e2ts.\" width=\"960\" height=\"640\"\/><br \/>\n    Une tornade a travers\u00e9 trois propri\u00e9t\u00e9s de Perriers-sur-Andelle (Eure) laissant faisant de nombreux d\u00e9g\u00e2ts. \u00a9L\u2019Impartial<\/p>\n<p class=\" wall-content\">Suivez toute l\u2019actualit\u00e9 de vos villes et m\u00e9dias favoris en vous inscrivant \u00e0 <a href=\"https:\/\/moncompte.actu.fr\" title=\"D\u00e9couvez Mon Actu\" rel=\"nofollow noopener\" data-trk=\"{&quot;cta&quot;:{&quot;action&quot;:&quot;https:\\\/\\\/moncompte.actu.fr&quot;,&quot;category&quot;:&quot;mon compte&quot;,&quot;from&quot;:&quot;article footer&quot;,&quot;name&quot;:&quot;Mon actu&quot;,&quot;type&quot;:&quot;cta&quot;}}\" target=\"_blank\">Mon Actu<\/a>.<\/p>\n","protected":false},"excerpt":{"rendered":"Par Aur\u00e9lie H\u00e9bert Publi\u00e9 le 26 juin 2025 \u00e0 19h48 L\u2019\u00e9pisode orageux, du mercredi 25 juin 2025, a&hellip;\n","protected":false},"author":2,"featured_media":207181,"comment_status":"","ping_status":"","sticky":false,"template":"","format":"standard","meta":{"footnotes":""},"categories":[4],"tags":[11,1011,27,2750,12,4594,25,104,13428],"class_list":{"0":"post-207180","1":"post","2":"type-post","3":"status-publish","4":"format-standard","5":"has-post-thumbnail","7":"category-france","8":"tag-actualites","9":"tag-fr","10":"tag-france","11":"tag-lyons-andelle","12":"tag-news","13":"tag-orages","14":"tag-republique-francaise","15":"tag-societe","16":"tag-vallee-de-landelle"},"share_on_mastodon":{"url":"https:\/\/pubeurope.com\/@fr\/114752725294051216","error":""},"_links":{"self":[{"href":"https:\/\/www.europesays.com\/fr\/wp-json\/wp\/v2\/posts\/207180","targetHints":{"allow":["GET"]}}],"collection":[{"href":"https:\/\/www.europesays.com\/fr\/wp-json\/wp\/v2\/posts"}],"about":[{"href":"https:\/\/www.europesays.com\/fr\/wp-json\/wp\/v2\/types\/post"}],"author":[{"embeddable":true,"href":"https:\/\/www.europesays.com\/fr\/wp-json\/wp\/v2\/users\/2"}],"replies":[{"embeddable":true,"href":"https:\/\/www.europesays.com\/fr\/wp-json\/wp\/v2\/comments?post=207180"}],"version-history":[{"count":0,"href":"https:\/\/www.europesays.com\/fr\/wp-json\/wp\/v2\/posts\/207180\/revisions"}],"wp:featuredmedia":[{"embeddable":true,"href":"https:\/\/www.europesays.com\/fr\/wp-json\/wp\/v2\/media\/207181"}],"wp:attachment":[{"href":"https:\/\/www.europesays.com\/fr\/wp-json\/wp\/v2\/media?parent=207180"}],"wp:term":[{"taxonomy":"category","embeddable":true,"href":"https:\/\/www.europesays.com\/fr\/wp-json\/wp\/v2\/categories?post=207180"},{"taxonomy":"post_tag","embeddable":true,"href":"https:\/\/www.europesays.com\/fr\/wp-json\/wp\/v2\/tags?post=207180"}],"curies":[{"name":"wp","href":"https:\/\/api.w.org\/{rel}","templated":true}]}}