{"id":207186,"date":"2025-06-27T01:28:14","date_gmt":"2025-06-27T01:28:14","guid":{"rendered":"https:\/\/www.europesays.com\/fr\/207186\/"},"modified":"2025-06-27T01:28:14","modified_gmt":"2025-06-27T01:28:14","slug":"maurice-vincent-ne-rejoindra-saint-etienne-ensemble-2026","status":"publish","type":"post","link":"https:\/\/www.europesays.com\/fr\/207186\/","title":{"rendered":"Maurice Vincent ne rejoindra \u00ab\u00a0Saint-Etienne Ensemble 2026\u00a0\u00bb"},"content":{"rendered":"<p><img decoding=\"async\" class=\"\" style=\"width:100%\" src=\"https:\/\/www.europesays.com\/fr\/wp-content\/uploads\/2025\/06\/465596222_10230700008256494_8698765896762920228_n1750951387985.jpg\" alt=\"Maurice Vincent.\"\/><\/p>\n<p>Maurice Vincent.<\/p>\n<p>Cr\u00e9dit : Facebook Maurice Vincent.<\/p>\n<p>L&rsquo;ancien maire de Saint-\u00c9tienne a dit \u00ab\u00a0non\u00a0\u00bb \u00e0 l&rsquo;Arc R\u00e9publicain. Convi\u00e9 par Dino Cinieria \u00e0 rejoindre le groupe \u00ab\u00a0<a href=\"https:\/\/www.activradio.com\/municipales-2026-saint-etienne-une-alliance-de-7-partis-politiques-pour-relancer-la-ville\" rel=\"noopener\" target=\"_blank\">Saint-Etienne Ensemble 2026<\/a>\u00ab\u00a0, \u00e0 9 mois des \u00e9lections municipales, le socialiste a refus\u00e9. \u00ab\u00a0Je prends acte de la d\u00e9cision de Maurice Vincent de ne pas s\u2019associer \u00e0 la d\u00e9marche de large rassemblement que j\u2019ai initi\u00e9 en vue des prochaines \u00e9lections municipales \u00e0 Saint-Etienne. Je tiens d\u2019abord \u00e0 remercier Maurice Vincent pour nos \u00e9changes qui ont toujours \u00e9t\u00e9 tr\u00e8s courtois, respectueux et constructifs\u00a0\u00bb, a r\u00e9agi Dino Cinieri.<\/p>\n<p>Une alliance qui avait \u00e9t\u00e9 torpill\u00e9e r\u00e9cemment par <a href=\"https:\/\/www.activradio.com\/municipales-2026-saint-etienne-la-majorite-municipale-n-a-pas-encore-de-candidat-officiel\" rel=\"noopener\" target=\"_blank\">Ga\u00ebl Perdriau<\/a>. Des attaques visiblement entendues par Dino Cinieri qui a r\u00e9pondu, \u00ab\u00a0ce que je construis aujourd\u2019hui avec le collectif n\u2019est pas une campagne pour un parti, ni contre une personne. C\u2019est une campagne pour les St\u00e9phanois, avec pour unique objectif d\u2019apporter des r\u00e9ponses \u00e0 leur quotidien, leurs attentes et pour leur avenir. Le collectif est une union de comp\u00e9tences et de talents, pas une arri\u00e8re-boutique partisane. Nous sommes au service d\u2019un vrai changement, solide et responsable, au service exclusif des St\u00e9phanois\u00a0\u00bb.<\/p>\n","protected":false},"excerpt":{"rendered":"Maurice Vincent. Cr\u00e9dit : Facebook Maurice Vincent. L&rsquo;ancien maire de Saint-\u00c9tienne a dit \u00ab\u00a0non\u00a0\u00bb \u00e0 l&rsquo;Arc R\u00e9publicain. Convi\u00e9&hellip;\n","protected":false},"author":2,"featured_media":207187,"comment_status":"","ping_status":"","sticky":false,"template":"","format":"standard","meta":{"footnotes":""},"categories":[9653],"tags":[1111,11,2430,24323,5949,1777,674,1011,27,3554,12,24321,25,4001,762],"class_list":{"0":"post-207186","1":"post","2":"type-post","3":"status-publish","4":"format-standard","5":"has-post-thumbnail","7":"category-saint-etienne","8":"tag-actu","9":"tag-actualites","10":"tag-auvergne-rhone-alpes","11":"tag-cinieri","12":"tag-elections","13":"tag-eu","14":"tag-europe","15":"tag-fr","16":"tag-france","17":"tag-municipales","18":"tag-news","19":"tag-perdriau","20":"tag-republique-francaise","21":"tag-saint-etienne","22":"tag-vincent"},"share_on_mastodon":{"url":"https:\/\/pubeurope.com\/@fr\/114752736833300820","error":""},"_links":{"self":[{"href":"https:\/\/www.europesays.com\/fr\/wp-json\/wp\/v2\/posts\/207186","targetHints":{"allow":["GET"]}}],"collection":[{"href":"https:\/\/www.europesays.com\/fr\/wp-json\/wp\/v2\/posts"}],"about":[{"href":"https:\/\/www.europesays.com\/fr\/wp-json\/wp\/v2\/types\/post"}],"author":[{"embeddable":true,"href":"https:\/\/www.europesays.com\/fr\/wp-json\/wp\/v2\/users\/2"}],"replies":[{"embeddable":true,"href":"https:\/\/www.europesays.com\/fr\/wp-json\/wp\/v2\/comments?post=207186"}],"version-history":[{"count":0,"href":"https:\/\/www.europesays.com\/fr\/wp-json\/wp\/v2\/posts\/207186\/revisions"}],"wp:featuredmedia":[{"embeddable":true,"href":"https:\/\/www.europesays.com\/fr\/wp-json\/wp\/v2\/media\/207187"}],"wp:attachment":[{"href":"https:\/\/www.europesays.com\/fr\/wp-json\/wp\/v2\/media?parent=207186"}],"wp:term":[{"taxonomy":"category","embeddable":true,"href":"https:\/\/www.europesays.com\/fr\/wp-json\/wp\/v2\/categories?post=207186"},{"taxonomy":"post_tag","embeddable":true,"href":"https:\/\/www.europesays.com\/fr\/wp-json\/wp\/v2\/tags?post=207186"}],"curies":[{"name":"wp","href":"https:\/\/api.w.org\/{rel}","templated":true}]}}