{"id":207198,"date":"2025-06-27T01:39:19","date_gmt":"2025-06-27T01:39:19","guid":{"rendered":"https:\/\/www.europesays.com\/fr\/207198\/"},"modified":"2025-06-27T01:39:19","modified_gmt":"2025-06-27T01:39:19","slug":"la-ligne-pilote-spinfab-se-deploie-a-grenoble-pour-faire-progresser-la-recherche-et-les-applications-industrielles","status":"publish","type":"post","link":"https:\/\/www.europesays.com\/fr\/207198\/","title":{"rendered":"la ligne-pilote Spinfab se d\u00e9ploie \u00e0 Grenoble pour faire progresser la recherche et les applications industrielles"},"content":{"rendered":"<p>&#13;<br \/>\n\t\u00ab C\u2019est une ligne pilote unique en Europe dans le secteur acad\u00e9mique \u00bb, sourit Lucian Prejbeanu, directeur du laboratoire Spintec, situ\u00e9 \u00e0 Grenoble, et codirecteur du grand programme de recherche national (PEPR) consacr\u00e9 \u00e0 la spintronique, <a href=\"https:\/\/www.usinenouvelle.com\/article\/lancement-officiel-du-pepr-spin-la-spintronique-se-veut-la-brique-technologique-de-l-electronique-du-futur.N2207222\" rel=\"nofollow noopener\" target=\"_blank\">lanc\u00e9 officiellement d\u00e9but 2024<\/a>. Car il est question de spintronique, cette \u00ab cousine \u00bb de l\u2019\u00e9lectronique qui exploite le spin de l\u2019\u00e9lectron (son moment magn\u00e9tique intrins\u00e8que), en plus de sa charge, pour traiter et stocker de l\u2019information.<\/p>\n<p>&#13;<br \/>\n\tCette ligne-pilote se nomme Spinfab. H\u00e9berg\u00e9e par le laboratoire Spintec et ouverte aux chercheurs comme aux industriels, elle a \u00e9t\u00e9 inaugur\u00e9e ce 25 juin dans le chef-lieu de l\u2019Is\u00e8re, \u00e9cras\u00e9 par la chaleur. Son financement s\u2019\u00e9l\u00e8ve \u00e0 11,5 millions d\u2019euros, apr\u00e8s un montage assez complexe impliquant un fonds europ\u00e9en de d\u00e9veloppement r\u00e9gional (FEDER), un contrat de plan Etat-R\u00e9gion (CPER) ou encore une participation de la part des PEPR Electronique et Spin.<\/p>\n<p>&#13;<br \/>\n\t\u00ab Spinfab construira des ponts solides entre la recherche fondamentale et la recherche technologique dans un environnement pr\u00e9-industriel \u00bb, affirme Thierry Dauxois, directeur du CNRS Physique. L\u2019enjeu est d\u2019augmenter la maturit\u00e9 technologique des composants spintroniques, dont la jonction magn\u00e9tique tunnel (JMT) est le composant-phare, jusqu\u2019au d\u00e9veloppement de d\u00e9monstrateurs.<\/p>\n<p>&#13;<br \/>\n\tVers des circuits int\u00e9gr\u00e9s hybrides<\/p>\n<p>&#13;<br \/>\n\tUne perspective en lien avec la fili\u00e8re micro\u00e9lectronique, le CEA-Leti \u00e9tant \u00e0 quelques pas de l\u00e0. D\u00e9j\u00e0 utilis\u00e9e dans certains types de m\u00e9moires ou de capteurs, la spintronique pourrait faire valoir sa rapidit\u00e9 et sa frugalit\u00e9 dans des circuits int\u00e9gr\u00e9s hybrid\u00e9s avec de l\u2019\u00e9lectronique, pour l\u2019Internet des objets (captage de l\u2019\u00e9nergie ambiante), le spatial (r\u00e9sistance aux radiations), le calcul tr\u00e8s basse consommation dans la m\u00e9moire\u2026 Lucian Prejbeanu \u00e9voque m\u00eame une collaboration avec le PEPR Quantique pour d\u00e9velopper des petits aimants qui permettraient de lire et contr\u00f4ler les qubits de spin.<\/p>\n<p>&#13;<br \/>\n\tAfin d\u2019atteindre cet objectif, deux pi\u00e8ces ma\u00eetresses ont fait leur apparition dans le laboratoire Spintec, au sein d\u2019une plateforme technologique amont, de fa\u00e7on \u00e0 favoriser l\u2019int\u00e9gration avec les proc\u00e9d\u00e9s de fabrication en micro\u00e9lectronique. Livr\u00e9e en fin d\u2019ann\u00e9e derni\u00e8re, la premi\u00e8re d\u2019entre elles \u2013 et la seule visible au cours de notre visite &#8211; est un syst\u00e8me de d\u00e9p\u00f4t de couches minces par pulv\u00e9risation cathodique. Et les couches sont en nombre quand il s\u2019agit de fabriquer des JMT. Sur le sch\u00e9ma exhib\u00e9 par Jer\u00f4me Faure-Vincent, on en compte une bonne douzaine, certaines \u00e9tant sub-nanom\u00e9triques. Le c\u0153ur de la JMT \u2013 deux couches magn\u00e9tiques s\u00e9par\u00e9es par un oxyde \u2013 ne constitue au final qu\u2019une fraction de cet empilement de 50 nanom\u00e8tres de diam\u00e8tre.<\/p>\n<p>&#13;<br \/>\n\tUne diversit\u00e9 unique de mat\u00e9riaux<\/p>\n<p>&#13;<br \/>\n\tCette machine est lou\u00e9e pour sa productivit\u00e9. \u00ab On peut charger 25 plaques (ou wafers, ndlr) en m\u00eame temps et on peut r\u00e9aliser un d\u00e9p\u00f4t par plaque en une heure, le d\u00e9p\u00f4t \u00e9tant s\u00e9quentiel \u00bb, informe J\u00e9r\u00f4me Faure-Vincent. Autre qualit\u00e9 : les deux modules de d\u00e9p\u00f4t prennent chacun en charge 12 mat\u00e9riaux, pour des combinaisons impliquant au total 24 mat\u00e9riaux et des gradients d\u2019\u00e9paisseur. \u00ab Un module est d\u00e9di\u00e9 aux mat\u00e9riaux exploratoires, comme les alliages de cobalt et les supraconducteurs comme le niobium, d\u00e9taille Lucian Prejbeanu. Personne ne dispose d\u2019une telle diversit\u00e9 pour les d\u00e9p\u00f4ts de mat\u00e9riaux en Europe. \u00bb<\/p>\n<p>&#13;<br \/>\n\tLa seconde machine, arriv\u00e9e il y a un mois, est log\u00e9e dans une salle blanche. Elle utilise un proc\u00e9d\u00e9 de gravure plasma (ou par faisceaux d\u2019ions) pour \u00ab sculpter \u00bb des motifs sur les plaques et aboutir aux composants spintroniques. Une m\u00e9thode qui a l\u2019avantage d\u2019\u00eatre s\u00e8che. \u00ab Les compos\u00e9s chimiques utilis\u00e9s dans les proc\u00e9d\u00e9s en micro\u00e9lectronique corrodent les mat\u00e9riaux magn\u00e9tiques \u00bb, justifie Lucian Prejbeanu.<\/p>\n<p>&#13;<br \/>\n\tRenforcer la souverainet\u00e9 fran\u00e7aise et europ\u00e9enne<\/p>\n<p>&#13;<br \/>\n\tD\u2019autres \u00e9quipements sont sur place depuis quelques ann\u00e9es, dont le four de recuit, qui occupe une pi\u00e8ce \u00e0 lui tout seul. \u00ab On peut appliquer un champ magn\u00e9tique de 2 teslas et une temp\u00e9rature allant jusqu\u2019\u00e0 450\u00b0C pour pi\u00e9ger le champ magn\u00e9tique des couches de mat\u00e9riaux dans certaines directions, explique Lucian Prejabeanu. On peut alors obtenir des propri\u00e9t\u00e9s adapt\u00e9es \u00e0 des m\u00e9moires, \u00e0 des capteurs, \u00e0 des \u00e9metteurs radiofr\u00e9quences\u2026 \u00bb<\/p>\n<p>&#13;<br \/>\n\tLa cha\u00eene de d\u00e9veloppement des composants spintroniques, \u00e0 Grenoble, est d\u00e9sormais compl\u00e8te et devrait profiter \u00e0 tout l\u2019\u00e9cosyst\u00e8me fran\u00e7ais. Il s\u2019agit de renforcer la souverainet\u00e9 de la France et plus largement de l\u2019Europe dans un secteur qui pourrait \u00eatre essentiel pour l\u2019av\u00e8nement d\u2019une \u00e9lectronique plus verte. D\u2019apr\u00e8s le communiqu\u00e9 officiel, l\u2019investissement public aux <a title=\"Toute l&#039;information \u00e9conomique et industrielle aux Etats-Unis\" href=\"https:\/\/www.usinenouvelle.com\/etats-unis\/\" rel=\"nofollow noopener\" target=\"\" class=\"lien-contextuel\">Etats-Unis<\/a> et en Asie est d\u00e9j\u00e0 massif pour favoriser l\u2019\u00e9mergence de plateformes technologiques d\u00e9di\u00e9es \u00e0 la spintronique.<br \/>&#13;\n\t <\/p>\n","protected":false},"excerpt":{"rendered":"&#13; \u00ab C\u2019est une ligne pilote unique en Europe dans le secteur acad\u00e9mique \u00bb, sourit Lucian Prejbeanu, directeur&hellip;\n","protected":false},"author":2,"featured_media":207199,"comment_status":"","ping_status":"","sticky":false,"template":"","format":"standard","meta":{"footnotes":""},"categories":[9566],"tags":[1111,11,2430,34618,34619,34620,34617,1777,674,1011,27,2731,12,25],"class_list":{"0":"post-207198","1":"post","2":"type-post","3":"status-publish","4":"format-standard","5":"has-post-thumbnail","7":"category-grenoble","8":"tag-actu","9":"tag-actualites","10":"tag-auvergne-rhone-alpes","11":"tag-club-inno-cote-labos","12":"tag-club-inno-micro-electr","13":"tag-club-inno-nanotechnolo","14":"tag-club-inno-numerique","15":"tag-eu","16":"tag-europe","17":"tag-fr","18":"tag-france","19":"tag-grenoble","20":"tag-news","21":"tag-republique-francaise"},"share_on_mastodon":{"url":"https:\/\/pubeurope.com\/@fr\/114752780019874714","error":""},"_links":{"self":[{"href":"https:\/\/www.europesays.com\/fr\/wp-json\/wp\/v2\/posts\/207198","targetHints":{"allow":["GET"]}}],"collection":[{"href":"https:\/\/www.europesays.com\/fr\/wp-json\/wp\/v2\/posts"}],"about":[{"href":"https:\/\/www.europesays.com\/fr\/wp-json\/wp\/v2\/types\/post"}],"author":[{"embeddable":true,"href":"https:\/\/www.europesays.com\/fr\/wp-json\/wp\/v2\/users\/2"}],"replies":[{"embeddable":true,"href":"https:\/\/www.europesays.com\/fr\/wp-json\/wp\/v2\/comments?post=207198"}],"version-history":[{"count":0,"href":"https:\/\/www.europesays.com\/fr\/wp-json\/wp\/v2\/posts\/207198\/revisions"}],"wp:featuredmedia":[{"embeddable":true,"href":"https:\/\/www.europesays.com\/fr\/wp-json\/wp\/v2\/media\/207199"}],"wp:attachment":[{"href":"https:\/\/www.europesays.com\/fr\/wp-json\/wp\/v2\/media?parent=207198"}],"wp:term":[{"taxonomy":"category","embeddable":true,"href":"https:\/\/www.europesays.com\/fr\/wp-json\/wp\/v2\/categories?post=207198"},{"taxonomy":"post_tag","embeddable":true,"href":"https:\/\/www.europesays.com\/fr\/wp-json\/wp\/v2\/tags?post=207198"}],"curies":[{"name":"wp","href":"https:\/\/api.w.org\/{rel}","templated":true}]}}