{"id":207206,"date":"2025-06-27T01:44:16","date_gmt":"2025-06-27T01:44:16","guid":{"rendered":"https:\/\/www.europesays.com\/fr\/207206\/"},"modified":"2025-06-27T01:44:16","modified_gmt":"2025-06-27T01:44:16","slug":"une-structure-cagnes-sur-mer-installee-sur-le-bord-de-mer-juste-devant-le-pumptrack","status":"publish","type":"post","link":"https:\/\/www.europesays.com\/fr\/207206\/","title":{"rendered":"Une structure #Cagnes-sur-Mer install\u00e9e sur le bord de mer, juste devant le pumptrack"},"content":{"rendered":"<p>Elle est apparue ce mercredi 25 juin, \u00e0 l\u2019entr\u00e9e ouest de Cagnes-sur-Mer, \u00e0 la fronti\u00e8re avec Villeneuve-Loubet, juste apr\u00e8s avoir enjamb\u00e9 le fleuve Loup. Devant <a href=\"https:\/\/www.nicematin.com\/sport\/pumptrack-de-cagnes-sur-mer-la-ville-decide-finalement-de-creer-un-circuit-debutants-pour-eviter-les-collisions-986105\" rel=\"nofollow noopener\" target=\"_blank\">le pumptrack qui doit \u00eatre inaugur\u00e9 ce week-end<\/a> tr\u00f4ne d\u00e9sormais une structure g\u00e9ante #Cagnes-sur-Mer.<\/p>\n<p>\u00ab\u00a0Il y a de la nouveaut\u00e9 en bord de mer\u2026 Parce que nous sommes fiers d\u2019\u00eatre Cagnois, nous l\u2019affichons!\u00a0\u00bb, a \u00e9crit le maire de Cagnes-sur-Mer Louis N\u00e8gre sur sa page Facebook, ce mercredi 25 juin.<\/p>\n<p>La structure, bleue et blanche, affiche en lettre g\u00e9ante #Cagnes-sur-Mer, avec en sous-titre \u00ab\u00a0Une ville qui bouge\u00a0\u00bb. Ce qui n\u2019est pas sans rappeler <a href=\"https:\/\/www.nicematin.com\/vie-locale\/le-celebre-ilovenice-vient-d-etre-remplace-par-une-grosse-boule-on-vous-explique-ce-que-c-est-982362\" rel=\"nofollow noopener\" target=\"_blank\">le #ILoveNice install\u00e9 depuis plusieurs ann\u00e9es \u00e0 Rauba-Cape\u00f9, \u00e0 deux pas du port de Nice<\/a>, et devenu un incontournable spot \u00e0 selfies.<\/p>\n<\/p>\n<p>              <img ci-src=\"https:\/\/www.nicematin.com\/vie-locale\/protec\/DATA_ART_15789337-jgM8GYg4.jpg?vh=2d6d82&amp;ci_seal=73fd881342\" alt=\"\"\/><br \/>\n        La structure #Cagnes-sur-Mer a \u00e9t\u00e9 install\u00e9 sur le bord de mer \u00e0 l\u2019entr\u00e9e ouest de la ville.  <strong>Photo Romain B\u00e9al.<\/strong> <\/p>\n<p>                                \u00ab\u00a0On copie tout sur Nice\u00a0\u00bb<\/p>\n<p>D\u2019ailleurs, sur les r\u00e9seaux sociaux, les mauvaises langues n\u2019y vont pas par quatre chemins: \u00ab\u00a0Quand on vous dit qu\u2019\u00e0 Cagnes-sur-Mer on copie tout sur Nice, et que la Ville manque d\u2019initiative\u00a0\u00bb, l\u00e2che Azzem.<\/p>\n<p>D\u2019autres sont plus dithyrambiques: \u00ab\u00a0Tout simplement ind\u00e9tr\u00f4nable\u00a0\u00bb, \u00e9crit Marcel. \u00ab\u00a0G\u00e9nial! Oui fi\u00e8re d\u2019\u00eatre cagnoise et d\u2019\u00e9duquer nos ados\u00a0\u00bb, rench\u00e9rit Nini.<\/p>\n","protected":false},"excerpt":{"rendered":"Elle est apparue ce mercredi 25 juin, \u00e0 l\u2019entr\u00e9e ouest de Cagnes-sur-Mer, \u00e0 la fronti\u00e8re avec Villeneuve-Loubet, juste&hellip;\n","protected":false},"author":2,"featured_media":207207,"comment_status":"","ping_status":"","sticky":false,"template":"","format":"standard","meta":{"footnotes":""},"categories":[2819],"tags":[1111,11,1777,674,1011,27,12,2401,882,25,3366],"class_list":{"0":"post-207206","1":"post","2":"type-post","3":"status-publish","4":"format-standard","5":"has-post-thumbnail","7":"category-nice","8":"tag-actu","9":"tag-actualites","10":"tag-eu","11":"tag-europe","12":"tag-fr","13":"tag-france","14":"tag-news","15":"tag-nice","16":"tag-provence-alpes-cote-dazur","17":"tag-republique-francaise","18":"tag-vie-locale"},"share_on_mastodon":{"url":"https:\/\/pubeurope.com\/@fr\/114752799624351923","error":""},"_links":{"self":[{"href":"https:\/\/www.europesays.com\/fr\/wp-json\/wp\/v2\/posts\/207206","targetHints":{"allow":["GET"]}}],"collection":[{"href":"https:\/\/www.europesays.com\/fr\/wp-json\/wp\/v2\/posts"}],"about":[{"href":"https:\/\/www.europesays.com\/fr\/wp-json\/wp\/v2\/types\/post"}],"author":[{"embeddable":true,"href":"https:\/\/www.europesays.com\/fr\/wp-json\/wp\/v2\/users\/2"}],"replies":[{"embeddable":true,"href":"https:\/\/www.europesays.com\/fr\/wp-json\/wp\/v2\/comments?post=207206"}],"version-history":[{"count":0,"href":"https:\/\/www.europesays.com\/fr\/wp-json\/wp\/v2\/posts\/207206\/revisions"}],"wp:featuredmedia":[{"embeddable":true,"href":"https:\/\/www.europesays.com\/fr\/wp-json\/wp\/v2\/media\/207207"}],"wp:attachment":[{"href":"https:\/\/www.europesays.com\/fr\/wp-json\/wp\/v2\/media?parent=207206"}],"wp:term":[{"taxonomy":"category","embeddable":true,"href":"https:\/\/www.europesays.com\/fr\/wp-json\/wp\/v2\/categories?post=207206"},{"taxonomy":"post_tag","embeddable":true,"href":"https:\/\/www.europesays.com\/fr\/wp-json\/wp\/v2\/tags?post=207206"}],"curies":[{"name":"wp","href":"https:\/\/api.w.org\/{rel}","templated":true}]}}