{"id":207208,"date":"2025-06-27T01:45:20","date_gmt":"2025-06-27T01:45:20","guid":{"rendered":"https:\/\/www.europesays.com\/fr\/207208\/"},"modified":"2025-06-27T01:45:20","modified_gmt":"2025-06-27T01:45:20","slug":"cetait-un-mec-en-or-grande-figure-du-journalisme-sportif-le-nicois-pierre-louis-castelli-est-mort","status":"publish","type":"post","link":"https:\/\/www.europesays.com\/fr\/207208\/","title":{"rendered":"\u00ab\u00a0C\u2019\u00e9tait un mec en or\u00a0\u00bb: grande figure du journalisme sportif, le Ni\u00e7ois Pierre-Louis Castelli est mort"},"content":{"rendered":"<p>Il y a des silences qui sont plus pesants que d\u2019autres. Celui de Pierre-Louis Castelli, figure incontournable du journalisme sportif et ni\u00e7ois, est douloureux. L\u2019homme de 74 ans s\u2019est \u00e9teint d\u2019une longue maladie et laisse derri\u00e8re lui des oreilles orphelines car \u00ab\u00a0Casto\u00a0\u00bb, comme il \u00e9tait gentiment surnomm\u00e9 par les siens, a \u00e9t\u00e9 la voix des sports \u00e0 Radio France pendant plus de 30 ans, il avait \u00e9galement dirig\u00e9 le service reportages de France Inter.<\/p>\n<p>Jacques Vendroux: \u00ab\u00a0J\u2019\u00e9tais le feu, il \u00e9tait la sagesse\u00a0\u00bb<\/p>\n<p>Passionn\u00e9 de voile, il avait travaill\u00e9 dans l\u2019organisation du Vend\u00e9e Globe, un milieu qui le fascinait. \u00c9bahi par ces aventuriers de l\u2019impossible, tout comme les alpinistes, il avait particip\u00e9 \u00e0 une travers\u00e9e transatlantique avec Roland Jourdain au retour d\u2019une Route du Rhum. Une marque de confiance du navigateur envers celui qui a rendu la voile accessible. Les auditeurs n\u2019ont pas oubli\u00e9 sa mani\u00e8re d\u2019\u00e9changer avec les marins du Vend\u00e9e Globe lors des \u00ab\u00a0vacations\u00a0\u00bb organis\u00e9es entre les aventuriers et le centre de commandement parisien. Une conversation simple, en libre \u00e9coute, qui permettait de mesurer toute l\u2019humanit\u00e9 et l\u2019envie de transmettre de Castelli.<\/p>\n<p>N\u00e9 \u00e0 Nice, o\u00f9 il aura fait ses \u00e9tudes, c\u2019est en terre azur\u00e9enne qu\u2019il aura termin\u00e9 sa brillante carri\u00e8re, \u00e0 la t\u00eate de France Bleu Azur\u00a0puis, apr\u00e8s un retour \u00e0 France Inter, comme enseignant \u00e0 l\u2019\u00e9cole de journalisme de Nice.<\/p>\n<p>\u00ab\u00a0C\u2019\u00e9tait un mec en or, d\u00e9taille Philippe Camps, ancien responsable du service des sports de Nice-Matin et plume inoubliable. Un vrai pro, comp\u00e9tent. Et c\u2019\u00e9tait un beau mec, d\u00e9contract\u00e9, il avait tout pour lui et notamment cette voix incroyable pour faire de la radio\u00a0\u00bb.<\/p>\n<p>Aventurier, amoureux de cyclisme et de football, il avait notamment comment\u00e9 le sacre de l\u2019\u00e9quipe de France de football en 1998 sur les ondes de Radio France avec son ami de longue date Jacques Vendroux. \u00ab\u00a0J\u2019ai comment\u00e9 tous les grands moments du football avec lui, se rem\u00e9more Vendroux, aujourd\u2019hui sur les ondes d\u2019Europe 1. C\u2019\u00e9tait le meilleur, j\u2019\u00e9tais lui, il \u00e9tait moi, on se comprenait sans un mot. Il d\u00e9testait que l\u2019on parle de lui, j\u2019\u00e9tais le feu, il \u00e9tait la sagesse. Je n\u2019ai jamais retrouv\u00e9 une telle osmose avec un autre sur les ondes\u00a0\u00bb. Pendant 20 ans, les deux hommes commentent le football, y compris la finale du Mondial 98, l\u2019apoth\u00e9ose d\u2019une carri\u00e8re. \u00ab\u00a0L\u2019apr\u00e8s-midi du match, je t\u00e9l\u00e9phone \u00e0 Alain Delon et je lui demande s\u2019il accepte de venir avec nous en tribune de presse pour les cinq derni\u00e8res minutes si on m\u00e8ne trois-z\u00e9ro, il me donne sa parole d\u2019honneur, se souvient Vendroux. Et quand je le vois arriver \u00e0 notre niveau \u00e0 la 85, Casto me regarde, tout rouge, et me demande: \u201cMais c\u2019est Delon? Il va venir commenter la fin du match avec nous?\u00a0\u00bb \u00bb.<\/p>\n<p>Dans les couloirs de la Maison de la Radio, Castelli se rapproche d\u2019une autre signature vocale bien connue des auditeurs sportifs, Fabrice Abgrall. \u00a0\u00bb Je d\u00e9couvre le service des sports en 1992 et il n\u2019y a que des monstres sacr\u00e9s dont Pierre-Louis, rembobine Abgrall. Il a toujours fait attention aux nouveaux, c\u2019\u00e9tait quelqu\u2019un de g\u00e9n\u00e9reux, de profond\u00e9ment gentil, avec une humilit\u00e9 presque maladive. Quand on partait en reportage avec lui, on \u00e9tait en s\u00e9curit\u00e9, poursuit le journaliste. Il avait un sens de l\u2019improvisation dingue, il pouvait tout commenter. C\u2019\u00e9tait juste un mec bien et on lui doit tous quelque chose \u00e0 Radio France\u00a0\u00bb.<\/p>\n<p>Ses obs\u00e8ques seront c\u00e9l\u00e9br\u00e9es mardi 1er juillet \u00e0 11\u2005h \u00e0 l\u2019Athan\u00e9e de Nice, o\u00f9 ceux qui souhaitent lui rendre un dernier hommage sont les bienvenus. Sans fleurs : ses proches invitent plut\u00f4t \u00e0 faire un don pour l\u2019association de l\u2019H\u00f4pital Universitaire Piti\u00e9-Salp\u00eatri\u00e8re \u00e0 Paris. Il devrait \u00eatre inhum\u00e9 dans la plus stricte intimit\u00e9, dans le caveau familial de Cap-d\u2019Ail.<\/p>\n","protected":false},"excerpt":{"rendered":"Il y a des silences qui sont plus pesants que d\u2019autres. Celui de Pierre-Louis Castelli, figure incontournable du&hellip;\n","protected":false},"author":2,"featured_media":207209,"comment_status":"","ping_status":"","sticky":false,"template":"","format":"standard","meta":{"footnotes":""},"categories":[2819],"tags":[1111,11,251,1777,674,1011,27,12,2401,882,1825,25],"class_list":{"0":"post-207208","1":"post","2":"type-post","3":"status-publish","4":"format-standard","5":"has-post-thumbnail","7":"category-nice","8":"tag-actu","9":"tag-actualites","10":"tag-culture","11":"tag-eu","12":"tag-europe","13":"tag-fr","14":"tag-france","15":"tag-news","16":"tag-nice","17":"tag-provence-alpes-cote-dazur","18":"tag-radio","19":"tag-republique-francaise"},"share_on_mastodon":{"url":"https:\/\/pubeurope.com\/@fr\/114752803527050798","error":""},"_links":{"self":[{"href":"https:\/\/www.europesays.com\/fr\/wp-json\/wp\/v2\/posts\/207208","targetHints":{"allow":["GET"]}}],"collection":[{"href":"https:\/\/www.europesays.com\/fr\/wp-json\/wp\/v2\/posts"}],"about":[{"href":"https:\/\/www.europesays.com\/fr\/wp-json\/wp\/v2\/types\/post"}],"author":[{"embeddable":true,"href":"https:\/\/www.europesays.com\/fr\/wp-json\/wp\/v2\/users\/2"}],"replies":[{"embeddable":true,"href":"https:\/\/www.europesays.com\/fr\/wp-json\/wp\/v2\/comments?post=207208"}],"version-history":[{"count":0,"href":"https:\/\/www.europesays.com\/fr\/wp-json\/wp\/v2\/posts\/207208\/revisions"}],"wp:featuredmedia":[{"embeddable":true,"href":"https:\/\/www.europesays.com\/fr\/wp-json\/wp\/v2\/media\/207209"}],"wp:attachment":[{"href":"https:\/\/www.europesays.com\/fr\/wp-json\/wp\/v2\/media?parent=207208"}],"wp:term":[{"taxonomy":"category","embeddable":true,"href":"https:\/\/www.europesays.com\/fr\/wp-json\/wp\/v2\/categories?post=207208"},{"taxonomy":"post_tag","embeddable":true,"href":"https:\/\/www.europesays.com\/fr\/wp-json\/wp\/v2\/tags?post=207208"}],"curies":[{"name":"wp","href":"https:\/\/api.w.org\/{rel}","templated":true}]}}