{"id":207222,"date":"2025-06-27T01:54:20","date_gmt":"2025-06-27T01:54:20","guid":{"rendered":"https:\/\/www.europesays.com\/fr\/207222\/"},"modified":"2025-06-27T01:54:20","modified_gmt":"2025-06-27T01:54:20","slug":"que-faire-a-marseille-ce-week-end-du-26-27-28-et-29-juin","status":"publish","type":"post","link":"https:\/\/www.europesays.com\/fr\/207222\/","title":{"rendered":"Que faire \u00e0 Marseille ce week-end du 26, 27, 28 et 29 juin ?"},"content":{"rendered":"<p>Pour ce week-end du jeudi 26, vendredi 27, samedi 28 et dimanche 29 juin, des \u00e9v\u00e9nements culturels, sportifs mais aussi festifs vous attendent \u00e0 Marseille.<\/p>\n<p>Le festival \u00e9lectro Odyzia, le festival Musiques \u00e0 Bagatelle, les derniers jours du <a href=\"https:\/\/www.laprovence.com\/article\/culture-loisirs\/27374614611722\/le-festival-de-theatre-a-la-bonne-mere-ouvre-sa-troisieme-edition-a-marseille-decouvrez-le-programme\" target=\"_blank\" rel=\"nofollow noopener\">festival \u00e0 La Bonne M\u00e8re<\/a>&#8230; La Provence vous donne ses meilleures id\u00e9es de sorties et loisirs pour ce week-end.<\/p>\n<p>Les balades, activit\u00e9s sportives et bien-\u00eatre de ce week-end du 26, 27, 28 et 29 juin&#13;\n<\/p>\n<p>Dockissime<\/p>\n<p>Dockissime transforme les Docks Village en un village marseillais, r\u00e9unissant sur ses diff\u00e9rentes places \u00e0 la fois du cin\u00e9ma, de<\/p>\n<p>l&rsquo;art urbain, de l&rsquo;artisanat et de la gastronomie. \u00c0 d\u00e9couvrir : du cin\u00e9ma en plein air, du street art, des ateliers culinaires, des ateliers c\u00e9ramiques et des soir\u00e9es avec DJ.<\/p>\n<p><strong>Dates et horaires<\/strong> : du vendredi 27 juin au dimanche 29 juin de 10h30 \u00e0 2h<\/p>\n<p><strong>Tarif <\/strong>: gratuit<\/p>\n<p><strong>Lieu<\/strong> : Les Docks Village, 10 Pl. de la Joliette, 13002 Marseille<\/p>\n<p><strong>Site officiel<\/strong> : <a href=\"https:\/\/www.lesdocks-marseille.com\/actualites\/dockissime-a211\" target=\"_blank\" rel=\"nofollow noopener\">lesdocks-marseille.com\/actualites\/dockissime-a211<\/a><\/p>\n<p>Les expos, cin\u00e9s et activit\u00e9s culturelles, ce week-end du 26, 27, 28 et 29 juin&#13;\n<\/p>\n<p>Parcours d&rsquo;expos \u00e0 La Joliette<\/p>\n<p>Le r\u00e9seau PAC organise une balade \u00e0 pied samedi pour d\u00e9couvrir les lieux d&rsquo;art contemporain dans le quartier de La Joliette. L&rsquo;occasion de d\u00e9couvrir la nouvelle installation de l&rsquo;Urban Gallery\u00a0: D\u00e9rives de Laurent Lacotte, une s\u00e9rie photographique en immersion dans Marseille. Mais aussi la nouvelle expo photo du <a href=\"https:\/\/www.laprovence.com\/article\/region\/2207431656748915\/centre-photographique-marseille-lartiste-paulien-oltheten-nous-immerge-dans-les-routines-du-sacre\" target=\"_blank\" rel=\"nofollow noopener\">Centre Photographique Marseille<\/a>\u00a0: Lost and Found du duo d&rsquo;artistes Elsa et Johanna (photo ci-contre). Enfin, les visiteurs pourront aussi d\u00e9ambuler dans le Frac Sud qui pr\u00e9sente sa 2e partie de Ce que pense la main avec une nouvelle salve d&rsquo;\u0153uvres issues de la collection de la r\u00e9gion Paca. Un projet qui met en lumi\u00e8re le lien \u00e9troit entre le geste artistique et le geste artisanal. Sans oublier les exp\u00e9rimentations de Claire Dantzer dans Le cheval de paille. Les visites sont bien entendu comment\u00e9es et un petit pot-go\u00fbter se d\u00e9roulera vers 16\u00a0h pour mixer art contemporain et <strong>convivialit\u00e9.<\/strong><\/p>\n<p><strong>Samedi 28\u00a0juin de 14\u00a0h \u00e0 17\u00a0h. R\u00e9servation obligatoire. Tarif 3\/6\u00a0\u20ac. p-a-c.fr.<\/strong>&#13;\n<\/p>\n<p>Le festival de th\u00e9\u00e2tre documentaire \u00ab\u00a0Sc\u00e8nes docu\u00a0\u00bb d\u00e9marre ce jeudi 26 juin<\/p>\n<p>La soir\u00e9e d&rsquo;ouverture de \u00ab\u00a0Sc\u00e8nes Docu\u00a0\u00bb se d\u00e9roulera ce soir \u00e0 Grand Central, sur le rooftop du b\u00e2timent de la r\u00e9daction de La Provence, avec une pi\u00e8ce intitul\u00e9e Anthropo-sc\u00e8nes. Ce spectacle, adapt\u00e9 de Rencontre avec l&rsquo;anthropoc\u00e8ne, livre \u00e9crit par un collectif de scientifiques sur le r\u00e9chauffement climatique, sera interpr\u00e9t\u00e9 par la compagnie marseillaise Texte Hors Contexte sur une mise en sc\u00e8ne d&rsquo;Ivan Magrin-Chagnolleau. Suivant le principe du festival, \u00ab\u00a0un spectacle, un d\u00e9bat\u00a0\u00bb, la pi\u00e8ce sera suivie d&rsquo;un \u00e9change avec Julien Lefevre, un des auteurs du livre, enseignant et chercheur \u00e0 l&rsquo;institut de neurosciences de la Timone, et le d\u00e9bat sera mod\u00e9r\u00e9 par Olivier Biscaye, directeur de la r\u00e9daction de La Provence. Le festival se poursuit jusqu&rsquo;au 4\u00a0juillet au Th\u00e9\u00e2tre des Chartreux (de 8 \u00e0 15\u00a0\u20ac).<\/p>\n<p><strong>Jeudi 26 juin \u00e0 19 h \u00e0 Grand Central, 19 rue Henri Barbusse, 1er. Entr\u00e9e gratuite. R\u00e9servation <a href=\"https:\/\/www.laprovence.com\/cdn-cgi\/l\/email-protection\" class=\"__cf_email__\" data-cfemail=\"ec80898e8d9e8889808d9c839f9889dddfac8b818d8580c28f8381\" rel=\"nofollow noopener\" target=\"_blank\">[email\u00a0protected]<\/a><\/strong>&#13;\n<\/p>\n<p>Ateliers et visites au Mucem\u00a0<\/p>\n<p><a href=\"https:\/\/www.laprovence.com\/article\/region\/51611552798331\/mazzia-lance-son-offre-street-food-au-mucem-delices-sales-et-sucres-prix-abordables-tout-ce-quil-faut-savoir\" target=\"_blank\" rel=\"nofollow noopener\">Le Mucem<\/a> organise samedi 28 des ateliers en plein air. Ce samedi 28 juin de 10 h \u00e0 13 h, adultes et ados (\u00e0 partir de 13 ans) encadr\u00e9s par une sp\u00e9cialiste, d\u00e9couvriront les vertus des plantes m\u00e9dicinales pour l&rsquo;\u00e9t\u00e9. Comme par exemple, comment les utiliser et pr\u00e9parer un soin pour aider son corps avec les br\u00fblures du soleil ou les chaleurs caniculaires. L&rsquo;histoire de ces plantes sera aussi racont\u00e9e et expliqu\u00e9e.\u00a0<\/p>\n<p><strong>Samedi 28 juin de 10\u00a0h \u00e0 13\u00a0h. 18-25\u00a0\u20ac. R\u00e9servation obligatoire sur www.mucem.org.<\/strong>&#13;\n<\/p>\n<p>Des visites flash gratuites de 30\u00a0minutes avec les m\u00e9diateurs du Mucem se d\u00e9roulent samedi et dimanche. Le rendez-vous est pris devant la salle des expositions concern\u00e9es \u00e0 l&rsquo;heure dite. <strong>\u00c0 savoir 14 h et 14 h 30 pour M\u00e9diterran\u00e9es et 15\u00a0h et 15\u00a0h\u00a030 pour <a href=\"https:\/\/www.laprovence.com\/article\/culture-loisirs\/1486302137034\/d-herve-di-rosa-aux-photos-de-jazz-balade-dans-les-galeries-d-art-marseillaises\" target=\"_blank\" rel=\"nofollow noopener\">Herv\u00e9 Di Rosa<\/a>.<\/strong> Un moyen convivial et participatif pour observer diff\u00e9remment ce qui est offert \u00e0 la vue de tous avec des r\u00e9v\u00e9lations ou des coups de projecteur.\u00a0<\/p>\n<p>Cours de danse g\u00e9ant avec Mehdi Kerkouche\u00a0<\/p>\n<p>Les rendez-vous artistiques se poursuivent au Festival de Marseille, qui se d\u00e9roulera jusqu&rsquo;au 6\u00a0juillet. D\u00e8s ce week-end, l&rsquo;affiche est encore impressionnante, m\u00eame si de nombreuses repr\u00e9sentations affichent d\u00e9j\u00e0 complet depuis un moment\u2026 En revanche, l&rsquo;un des moments les plus attendus est, lui, toujours accessible (<strong>gratuit et sans inscription<\/strong>)\u00a0: le cours de danse grand format donn\u00e9 par Mehdi Kerkouche. Entour\u00e9 par les neuf danseurs de sa compagnie, EMKA, l&rsquo;artiste s&rsquo;installera sur la place du Refuge (2e) et invitera le public \u00e0 danser sur les remix de DJ Lazy Flow. Un atelier festif pour s&rsquo;initier \u00e0 cet art avec le chor\u00e9graphe, metteur en sc\u00e8ne et directeur du Centre chor\u00e9graphique national de Cr\u00e9teil-Val de Marne. Qui investit jusqu&rsquo;\u00e0 demain soir la Vieille Charit\u00e9, \u00e0 guichets ferm\u00e9s, <a href=\"https:\/\/www.laprovence.com\/article\/culture-loisirs\/11725083906869\/une-experience-choregraphique-immersive-mehdi-kerkouche-investit-la-vieille-charite-a-marseille-avec-sa-derniere-creation-360\" target=\"_blank\" rel=\"nofollow noopener\">pour sa nouvelle cr\u00e9ation intitul\u00e9e 360.<\/a><\/p>\n<p>Pour les autres \u00e9v\u00e9nements encore accessibles ce week-end, il faudra attendre dimanche. Du c\u00f4t\u00e9 de la Cri\u00e9e prendra place le cycle \u00ab\u00a0Comment le handicap transforme l&rsquo;art, le monde de l&rsquo;art et les repr\u00e9sentations\u00a0?\u00a0\u00bb. Autour de cette th\u00e9matique, conf\u00e9rence, performances, projection et rencontre s&rsquo;encha\u00eeneront de 14\u00a0h\u00a030 \u00e0 21\u00a0h (entr\u00e9e libre sans r\u00e9servation). Tandis qu&rsquo;\u00e0 la Friche (3e), deux temps artistiques sont au programme. \u00c0 19\u00a0h, le danseur Quim Bigas pr\u00e9sentera sa performance Molar (<strong>gratuit sans r\u00e9servation<\/strong>). Tr\u00e8s physique, son art interroge nos sens. Puis \u00e0 21\u00a0h, le collectif belge bodybody m\u00ealera chant, danse et musique avec Spring Is Possible (<strong>de 5 \u00e0 10\u00a0\u20ac<\/strong>).<\/p>\n<p>Les concerts, pi\u00e8ces de th\u00e9\u00e2tre et soir\u00e9es ce week-end du 26, 27, 28 et 29 juin&#13;\n<\/p>\n<p>Kompromat, Philippe Katerine, Odezenne sont r\u00e9unis \u00ab\u00a0Au Large\u00a0\u00bb du 26 au 28 juin<\/p>\n<p>Contraint de se d\u00e9localiser l&rsquo;an dernier \u00e0 la <a href=\"https:\/\/www.laprovence.com\/article\/region\/1189308802116915\/200-000-personnes-l-ont-decouverte-en-2024-la-citadelle-de-marseille-se-reve-en-bastion-culturel\" target=\"_blank\" rel=\"nofollow noopener\">Citadelle de Marseille<\/a> en raison de travaux qui devaient \u00eatre men\u00e9s au th\u00e9\u00e2tre Silvain, le festival Au Large retrouve son site de pr\u00e9dilection cette ann\u00e9e, l&rsquo;anse de la Fausse-Monnaie. Et pour l&rsquo;occasion, il a d\u00e9got\u00e9 une des programmations les plus grisantes de l&rsquo;\u00e9t\u00e9, \u00e0 l&rsquo;image des trois t\u00eates d&rsquo;affiche. Jeudi 26 juin, il ouvre avec la messe macabre et synth\u00e9tique du duo \u00e9lectro-punk <a href=\"https:\/\/www.laprovence.com\/article\/culture-loisirs\/4535040251224914\/on-a-vu-kompromat-messe-technoide-et-torride-a-l-espace-julien\" target=\"_blank\" rel=\"nofollow noopener\">Kompromat, qui avait d\u00e9j\u00e0 plong\u00e9 dans le noir et la transe un Espace Julien<\/a> en sueur, au mois de mars dernier. Form\u00e9 du producteur de musique \u00e9lectronique Vitalic et de l&rsquo;artiste performeuse Rebeka Warrior (que l&rsquo;on conna\u00eet aussi dans les groupes Sexy Sushi et Mansfield.TYA), le groupe a refait parler de lui cette ann\u00e9e avec un nouveau disque Playing\/Praying, paru quatre ans apr\u00e8s Traum und Existenz en\u00a02019. Ce deuxi\u00e8me fait d&rsquo;armes, plus lumineux et sensuel, s&rsquo;est accompagn\u00e9 d&rsquo;une tourn\u00e9e qui a affich\u00e9 complet partout, et notamment \u00e0 Marseille. Pour son deuxi\u00e8me concert dans la ville, il reste encore quelques places. Une chance, d&rsquo;autant que la soir\u00e9e s&rsquo;accompagne du duo d&rsquo;afro-pop Def Mama Def, qui r\u00e9unit Mamy Victory et Defa, deux figures de la sc\u00e8ne urbaine s\u00e9n\u00e9galaise, mais aussi d&rsquo;Exotica Lunatica, deux artistes aux multiples facettes m\u00ealant performance, sonorit\u00e9s ethniques, classiques et actuelles, r\u00e9compens\u00e9es du Prix du Public RIFFX Inou\u00efs en\u00a02025. Planet Phatt, soldat du label marseillais Hyperactivity music, apportera sa touche drum&rsquo;n bass.<\/p>\n<p>Ce vendredi 27 juin, place \u00e0 l&rsquo;inclassable <a href=\"https:\/\/www.laprovence.com\/article\/societe\/1231598797613915\/j0-2024-la-ceremonie-douverture-cree-la-polemique-philippe-katerine-demande-le-pardon-aux-chretiens-du-monde\" target=\"_blank\" rel=\"nofollow noopener\">Philippe Katerine, inoubliable en tenue d&rsquo;Adam et couvert de maquillage bleu pour interpr\u00e9ter son titre Nu lors de la c\u00e9r\u00e9monie d&rsquo;ouverture des JO de Paris\u00a02024<\/a>. Dans la liesse estivale, il d\u00e9voilera son univers dr\u00f4lement d\u00e9cal\u00e9 et sensible qui accompagne la sortie de\u00a0son nouvel album Zouzou. La derni\u00e8re fois qu&rsquo;on l&rsquo;a vu \u00e0 Marseille, c&rsquo;\u00e9tait pour un concert litt\u00e9raire forc\u00e9ment d\u00e9cal\u00e9 au Mucem, en lien avec l&rsquo;exposition Paradis naturistes. Ce soir-l\u00e0, qui affiche complet, on y verra aussi le duo Walter Astral qui m\u00e9lange pop psych\u00e9d\u00e9lique et techno acid, le trio Micro-Ondes aux radiations \u00e9lectro-punk et le DJ set de Nikoll, le projet purement \u00e9lectronique de Nicolas Cante, alias Mekanik Kantatik.<\/p>\n<p>Enfin, samedi 28, c&rsquo;est au tour du trio bordelais Odezenne de s&#8217;emparer du th\u00e9\u00e2tre Silvain pour y faire des vagues avec sa musique entre hip-hop d\u00e9sabus\u00e9 et \u00e9lectro (d\u00e9sen)chant\u00e9e. Il vient par ailleurs de sortir son septi\u00e8me album nomm\u00e9 DOULA (des couloirs des porti\u00e8res). La soir\u00e9e prendra une tonalit\u00e9 rock avec Grandmas House, quatuor originaire de Bristol qui fa\u00e7onne un son \u00e0 la crois\u00e9e du grunge et du post-punk, et aussi <a href=\"https:\/\/www.laprovence.com\/article\/culture-loisirs\/2225495888157214\/la-calanque-de-figuerolles-a-la-ciotat-dans-un-clip-du-groupe-marseillais-la-flemme\" target=\"_blank\" rel=\"nofollow noopener\">La Flemme, quatuor marseillais<\/a> qui fait de plus en plus de bruit avec son garage teint\u00e9 de pop et de psych\u00e9d\u00e9lisme, davantage enclin \u00e0 \u00e9lectriser son public qu&rsquo;\u00e0 susciter la paresse. Tout comme la programmation du festival Au Large qui promet de faire chavirer le th\u00e9\u00e2tre Silvain. <strong\/><\/p>\n<p><strong>Du 26 au 28 juin au th\u00e9\u00e2tre Silvain, Anse de la Fausse-Monnaie (7e). Tarif last chance \u00e0 40\u00a0\u20ac pour les 26 et 28 juin. aulargefestival.com<\/strong>&#13;\n<\/p>\n<p>Le festival \u00e9lectro Odyzia m\u00e8ne sa \u00ab\u00a0Summer Residency\u00a0\u00bb \u00e0 Marseille<\/p>\n<p>Apr\u00e8s deux soir\u00e9es house au Rooftop des <a href=\"https:\/\/www.laprovence.com\/article\/economie\/12916106154244\/centre-commercial-des-terrasses-du-port-a-marseille-les-10-ans-d-un-pari-reussi\" target=\"_blank\" rel=\"nofollow noopener\">Terrasses du Port<\/a> en mai et juin dernier, le festival Odyzia, originellement bas\u00e9 \u00e0 Aix (6\u00a0000 festivaliers sur deux jours lors de sa derni\u00e8re \u00e9dition au 6Mic en mars dernier), continue sa r\u00e9sidence d&rsquo;\u00e9t\u00e9 dans la cit\u00e9 phoc\u00e9enne. Cette fois-ci, il prend d&rsquo;assaut la Citadelle de Marseille, ambiance Boiler Room. L&rsquo;\u00e9v\u00e9nement se tiendra vendredi 27 de 18 h \u00e0 23 h 30 et accueillera des DJs de la r\u00e9gion, comme le Marseillais Cosoco ou Eemoz et Br\u00fcsc, venus d&rsquo;Aix, tout comme Galbinus, bas\u00e9 \u00e0 Orl\u00e9ans, et Rapha\u00ebl Palacio, DJ parisien. Deux tarifs sont propos\u00e9s : 15 \u20ac pour une place Sunset (jusqu&rsquo;\u00e0 21\u00a0h) et 20\u00a0\u20ac pour toute la soir\u00e9e.<\/p>\n<p><strong>Vendredi 27 de 18 h \u00e0 23 h 30 \u00e0 la Citadelle de Marseille. Tarifs 15\/20 \u20ac sur Shotgun.<\/strong>&#13;\n<\/p>\n<p>Le Cabaret Al\u00e9atoire retrouve d\u00e8s demain soir sa r\u00e9sidence au Sky Rooftop<\/p>\n<p>Comme l&rsquo;an dernier, le Cabaret Al\u00e9atoire, associ\u00e9 \u00e0 Demeyere Traiteur, va prendre de la hauteur cet \u00e9t\u00e9. D\u00e8s demain pr\u00e9cis\u00e9ment, puisque la salle de concerts d\u00e9di\u00e9e aux musiques \u00e9lectroniques \u00e0 la Friche, retrouvera le Sky Rooftop (3e). Le lieu ouvrira ses portes chaque semaine du mercredi au vendredi, et ce jusqu&rsquo;au 1er\u00a0ao\u00fbt.<\/p>\n<p>Pour l&rsquo;ouverture, Anticlimax ouvrira le bal avec un set pens\u00e9 comme une ode aux couchers de soleil, quand Parlepasrusse prendra le relais autour des esth\u00e9tiques afro, soul, jazz. Funkalizer, pour finir, fera monter la temp\u00e9rature avec de la house festive.<\/p>\n<p><strong>Ouverture vendredi 27 juin de 18 h \u00e0 22 h 30. Rue Joseph Biaggi (3e). Gratuit. shotgun.live\/fr\/venues\/cabaretaleatoire<\/strong>&#13;\n<\/p>\n<p>Le festival Musiques \u00e0 Bagatelle f\u00eate ses 30 ans\u00a0<\/p>\n<p>Dans le bel \u00e9crin de verdure de la mairie des 6e et 8e, le Parc de Bagatelle, le festival qui f\u00eate ses 30\u00a0ans cette ann\u00e9e, va assurer trois soir\u00e9es festives anim\u00e9es par des concerts aux styles vari\u00e9s et de la danse. Un rendez-vous incontournable du d\u00e9but de l&rsquo;\u00e9t\u00e9, gratuit et en plein air. Au programme de cette \u00e9dition anniversaire, des propositions \u00e9clectiques entre jazz, musiques traditionnelles, performances chor\u00e9graphiques et grandes voix lyriques.<\/p>\n<p><img alt=\"Le festival Musiques \u00e0 Bagatelle f\u00eatera ce week-end ses 30 ans dans le Parc de Bagatelle.\" loading=\"lazy\" decoding=\"async\" data-nimg=\"fill\" class=\" TwicCore_img__i9TC1 undefined  undefined\" style=\"position:absolute;height:100%;width:100%;left:0;top:0;right:0;bottom:0;color:transparent;background-size:cover;background-position:50% 50%;background-repeat:no-repeat;background-image:url(&quot;data:image\/svg+xml;charset=utf-8,%3Csvg xmlns='http:\/\/www.w3.org\/2000\/svg' %3E%3Cfilter id='b' color-interpolation-filters='sRGB'%3E%3CfeGaussianBlur stdDeviation='20'\/%3E%3CfeColorMatrix values='1 0 0 0 0 0 1 0 0 0 0 0 1 0 0 0 0 0 100 -1' result='s'\/%3E%3CfeFlood x='0' y='0' width='100%25' height='100%25'\/%3E%3CfeComposite operator='out' in='s'\/%3E%3CfeComposite in2='SourceGraphic'\/%3E%3CfeGaussianBlur stdDeviation='20'\/%3E%3C\/filter%3E%3Cimage width='100%25' height='100%25' x='0' y='0' preserveAspectRatio='none' style='filter: url(%23b);' href='https:\/\/pictures.laprovence.com\/cdn-cgi\/image\/blur=250\/media\/melody\/2025\/06\/26\/le-festival-musiques-a-bagatelle-fetera-ce-week-end-ses-30-ans-dans-le-parc-de-bagatelle-1750951572_7232d98afb5869632d98afb588a32dv_.jpg'\/%3E%3C\/svg%3E&quot;)\"   src=\"https:\/\/www.europesays.com\/fr\/wp-content\/uploads\/2025\/06\/le-festival-musiques-a-bagatelle-fetera-ce-week-end-ses-30-ans-dans-le-parc-de-bagatelle-1750951572_.jpeg\"\/>Le festival Musiques \u00e0 Bagatelle f\u00eatera ce week-end ses 30 ans dans le Parc de Bagatelle. \/ Photo DR<\/p>\n<p><a href=\"https:\/\/www.laprovence.com\/article\/culture-loisirs\/33199291192974\/marseille-le-festival-musiques-a-bagatelle-fete-ses-30-ans-du-27-au-29-juin\" target=\"_blank\" rel=\"nofollow noopener\">Le festival d\u00e9butera ce vendredi 27 \u00e0 21 h<\/a> avec le Marseille Jazz des Cinq Continents qui pr\u00e9sente Samy Thi\u00e9bault. Le saxophoniste virtuose y d\u00e9voile In Waves, une odyss\u00e9e musicale qui fusionne jazz, musiques traditionnelles et atmosph\u00e8res oc\u00e9aniques. Samedi, la soir\u00e9e ax\u00e9e sur l&rsquo;op\u00e9ra s&rsquo;ouvrira d\u00e8s 19\u00a0h avec le ch\u0153ur lyrique du Conservatoire Pierre Barbizet de Marseille. Les \u00e9l\u00e8ves interpr\u00e9teront des classiques de Franz Schubert, Francis Poulenc, Gabriel Faur\u00e9 ou encore Antonio Vivaldi. Puis \u00e0 21\u00a0h, la compagnie Arts &amp; Musiques en Provence reprendra des grands airs d&rsquo;op\u00e9ra, revisit\u00e9s dans une mise en sc\u00e8ne vivante pour un spectacle accessible et familial. Enfin dimanche, place \u00e0 la danse avec, \u00e0 19\u00a0h, un moment festif et dynamique anim\u00e9 par l&rsquo;association Itinerrances\/P\u00f4le 164 o\u00f9 tous les styles chor\u00e9graphiques se croiseront. Puis \u00e0 21\u00a0h, pour clore cette \u00e9dition, ce sera l&rsquo;\u00c9cole Nationale de Danse de Marseille qui pr\u00e9sentera sept pi\u00e8ces chor\u00e9graphiques embl\u00e9matiques, avec des jeunes talents et des danseurs confirm\u00e9s.<\/p>\n<p>La soir\u00e9e D\u00e9gaine voit la vie en rose<\/p>\n<p>La soir\u00e9e D\u00e9gaine investit demain le rooftop du Prado, le Massalia Beach, pour une soir\u00e9e pink et pop. Pour cette \u00e9dition sp\u00e9ciale, le dress code rose est demand\u00e9 via un accessoire ou un total look pour danser et chanter en toute libert\u00e9 et convivialit\u00e9 sur du Britney ou du Dua Lipa. Prochaines sessions estivales des soir\u00e9es tr\u00e8s pop du collectif La D\u00e9gaine\u00a0: vendredi 4\u00a0juillet sur le rooftop de l&rsquo;Artplexe Canebi\u00e8re et jeudi 17\u00a0juillet de nouveau au Massalia Beach.<\/p>\n<p><strong>Vendredi 26 de 19 h \u00e0 2 h au Rooftop Massalia Beach, 41 bd Michelet, 8e. instagram.com\/ladegainemarseille. Entr\u00e9e libre, consos \u00e0 la carte.<\/strong>&#13;\n<\/p>\n<p><img alt=\"Le Sky Rooftop propose de la musique disco \u00e9lectro funk avec Marel demain, et de la musique afro avec Heat collectif vendredi.\" loading=\"lazy\" decoding=\"async\" data-nimg=\"fill\" class=\" TwicCore_img__i9TC1 undefined  undefined\" style=\"position:absolute;height:100%;width:100%;left:0;top:0;right:0;bottom:0;color:transparent;background-size:cover;background-position:50% 50%;background-repeat:no-repeat;background-image:url(&quot;data:image\/svg+xml;charset=utf-8,%3Csvg xmlns='http:\/\/www.w3.org\/2000\/svg' %3E%3Cfilter id='b' color-interpolation-filters='sRGB'%3E%3CfeGaussianBlur stdDeviation='20'\/%3E%3CfeColorMatrix values='1 0 0 0 0 0 1 0 0 0 0 0 1 0 0 0 0 0 100 -1' result='s'\/%3E%3CfeFlood x='0' y='0' width='100%25' height='100%25'\/%3E%3CfeComposite operator='out' in='s'\/%3E%3CfeComposite in2='SourceGraphic'\/%3E%3CfeGaussianBlur stdDeviation='20'\/%3E%3C\/filter%3E%3Cimage width='100%25' height='100%25' x='0' y='0' preserveAspectRatio='none' style='filter: url(%23b);' href='https:\/\/pictures.laprovence.com\/cdn-cgi\/image\/blur=250\/media\/melody\/2025\/06\/26\/le-sky-rooftop-propose-de-la-musique-disco-electro-funk-avec-marel-demain-et-de-la-musique-afro-avec-1750951573_25b2a3954247649b2a39542471db2av_.jpg'\/%3E%3C\/svg%3E&quot;)\"   src=\"https:\/\/www.europesays.com\/fr\/wp-content\/uploads\/2025\/06\/le-sky-rooftop-propose-de-la-musique-disco-electro-funk-avec-marel-demain-et-de-la-musique-afro-avec.jpeg\"\/>Le Sky Rooftop propose de la musique disco \u00e9lectro funk avec Marel demain, et de la musique afro avec Heat collectif vendredi. \/ Photo AMEL MAWASTELa Bajon s&rsquo;offre trois soirs de rodage \u00e0 l&rsquo;Art D\u00fb pour son nouveau show<\/p>\n<p>L&rsquo;\u00e9t\u00e9 d\u00e9marre sur les chapeaux de roues \u00e0 l&rsquo;Art D\u00fb, o\u00f9 les Marseillais Gabrielle Giraud et Julien Vinh affichent une nouvelle fois complet. L&rsquo;autre \u00e9v\u00e9nement du week-end, c&rsquo;est la triple date de La Bajon, qui a elle aussi affol\u00e9 la billetterie. \u00c0 guichets ferm\u00e9s jeudi 26 juin et samedi 28 juin, son show de ce vendredi 27 juin, \u00e0 19 h, est encore disponible (<strong>25\u00a0\u20ac, lartdutheatre.fr<\/strong>). R\u00e9v\u00e9l\u00e9e au grand public depuis bient\u00f4t dix ans gr\u00e2ce \u00e0 ses contenus humoristiques en ligne, l&rsquo;humoriste qui f\u00eatera ce week-end ses 47\u00a0ans sort d&rsquo;une tourn\u00e9e \u00e0 succ\u00e8s avec L&rsquo;Extraterrienne. Si peu d&rsquo;\u00e9l\u00e9ments ont pour l&rsquo;heure \u00e9t\u00e9 communiqu\u00e9s sur son futur spectacle, la promesse d&rsquo;y retrouver l&rsquo;humour noir et ses vannes sur l&rsquo;actualit\u00e9 est intacte. Et ce, m\u00eame si \u00ab\u00a0faire des vannes est devenu un sport extr\u00eame\u00a0\u00bb, annonce La Bajon.<\/p>\n<p><img alt=\"La Bajon\" loading=\"lazy\" decoding=\"async\" data-nimg=\"fill\" class=\" TwicCore_img__i9TC1 undefined  undefined\" style=\"position:absolute;height:100%;width:100%;left:0;top:0;right:0;bottom:0;color:transparent;background-size:cover;background-position:50% 50%;background-repeat:no-repeat;background-image:url(&quot;data:image\/svg+xml;charset=utf-8,%3Csvg xmlns='http:\/\/www.w3.org\/2000\/svg' %3E%3Cfilter id='b' color-interpolation-filters='sRGB'%3E%3CfeGaussianBlur stdDeviation='20'\/%3E%3CfeColorMatrix values='1 0 0 0 0 0 1 0 0 0 0 0 1 0 0 0 0 0 100 -1' result='s'\/%3E%3CfeFlood x='0' y='0' width='100%25' height='100%25'\/%3E%3CfeComposite operator='out' in='s'\/%3E%3CfeComposite in2='SourceGraphic'\/%3E%3CfeGaussianBlur stdDeviation='20'\/%3E%3C\/filter%3E%3Cimage width='100%25' height='100%25' x='0' y='0' preserveAspectRatio='none' style='filter: url(%23b);' href='https:\/\/pictures.laprovence.com\/cdn-cgi\/image\/blur=250\/media\/melody\/2025\/06\/26\/la-bajon-1750951573_ce753149cb586d2853149cb58b6853v_.jpg'\/%3E%3C\/svg%3E&quot;)\"   src=\"https:\/\/www.europesays.com\/fr\/wp-content\/uploads\/2025\/06\/la-bajon-1750951573_ce753149cb586d2853149cb58b6853v_.jpg\"\/>La Bajon \/ Photo DR<\/p>\n<p>Au Com\u00e9die Club Vieux-Port, c&rsquo;est un habitu\u00e9 des lieux qui fera son retour\u00a0: JM Nichanian, attendu samedi \u00e0 21\u00a0h\u00a030 (<strong>9,95\u00a0\u20ac, comedieclubvieuxport.com<\/strong>). L&rsquo;artiste originaire de Plan-de-Cuques poursuit la tourn\u00e9e de son premier spectacle Incroyable, qu&rsquo;il d\u00e9crivait ainsi \u00e0 son lancement\u00a0: \u00ab\u00a0Je fais des interactions, j&rsquo;aime rebondir quand les gens me disent des choses. Sinon je parle de rappeurs marseillais, de s\u00e9ries, des r\u00e9seaux sociaux\u2026\u00a0\u00bb Celui s&rsquo;est distingu\u00e9 par son travail sur NRJ, o\u00f9 il \u00e9tait le fameux \u00ab\u00a0JM du standard\u00a0\u00bb pendant huit ans, puis avec ses vid\u00e9os sur internet avec Pascal le grand fr\u00e8re, continue de s&rsquo;\u00e9panouir pleinement sur sc\u00e8ne.<\/p>\n<p>Le Garage Comedy recevra Laurent Fevbay dimanche 29 juin \u00e0 21 h (<strong>16\u00a0\u20ac, garage-comedy.com<\/strong>). Quelques jours apr\u00e8s avoir fait le MC pour la premi\u00e8re en plein air du Canailles Comedy Club, le Marseillais se produira avec L&rsquo;odeur du basilic. Un spectacle lanc\u00e9 l&rsquo;\u00e9t\u00e9 dernier, dans lequel le com\u00e9dien explore les sentiments, entre souvenirs d&rsquo;enfance et madeleines de Proust.<\/p>\n<p>Festival de la Moline<\/p>\n<p>Le Festival de la Moline est de retour pour sa 17e \u00e9dition. Le parc de la Moline accueillera son rendez-vous de l&rsquo;\u00e9t\u00e9 avec quatre \u00e9v\u00e8nements musicaux et culturels : une soir\u00e9e plac\u00e9e sous le signe du Jazz, une soir\u00e9e gospel, un concert d&rsquo;Erick Baert ainsi qu&rsquo;une repr\u00e9sentation de th\u00e9\u00e2tre \u00ab\u00a0Le Schpountz\u00a0\u00bb.\u00a0<\/p>\n<p><strong>Dates et horaires<\/strong> : du jeudi 26 juin au dimanche 29 juin de 20h30 \u00e0 23h<\/p>\n<p><strong>Tarif <\/strong>: gratuit<\/p>\n<p><strong>Lieu<\/strong> : Parc de la Moline, 27 Boulevard Marius Richard, 13012 Marseille<\/p>\n<p><strong>Site officiel<\/strong> : <a href=\"https:\/\/marseille1112.fr\/agenda\/festival-de-la-moline-2025\" target=\"_blank\" rel=\"nofollow noopener\">marseille1112.fr\/agenda\/festival-de-la-moline-2025<\/a><\/p>\n<p>Festival \u00e0 La Bonne M\u00e8re<\/p>\n<p>Il y a trois ans, David Malartre, Th\u00e9ophile Mohr-Durdez et Thomas Callies, ont d\u00e9cid\u00e9 de cr\u00e9er un festival de th\u00e9\u00e2tre \u00e0 Marseille avec la volont\u00e9 de cr\u00e9er un \u00ab\u00a0lieu sans barri\u00e8res et sans fronti\u00e8res\u00a0\u00bb, dans un lieu embl\u00e9matique de la ville,<\/p>\n<p>Pour ne pas perdre les rep\u00e8res classiques, la\u00a0c\u00e9l\u00e8bre pi\u00e8ce de Marivaux\u00a0Le jeu de l&rsquo;amour et du hasard, mise en sc\u00e8ne par Fr\u00e9d\u00e9ric Cherboeuf, sera pr\u00e9sent\u00e9e les 26 et 27\u00a0juin\u00a0: une histoire de travestissement entre deux couples de ma\u00eetres et valets, Sylvia voulant tester la sinc\u00e9rit\u00e9 de Dorante\u2026<\/p>\n<p>Enfin, \u00e0 l&rsquo;occasion de l&rsquo;anniversaire des\u00a0130\u00a0ans de naissance de Marcel Pagnol, le festival cl\u00f4turera sa programmation par la lecture des\u00a0Lettres d&rsquo;amour\u00a0de Pagnol par Vincent Fernandel, petit-fils du c\u00e9l\u00e8bre acteur, accompagn\u00e9 au piano par Franck Ciup.<\/p>\n<p><strong>Du 18 au 28 juin 2025. Parvis de la Basilique Notre-Dame de la Garde \u00e0 Marseille. 16 \u00e0 39\u00a0euros. festivallabonnemere.fr<\/strong><\/p>\n<p><script async src=\"\/\/www.instagram.com\/embed.js\"><\/script><\/p>\n","protected":false},"excerpt":{"rendered":"Pour ce week-end du jeudi 26, vendredi 27, samedi 28 et dimanche 29 juin, des \u00e9v\u00e9nements culturels, sportifs&hellip;\n","protected":false},"author":2,"featured_media":207223,"comment_status":"","ping_status":"","sticky":false,"template":"","format":"standard","meta":{"footnotes":""},"categories":[2814],"tags":[17,3269,14016,1111,11,251,1777,674,4560,1011,27,3687,884,12,882,746,25,4064],"class_list":{"0":"post-207222","1":"post","2":"type-post","3":"status-publish","4":"format-standard","5":"has-post-thumbnail","7":"category-marseille","8":"tag-17","9":"tag-3269","10":"tag-14016","11":"tag-actu","12":"tag-actualites","13":"tag-culture","14":"tag-eu","15":"tag-europe","16":"tag-faire","17":"tag-fr","18":"tag-france","19":"tag-juin","20":"tag-marseille","21":"tag-news","22":"tag-provence-alpes-cote-dazur","23":"tag-que","24":"tag-republique-francaise","25":"tag-week-end"},"share_on_mastodon":{"url":"https:\/\/pubeurope.com\/@fr\/114752839250925325","error":""},"_links":{"self":[{"href":"https:\/\/www.europesays.com\/fr\/wp-json\/wp\/v2\/posts\/207222","targetHints":{"allow":["GET"]}}],"collection":[{"href":"https:\/\/www.europesays.com\/fr\/wp-json\/wp\/v2\/posts"}],"about":[{"href":"https:\/\/www.europesays.com\/fr\/wp-json\/wp\/v2\/types\/post"}],"author":[{"embeddable":true,"href":"https:\/\/www.europesays.com\/fr\/wp-json\/wp\/v2\/users\/2"}],"replies":[{"embeddable":true,"href":"https:\/\/www.europesays.com\/fr\/wp-json\/wp\/v2\/comments?post=207222"}],"version-history":[{"count":0,"href":"https:\/\/www.europesays.com\/fr\/wp-json\/wp\/v2\/posts\/207222\/revisions"}],"wp:featuredmedia":[{"embeddable":true,"href":"https:\/\/www.europesays.com\/fr\/wp-json\/wp\/v2\/media\/207223"}],"wp:attachment":[{"href":"https:\/\/www.europesays.com\/fr\/wp-json\/wp\/v2\/media?parent=207222"}],"wp:term":[{"taxonomy":"category","embeddable":true,"href":"https:\/\/www.europesays.com\/fr\/wp-json\/wp\/v2\/categories?post=207222"},{"taxonomy":"post_tag","embeddable":true,"href":"https:\/\/www.europesays.com\/fr\/wp-json\/wp\/v2\/tags?post=207222"}],"curies":[{"name":"wp","href":"https:\/\/api.w.org\/{rel}","templated":true}]}}