{"id":207224,"date":"2025-06-27T01:55:20","date_gmt":"2025-06-27T01:55:20","guid":{"rendered":"https:\/\/www.europesays.com\/fr\/207224\/"},"modified":"2025-06-27T01:55:20","modified_gmt":"2025-06-27T01:55:20","slug":"la-cheffe-de-loffice-anti-stupefiants-a-marseille-et-son-adjoint-mis-en-examen","status":"publish","type":"post","link":"https:\/\/www.europesays.com\/fr\/207224\/","title":{"rendered":"La cheffe de l\u2019office anti-stup\u00e9fiants \u00e0 Marseille et son adjoint mis en examen"},"content":{"rendered":"<p class=\"latino-300b text-grey-800\">\n<p>  Par\u00a0<br \/>\nLe Nouvel Obs avec AFP          <\/p>\n<p class=\"latino-300r text-grey-600\">\n      Publi\u00e9 le<\/p>\n<p>    26 juin 2025 \u00e0 19h48<\/p>\n<p>      <img fetchpriority=\"high\" decoding=\"async\" class=\"mx-auto\" src=\"data:image\/svg+xml,%3Csvg%20xmlns%3D%27http%3A%2F%2Fwww.w3.org%2F2000%2Fsvg%27%20fill%3D%22%23e4e4e4%22%20viewBox%3D%270%200%20510%20340%27%20width%3D%22510%22%20height%3D%22340%22%3E%3Cpath%20d%3D%27M0%200h510v340H0z%27%2F%3E%3C%2Fsvg%3E\"  loading=\"eager\" width=\"510\" height=\"340\" data-oncrawl-image-size=\"510x340\" alt=\"La cheffe de l\u2019office anti-stup\u00e9fiants \u00e0 Marseille et son adjoint ont \u00e9t\u00e9 mis en examen dans le cadre d\u2019une enqu\u00eate sur une livraison surveill\u00e9e en 2023\u00a0de coca\u00efne suspect\u00e9e d\u2019avoir connu de graves d\u00e9rives.\"\/>      <\/p>\n<p class=\"latino-100m text-grey-600\">\n            La cheffe de l\u2019office anti-stup\u00e9fiants \u00e0 Marseille et son adjoint ont \u00e9t\u00e9 mis en examen dans le cadre d\u2019une enqu\u00eate sur une livraison surveill\u00e9e en 2023\u00a0de coca\u00efne suspect\u00e9e d\u2019avoir connu de graves d\u00e9rives.\u00a0JULIEN DE ROSA \/ AFP        <\/p>\n<p>    Temps de lecture\u00a0:\u00a02\u00a0min.<\/p>\n<p class=\"node__paragraphe antonia-750r text-grey-800 pb-24 pb-md-30\">\nS\u00e9isme \u00e0 <a href=\"https:\/\/www.nouvelobs.com\/justice\/20241126.OBS96973\/office-antistupefiant-risques-de-corruption-la-cour-des-comptes-ausculte-la-lutte-antidrogue.html\" rel=\"nofollow noopener\" target=\"_blank\">l\u2019Office anti-stup\u00e9fiants (Ofast)<\/a> de Marseille. Sa cheffe et son adjoint ont \u00e9t\u00e9 mis en examen \u00e0 Paris dans le cadre d\u2019une enqu\u00eate sur une livraison surveill\u00e9e en 2023 <a href=\"https:\/\/www.nouvelobs.com\/societe\/20220618.OBS59858\/arnaud-28-ans-la-coke-c-est-la-pire-et-la-meilleure-chose-qui-me-soit-arrivee.html\" rel=\"nofollow noopener\" target=\"_blank\">de coca\u00efne<\/a> suspect\u00e9e d\u2019avoir connu de graves d\u00e9rives.<\/p>\n<p class=\"node__paragraphe antonia-750r text-grey-800 pb-24 pb-md-30\">\nCes commissaires ont \u00e9t\u00e9 mis en examen, respectivement mercredi et jeudi 26 juin, par les juges d\u2019instruction de la Juridiction nationale de lutte contre la criminalit\u00e9 organis\u00e9e (Junalco), notamment pour \u00ab\u00a0complicit\u00e9 de faux en \u00e9criture publique par une personne d\u00e9positaire de l\u2019autorit\u00e9 publique\u00a0\u00bb et \u00ab\u00a0violation du secret d\u2019une enqu\u00eate portant sur la criminalit\u00e9 organis\u00e9e\u00a0\u00bb, a pr\u00e9cis\u00e9 le parquet de Paris, confirmant \u00e0 l\u2019Agence France-Presse (AFP) une information de sources proches du dossier.<\/p>\n<p class=\"node__paragraphe antonia-750r text-grey-800 pb-24 pb-md-30\">\nLes deux hauts grad\u00e9s sont aussi mis en examen pour \u00ab\u00a0complicit\u00e9 d\u2019atteinte \u00e0 l\u2019intimit\u00e9 par captation d\u2019images et de paroles\u00a0\u00bb, selon le minist\u00e8re public. \u00ab\u00a0Ils ont \u00e9t\u00e9 plac\u00e9s sous contr\u00f4le judiciaire avec interdiction d\u2019exercer des fonctions et missions de police judiciaire, de se rendre dans tous les locaux de police des Bouches-du-Rh\u00f4ne, interdiction d\u2019entrer en relation avec d\u2019autres personnes apparaissant dans le dossier\u00a0\u00bb, a ajout\u00e9 la m\u00eame source.<\/p>\n<p class=\"latino-500b text-grey-600 pb-16\">A lire aussi<\/p>\n<p><a href=\"https:\/\/www.nouvelobs.com\/justice\/20201114.OBS36093\/stephanie-cherbonnier-ofast-nous-poursuivrons-les-dealers-jusqu-au-bout-du-monde.html\" data-article-key=\"20201114.OBS36093\" class=\"link--box flex-grow-1\" data-piano=\"Page_Article,Lire_aussi,,Lien1,navigation\" rel=\"nofollow noopener\" target=\"_blank\"><\/p>\n<p>                <img decoding=\"async\" src=\"data:image\/svg+xml,%3Csvg%20xmlns%3D%27http%3A%2F%2Fwww.w3.org%2F2000%2Fsvg%27%20fill%3D%22%23e4e4e4%22%20viewBox%3D%270%200%20120%2080%27%20width%3D%22120%22%20height%3D%2280%22%3E%3Cpath%20d%3D%27M0%200h120v80H0z%27%2F%3E%3C%2Fsvg%3E\"  width=\"120\" height=\"80\" loading=\"lazy\" alt=\"St\u00e9phanie Cherbonnier, \u00e0 la t\u00eate de l\u2019Office anti-stup\u00e9fiants, en novembre 2019.\"\/><\/p>\n<p class=\"latino-300r latino-lg-600m text-grey-800\">\n                    St\u00e9phanie Cherbonnier\u00a0(Ofast) : \u00ab\u00a0Nous poursuivrons les dealers jusqu\u2019au bout du monde\u00a0\u00bb        <\/p>\n<p><\/a><\/p>\n<p class=\"node__paragraphe antonia-750r text-grey-800 pb-24 pb-md-30\">\n\u00ab\u00a0Apr\u00e8s deux jours de garde \u00e0 vue, ma cliente, cheffe de l\u2019Ofast Marseille, n\u2019est ni mise en examen pour corruption, ni (\u2026) pour trafic de coca\u00efne, ni (\u2026) pour importation de stup\u00e9fiants en bande organis\u00e9e\u00a0\u00bb, a relev\u00e9 aupr\u00e8s de l\u2019AFP son avocat, Louis Cailliez. \u00ab\u00a0Elle conteste vigoureusement toute infraction p\u00e9nale de sa part et d\u00e9fendra son honneur et sa probit\u00e9 en d\u00e9pit des tentatives d\u2019instrumentalisation de ce dossier\u00a0\u00bb, a-t-il affirm\u00e9.<\/p>\n<p>Des accusations contest\u00e9es<\/p>\n<p class=\"node__paragraphe antonia-750r text-grey-800 pb-24 pb-md-30\">\nEn avril, deux policiers de l\u2019Ofast de Marseille avaient d\u00e9j\u00e0 \u00e9t\u00e9 mis en examen, puis plac\u00e9s en d\u00e9tention provisoire, eux pour trafic de stup\u00e9fiants en bande organis\u00e9e, blanchiment ou encore association de malfaiteurs. Puis en juin, un autre avait \u00e0 son tour \u00e9t\u00e9 mis en examen.<\/p>\n<p class=\"node__paragraphe antonia-750r text-grey-800 pb-24 pb-md-30\">\nCar l\u2019enqu\u00eate dirig\u00e9e par la Junalco a r\u00e9v\u00e9l\u00e9, selon le minist\u00e8re public, de possibles \u00ab\u00a0\u00e9changes entre des policiers et d\u2019autres personnes, portant sur la cession d\u2019au moins 360 kg de coca\u00efne, en dehors de tout contr\u00f4le hi\u00e9rarchique, et sur la dissimulation des quantit\u00e9s r\u00e9elles arriv\u00e9es sur le territoire\u00a0\u00bb.<\/p>\n<p class=\"latino-500b text-grey-600 pb-16\">A lire aussi<\/p>\n<p><a href=\"https:\/\/www.nouvelobs.com\/justice\/20250519.OBS104088\/narcotrafic-prisons-police-tribunaux-quand-la-corruption-s-infiltre-a-tous-les-etages.html\" data-article-key=\"20250519.OBS104088\" class=\"link--box flex-grow-1\" data-piano=\"Page_Article,Lire_aussi,,Lien2,navigation\" rel=\"nofollow noopener\" target=\"_blank\"><\/p>\n<p>                <img decoding=\"async\" src=\"data:image\/svg+xml,%3Csvg%20xmlns%3D%27http%3A%2F%2Fwww.w3.org%2F2000%2Fsvg%27%20fill%3D%22%23e4e4e4%22%20viewBox%3D%270%200%20120%2080%27%20width%3D%22120%22%20height%3D%2280%22%3E%3Cpath%20d%3D%27M0%200h120v80H0z%27%2F%3E%3C%2Fsvg%3E\"  width=\"120\" height=\"80\" loading=\"lazy\" alt=\"\"\/><\/p>\n<p class=\"latino-300r latino-lg-600m text-grey-800\">\n                      <strong class=\"latino-300b latino-lg-600m text-grey-500\">Enqu\u00eate\u00a0<\/strong><br \/>\n                    Narcotrafic\u00a0: prisons, police, tribunaux&#8230; quand la corruption s\u2019infiltre \u00e0 tous les \u00e9tages        <\/p>\n<p><\/a><\/p>\n<p class=\"node__paragraphe antonia-750r text-grey-800 pb-24 pb-md-30\">\nPour Me Cailliez, la garde \u00e0 vue cette semaine de la cheffe de l\u2019Ofast a justement \u00ab\u00a0permis de lever les doutes sur l\u2019absence de connaissance (et donc de validation) hi\u00e9rarchique du d\u00e9roulement r\u00e9el du dossier Trident\u00a0\u00bb, nom de l\u2019op\u00e9ration de livraison de coca\u00efne surveill\u00e9e dans le viseur de la justice. \u00ab\u00a0Tel est \u00e9galement le cas de certaines pratiques de ses effectifs, combattues et d\u00e9nonc\u00e9es par elle, et pour lesquelles elle a pourtant \u00e9t\u00e9 mise en examen\u00a0\u00bb, a-t-il insist\u00e9.<\/p>\n<p>\u00ab\u00a0Sa mise en examen sera contest\u00e9e\u00a0\u00bb<\/p>\n<p class=\"node__paragraphe antonia-750r text-grey-800 pb-24 pb-md-30\">\n\u00ab\u00a0Avec ma cons\u0153ur, Marie Cornanguer, nous nous r\u00e9jouissions de la l\u00e9gitime mise hors de cause du commissaire X du c\u0153ur de ce dossier concernant des faits de trafic de stup\u00e9fiants\u00a0\u00bb, a r\u00e9agi de son c\u00f4t\u00e9 aupr\u00e8s de l\u2019AFP Me Vanessa Bousardo, avocate de l\u2019adjoint.<\/p>\n<p class=\"node__paragraphe antonia-750r text-grey-800 pb-24 pb-md-30\">\n\u00ab\u00a0Sa mise en examen r\u00e9siduelle alors m\u00eame qu\u2019il est l\u2019auteur du signalement \u00e0 l\u2019origine de cette proc\u00e9dure sera contest\u00e9e par toutes les voies de droit \u00e0 notre disposition. Une telle mise en cause adresse d\u2019ailleurs un tr\u00e8s mauvais signal aux lanceurs d\u2019alerte\u00a0\u00bb, a-t-elle estim\u00e9.<\/p>\n<p class=\"latino-500b text-grey-600 pb-16\">A lire aussi<\/p>\n<p><a href=\"https:\/\/www.nouvelobs.com\/societe\/20201116.OBS36145\/dossier-drogue-un-trafic-qui-explose-en-france.html\" data-article-key=\"20201116.OBS36145\" class=\"link--box flex-grow-1\" data-piano=\"Page_Article,Lire_aussi,,Lien3,navigation\" rel=\"nofollow noopener\" target=\"_blank\"><\/p>\n<p>                <img decoding=\"async\" src=\"data:image\/svg+xml,%3Csvg%20xmlns%3D%27http%3A%2F%2Fwww.w3.org%2F2000%2Fsvg%27%20fill%3D%22%23e4e4e4%22%20viewBox%3D%270%200%20120%2080%27%20width%3D%22120%22%20height%3D%2280%22%3E%3Cpath%20d%3D%27M0%200h120v80H0z%27%2F%3E%3C%2Fsvg%3E\"  width=\"120\" height=\"80\" loading=\"lazy\" alt=\"Saisie de r\u00e9sine de cannabis par les policiers marseillais en juillet 2018.\"\/><\/p>\n<p class=\"latino-300r latino-lg-600m text-grey-800\">\n                      <strong class=\"latino-300b latino-lg-600m text-grey-500\">Dossier\u00a0<\/strong><br \/>\n                    DOSSIER. Drogue : un trafic qui explose en France        <\/p>\n<p><\/a><\/p>\n<p class=\"node__paragraphe antonia-750r text-grey-800 pb-24 pb-md-30\">\nSelon elle, \u00ab\u00a0ce fonctionnaire int\u00e8gre, qui ne s\u2019est jamais d\u00e9parti de sa probit\u00e9, conteste cat\u00e9goriquement les faits qui lui sont lui imput\u00e9s\u00a0\u00bb. \u00ab\u00a0Une requ\u00eate en nullit\u00e9 sera d\u00e9pos\u00e9e prochainement \u00e0 l\u2019encontre de sa mise en examen et des irr\u00e9gularit\u00e9s relev\u00e9es\u00a0\u00bb, a-t-elle ajout\u00e9.<\/p>\n<p class=\"node__paragraphe antonia-750r text-grey-800 pb-24 pb-md-30\">\nLes investigations initiales dans ce dossier, parties d\u2019un renseignement anonyme en f\u00e9vrier 2023, portaient sur une arriv\u00e9e de coca\u00efne au port de Marseille en container depuis la Colombie et \u00e0 destination de la r\u00e9gion parisienne. Sauf qu\u2019il s\u2019est \u00ab\u00a0av\u00e9r\u00e9 que cette livraison a permis l\u2019entr\u00e9e sur le territoire de pr\u00e8s de 400 kg de coca\u00efne\u00a0\u00bb, selon le parquet. \u00ab\u00a0Plusieurs acteurs du dossier s\u2019\u00e9taient par ailleurs \u00e9tonn\u00e9s de la difficult\u00e9 avec laquelle ces stup\u00e9fiants auraient \u00e9t\u00e9 \u00e9coul\u00e9s \u00e0 Marseille, laissant entendre que la surveillance polici\u00e8re \u00e9tait \u00e9vent\u00e9e\u00a0\u00bb.<\/p>\n<p class=\"latino-600m text-grey-800\">\n<p>  Par\u00a0<br \/>\nLe Nouvel Obs avec AFP    <\/p>\n","protected":false},"excerpt":{"rendered":"Par\u00a0 Le Nouvel Obs avec AFP Publi\u00e9 le 26 juin 2025 \u00e0 19h48 La cheffe de l\u2019office anti-stup\u00e9fiants&hellip;\n","protected":false},"author":2,"featured_media":207225,"comment_status":"","ping_status":"","sticky":false,"template":"","format":"standard","meta":{"footnotes":""},"categories":[2814],"tags":[17,1111,11,16190,12690,17207,1052,1777,674,1011,27,303,884,12,2420,882,25,104,1098],"class_list":{"0":"post-207224","1":"post","2":"type-post","3":"status-publish","4":"format-standard","5":"has-post-thumbnail","7":"category-marseille","8":"tag-17","9":"tag-actu","10":"tag-actualites","11":"tag-adjoint","12":"tag-anti","13":"tag-cheffe","14":"tag-drogue","15":"tag-eu","16":"tag-europe","17":"tag-fr","18":"tag-france","19":"tag-justice","20":"tag-marseille","21":"tag-news","22":"tag-office","23":"tag-provence-alpes-cote-dazur","24":"tag-republique-francaise","25":"tag-societe","26":"tag-stupefiants"},"share_on_mastodon":{"url":"https:\/\/pubeurope.com\/@fr\/114752843017716344","error":""},"_links":{"self":[{"href":"https:\/\/www.europesays.com\/fr\/wp-json\/wp\/v2\/posts\/207224","targetHints":{"allow":["GET"]}}],"collection":[{"href":"https:\/\/www.europesays.com\/fr\/wp-json\/wp\/v2\/posts"}],"about":[{"href":"https:\/\/www.europesays.com\/fr\/wp-json\/wp\/v2\/types\/post"}],"author":[{"embeddable":true,"href":"https:\/\/www.europesays.com\/fr\/wp-json\/wp\/v2\/users\/2"}],"replies":[{"embeddable":true,"href":"https:\/\/www.europesays.com\/fr\/wp-json\/wp\/v2\/comments?post=207224"}],"version-history":[{"count":0,"href":"https:\/\/www.europesays.com\/fr\/wp-json\/wp\/v2\/posts\/207224\/revisions"}],"wp:featuredmedia":[{"embeddable":true,"href":"https:\/\/www.europesays.com\/fr\/wp-json\/wp\/v2\/media\/207225"}],"wp:attachment":[{"href":"https:\/\/www.europesays.com\/fr\/wp-json\/wp\/v2\/media?parent=207224"}],"wp:term":[{"taxonomy":"category","embeddable":true,"href":"https:\/\/www.europesays.com\/fr\/wp-json\/wp\/v2\/categories?post=207224"},{"taxonomy":"post_tag","embeddable":true,"href":"https:\/\/www.europesays.com\/fr\/wp-json\/wp\/v2\/tags?post=207224"}],"curies":[{"name":"wp","href":"https:\/\/api.w.org\/{rel}","templated":true}]}}