{"id":207230,"date":"2025-06-27T01:58:21","date_gmt":"2025-06-27T01:58:21","guid":{"rendered":"https:\/\/www.europesays.com\/fr\/207230\/"},"modified":"2025-06-27T01:58:21","modified_gmt":"2025-06-27T01:58:21","slug":"jamais-la-region-naura-ete-aussi-securisee","status":"publish","type":"post","link":"https:\/\/www.europesays.com\/fr\/207230\/","title":{"rendered":"\u00ab Jamais la r\u00e9gion n\u2019aura \u00e9t\u00e9 aussi s\u00e9curis\u00e9e \u00bb"},"content":{"rendered":"<p><strong>LA TRIBUNE DIMANCHE &#8211; \u00c0 cinq jours de l&rsquo;ouverture des Jeux olympiques, quel sentiment domine ?<\/strong><\/p>\n<p><strong>VAL\u00c9RIE P\u00c9CRESSE &#8211;<\/strong> La satisfaction du travail accompli. Nous sommes pr\u00eats, nous avons eu l&rsquo;intelligence collective de surmonter tous les obstacles pour y arriver. Si j&rsquo;avais un souhait, ce serait que cette \u00ab m\u00e9thode olympique \u00bb perdure. L&rsquo;administration n&rsquo;a jamais \u00e9t\u00e9 aussi aidante. Nous avons r\u00e9ussi \u00e0 faire en cinq ans des projets pour lesquels il nous fallait quinze ans. C&rsquo;est aussi un h\u00e9ritage, une \u00e9nergie, qui ne doivent pas se perdre avec les Jeux.<\/p>\n<p><strong>Quel est le co\u00fbt des JOP pour la R\u00e9gion ?<\/strong><\/p>\n<p>Cinq cents millions d&rsquo;euros, bien investis. Ce qui va rester, ce sont des logements, avec le village des athl\u00e8tes et des m\u00e9dias, qui vont changer le visage de la Seine-Saint-Denis. Dans tous les d\u00e9partements, nous aurons un tr\u00e8s bel h\u00e9ritage sportif, des piscines notamment. Ce sont des Jeux sobres en argent public. L&rsquo;investissement transports \u00e9tait d\u00e9j\u00e0 pr\u00e9vu. Le petit miracle, ce n&rsquo;est pas d&rsquo;avoir construit ces nouvelles infrastructures de transport, mais de les avoir termin\u00e9es \u00e0 l&rsquo;heure. Et cela va redonner de l&rsquo;attractivit\u00e9 \u00e0 la R\u00e9gion.<\/p>\n","protected":false},"excerpt":{"rendered":"LA TRIBUNE DIMANCHE &#8211; \u00c0 cinq jours de l&rsquo;ouverture des Jeux olympiques, quel sentiment domine ? VAL\u00c9RIE P\u00c9CRESSE&hellip;\n","protected":false},"author":2,"featured_media":207231,"comment_status":"","ping_status":"","sticky":false,"template":"","format":"standard","meta":{"footnotes":""},"categories":[1592],"tags":[6542,1111,11,33,1777,674,1011,27,662,5776,12,626,23287,19924,16,25,22102],"class_list":{"0":"post-207230","1":"post","2":"type-post","3":"status-publish","4":"format-standard","5":"has-post-thumbnail","7":"category-ile-de-france","8":"tag-6542","9":"tag-actu","10":"tag-actualites","11":"tag-economie","12":"tag-eu","13":"tag-europe","14":"tag-fr","15":"tag-france","16":"tag-ile-de-france","17":"tag-jamais","18":"tag-news","19":"tag-paris","20":"tag-pecresse","21":"tag-presidente","22":"tag-region","23":"tag-republique-francaise","24":"tag-valerie"},"share_on_mastodon":{"url":"https:\/\/pubeurope.com\/@fr\/114752854647804236","error":""},"_links":{"self":[{"href":"https:\/\/www.europesays.com\/fr\/wp-json\/wp\/v2\/posts\/207230","targetHints":{"allow":["GET"]}}],"collection":[{"href":"https:\/\/www.europesays.com\/fr\/wp-json\/wp\/v2\/posts"}],"about":[{"href":"https:\/\/www.europesays.com\/fr\/wp-json\/wp\/v2\/types\/post"}],"author":[{"embeddable":true,"href":"https:\/\/www.europesays.com\/fr\/wp-json\/wp\/v2\/users\/2"}],"replies":[{"embeddable":true,"href":"https:\/\/www.europesays.com\/fr\/wp-json\/wp\/v2\/comments?post=207230"}],"version-history":[{"count":0,"href":"https:\/\/www.europesays.com\/fr\/wp-json\/wp\/v2\/posts\/207230\/revisions"}],"wp:featuredmedia":[{"embeddable":true,"href":"https:\/\/www.europesays.com\/fr\/wp-json\/wp\/v2\/media\/207231"}],"wp:attachment":[{"href":"https:\/\/www.europesays.com\/fr\/wp-json\/wp\/v2\/media?parent=207230"}],"wp:term":[{"taxonomy":"category","embeddable":true,"href":"https:\/\/www.europesays.com\/fr\/wp-json\/wp\/v2\/categories?post=207230"},{"taxonomy":"post_tag","embeddable":true,"href":"https:\/\/www.europesays.com\/fr\/wp-json\/wp\/v2\/tags?post=207230"}],"curies":[{"name":"wp","href":"https:\/\/api.w.org\/{rel}","templated":true}]}}