{"id":207234,"date":"2025-06-27T02:00:17","date_gmt":"2025-06-27T02:00:17","guid":{"rendered":"https:\/\/www.europesays.com\/fr\/207234\/"},"modified":"2025-06-27T02:00:17","modified_gmt":"2025-06-27T02:00:17","slug":"paris-un-touriste-se-fait-voler-a-larrache-sa-montre-a-200-000-euros","status":"publish","type":"post","link":"https:\/\/www.europesays.com\/fr\/207234\/","title":{"rendered":"Paris\u00a0: un touriste se fait voler \u00e0 l\u2019arrach\u00e9 sa montre \u00e0 200\u00a0000\u00a0euros"},"content":{"rendered":"<p class=\"paragraph text_align_left lp-f-body-02\">En plein c\u0153ur de Paris, mieux vaut \u00e9viter les lignes ostentatoires de richesse\u2026 Un touriste canadien a \u00e9t\u00e9 victime d\u2019un vol \u00e0 l\u2019arrach\u00e9, mercredi en fin d\u2019apr\u00e8s-midi, rue Saint-Honor\u00e9 dans le <a href=\"https:\/\/www.leparisien.fr\/paris-75\/paris-75001\/\" target=\"_blank\" rel=\"noreferrer nofollow noopener\">Ier arrondissement<\/a>. L\u2019une des art\u00e8res les plus cossues de la capitale.<\/p>\n<p class=\"paragraph text_align_left lp-f-body-02\">Selon une source polici\u00e8re, l\u2019incident s\u2019est produit peu apr\u00e8s 17 heures, au niveau du 271 rue Saint-Honor\u00e9, \u00e0 quelques pas du jardin des Tuileries. La victime, un ressortissant anglo-canadien, se promenait lorsqu\u2019un individu l\u2019a surpris par derri\u00e8re et lui a arrach\u00e9 sa montre de luxe. Selon nos informations, la valeur de ce bijou de la marque d\u2019horlogerie suisse Patek Philippe est estim\u00e9e \u00e0 200 000 euros.<\/p>\n<p>Un ph\u00e9nom\u00e8ne r\u00e9current<\/p>\n<p class=\"paragraph text_align_left lp-f-body-02\">Un t\u00e9moin de la sc\u00e8ne a tent\u00e9 de rattraper le voleur, mais ce dernier a r\u00e9ussi \u00e0 prendre la fuite en direction du jardin des Tuileries, se fondant probablement dans la foule des passants et des touristes. La victime, choqu\u00e9e mais non bless\u00e9e, a imm\u00e9diatement d\u00e9pos\u00e9 plainte aupr\u00e8s des services de police. L\u2019enqu\u00eate a \u00e9t\u00e9 confi\u00e9e aux services territoriaux judiciaires de nuit (STJN), a pr\u00e9cis\u00e9 une source proche du dossier.<\/p>\n<p class=\"paragraph text_align_left lp-f-body-02\">Ce type de vol ciblant des montres de luxe est un <a href=\"https:\/\/www.leparisien.fr\/faits-divers\/trois-hommes-ecroues-a-paris-apres-le-vol-dune-montre-a-un-million-de-dollars-24-03-2024-3ARDKQKMPZGCJHTPYVDCZY5C6Q.php#:~:text=91%20%C2%B7%20Essonne-,%C2%AB%20Un%20mod%C3%A8le%20serti%20de%20diamants%20%C2%BB%20%3A%20trois%20hommes%20%C3%A9crou%C3%A9s%20%C3%A0,la%20S%C3%BBret%C3%A9%20Territoriale%20de%20Paris.\" target=\"_blank\" rel=\"noreferrer nofollow noopener\">ph\u00e9nom\u00e8ne r\u00e9current<\/a> \u00e0 Paris, particuli\u00e8rement dans les quartiers hupp\u00e9s et touristiques. Les malfaiteurs, souvent organis\u00e9s en bandes, n\u2019h\u00e9sitent pas \u00e0 <a href=\"https:\/\/www.leparisien.fr\/faits-divers\/paris-un-jeune-interpelle-apres-une-agression-a-coups-de-batte-pour-voler-une-montre-a-580-000-euros-14-02-2024-BIM5YZ2WTVCIFGMWTX4KV5VFCY.php\" target=\"_blank\" rel=\"noreferrer nofollow noopener\">user de violence<\/a> pour s\u2019emparer de ces pr\u00e9cieux accessoires, revendus ensuite sur le march\u00e9 noir. La rue Saint-Honor\u00e9, avec ses boutiques de cr\u00e9ateurs et ses palaces, attire une client\u00e8le fortun\u00e9e, faisant d\u2019elle un terrain de chasse idoine pour les voleurs.<\/p>\n","protected":false},"excerpt":{"rendered":"En plein c\u0153ur de Paris, mieux vaut \u00e9viter les lignes ostentatoires de richesse\u2026 Un touriste canadien a \u00e9t\u00e9&hellip;\n","protected":false},"author":2,"featured_media":207235,"comment_status":"","ping_status":"","sticky":false,"template":"","format":"standard","meta":{"footnotes":""},"categories":[1888],"tags":[1111,1928,11,1927,1777,674,118,1011,27,1944,12,1926,626,1925,25],"class_list":{"0":"post-207234","1":"post","2":"type-post","3":"status-publish","4":"format-standard","5":"has-post-thumbnail","7":"category-paris","8":"tag-actu","9":"tag-actu-paris","10":"tag-actualites","11":"tag-actualites-paris","12":"tag-eu","13":"tag-europe","14":"tag-faits-divers","15":"tag-fr","16":"tag-france","17":"tag-ma-ville","18":"tag-news","19":"tag-news-paris","20":"tag-paris","21":"tag-paris-news","22":"tag-republique-francaise"},"share_on_mastodon":{"url":"https:\/\/pubeurope.com\/@fr\/114752862586399538","error":""},"_links":{"self":[{"href":"https:\/\/www.europesays.com\/fr\/wp-json\/wp\/v2\/posts\/207234","targetHints":{"allow":["GET"]}}],"collection":[{"href":"https:\/\/www.europesays.com\/fr\/wp-json\/wp\/v2\/posts"}],"about":[{"href":"https:\/\/www.europesays.com\/fr\/wp-json\/wp\/v2\/types\/post"}],"author":[{"embeddable":true,"href":"https:\/\/www.europesays.com\/fr\/wp-json\/wp\/v2\/users\/2"}],"replies":[{"embeddable":true,"href":"https:\/\/www.europesays.com\/fr\/wp-json\/wp\/v2\/comments?post=207234"}],"version-history":[{"count":0,"href":"https:\/\/www.europesays.com\/fr\/wp-json\/wp\/v2\/posts\/207234\/revisions"}],"wp:featuredmedia":[{"embeddable":true,"href":"https:\/\/www.europesays.com\/fr\/wp-json\/wp\/v2\/media\/207235"}],"wp:attachment":[{"href":"https:\/\/www.europesays.com\/fr\/wp-json\/wp\/v2\/media?parent=207234"}],"wp:term":[{"taxonomy":"category","embeddable":true,"href":"https:\/\/www.europesays.com\/fr\/wp-json\/wp\/v2\/categories?post=207234"},{"taxonomy":"post_tag","embeddable":true,"href":"https:\/\/www.europesays.com\/fr\/wp-json\/wp\/v2\/tags?post=207234"}],"curies":[{"name":"wp","href":"https:\/\/api.w.org\/{rel}","templated":true}]}}